{"id":649220,"date":"2026-01-08T11:14:16","date_gmt":"2026-01-08T11:14:16","guid":{"rendered":"https:\/\/www.europesays.com\/fr\/649220\/"},"modified":"2026-01-08T11:14:16","modified_gmt":"2026-01-08T11:14:16","slug":"tempete-goretti-une-bombe-meteorologique-attendue-dans-la-nuit-de-jeudi-sur-la-france","status":"publish","type":"post","link":"https:\/\/www.europesays.com\/fr\/649220\/","title":{"rendered":"Temp\u00eate Goretti : une bombe m\u00e9t\u00e9orologique attendue dans la nuit de jeudi sur la France"},"content":{"rendered":"<p>La pression au c\u0153ur de la d\u00e9pression devrait en effet chuter d\u2019environ 40 hPa en moins de 24 heures, passant de 1010 hPa au large de la France mercredi soir \u00e0 environ 970 hPa en Manche vendredi matin, lors de son passage au plus pr\u00e8s du pays. Une telle intensification rapide sera \u00e0 l\u2019origine de vents temp\u00e9tueux. C&rsquo;est aussi en raison de cette chute rapide de pression que cette d\u00e9pression est qualifi\u00e9e de <a target=\"_blank\" rel=\"noopener noreferrer\" href=\"https:\/\/actualite.lachainemeteo.com\/actualite-meteo\/2025-10-22\/bombe-meteorologique-un-phenomene-explosif-a-l-origine-des-tempetes-les-plus-fortes-82394\"><strong>\u00ab\u00a0bombe m\u00e9t\u00e9orologique\u00a0\u00bb<\/strong><\/a>.<\/p>\n<p><strong>Des rafales atteignant jusqu\u2019\u00e0 140 km\/h sur le littoral de la Manche<\/strong><\/p>\n<p>Les premiers effets se feront sentir jeudi soir sur la Bretagne, avec un renforcement progressif du vent. Dans la nuit, la d\u00e9pression se creusera rapidement en remontant vers la Manche. Vendredi matin, les conditions les plus agit\u00e9es sont attendues sur les c\u00f4tes de la Manche, o\u00f9 les rafales pourront atteindre 120 \u00e0 130 km\/h, localement 140 km\/h sur les secteurs les plus expos\u00e9s. Dans l\u2019int\u00e9rieur des terres, notamment au nord de la Seine, des rafales de 90 \u00e0 100 km\/h sont possibles.<\/p>\n<p>\n            <img loading=\"lazy\" decoding=\"async\" class=\"lazyload\" bad-src=\"data:image\/png;base64,R0lGODlhAQABAAD\/ACwAAAAAAQABAAACADs=\" src=\"https:\/\/www.europesays.com\/fr\/wp-content\/uploads\/2026\/01\/1767870855_96_658x370_80_300_000000x30x0.jpg\"   width=\"658\" height=\"370\"\/><br \/>\n                Rafales maximales pr\u00e9vues lors du passage de la temp\u00eate Goretti \u00a9 <\/p>\n<p><strong>L\u2019\u00cele-de-France impact\u00e9e par des vents forts<\/strong><\/p>\n<p>En \u00cele-de-France, la temp\u00eate Goretti pourrait engendrer un \u00e9pisode de vents forts, principalement en fin de nuit de jeudi \u00e0 vendredi et en d\u00e9but de matin\u00e9e. Les rafales pourraient atteindre 80 \u00e0 90 km\/h, y compris dans Paris, avec des pointes localement proches de 100 km\/h au nord de la r\u00e9gion. De telles valeurs sont susceptibles d\u2019entra\u00eener des chutes de branches ou d\u2019arbres fragilis\u00e9s, ainsi que des perturbations des transports, notamment vendredi matin \u00e0 l\u2019heure de pointe.<\/p>\n<p><strong>Fortes vagues mais faible risque de submersion<\/strong><\/p>\n<p>\n            <img loading=\"lazy\" decoding=\"async\" class=\"lazyload\" bad-src=\"data:image\/png;base64,R0lGODlhAQABAAD\/ACwAAAAAAQABAAACADs=\" src=\"https:\/\/www.europesays.com\/fr\/wp-content\/uploads\/2026\/01\/1767870856_355_658x370_80_300_000000x30x0.jpg\"   width=\"658\" height=\"370\"\/><br \/>\n                Temp\u00eate Goretti : vagues pr\u00e9vues  \u00a9 <\/p>\n<p>Sur le littoral atlantique et de la Manche, des vagues de 5 \u00e0 6 m\u00e8tres sont attendues, notamment sur la Bretagne et le Cotentin. Toutefois, les coefficients de mar\u00e9e compris entre 72 et 66 limiteront le risque de submersion marine, m\u00eame si des conditions difficiles sont \u00e0 pr\u00e9voir en mer et sur le littoral expos\u00e9.<\/p>\n<p><strong>Quelques doutes persistent sur l\u2019intensit\u00e9 du ph\u00e9nom\u00e8ne<\/strong><\/p>\n<p>Apr\u00e8s le passage de la d\u00e9pression sur le nord du pays, les vents pourront de nouveau se renforcer vendredi apr\u00e8s-midi dans le sud, en particulier au pied des Pyr\u00e9n\u00e9es, sur les massifs du Massif central et en M\u00e9diterran\u00e9e, avec des rafales pouvant atteindre 80 \u00e0 90 km\/h.<\/p>\n<p>Il subsiste par ailleurs une incertitude sur la localisation exacte du centre d\u00e9pressionnaire, susceptible de d\u00e9caler les zones les plus expos\u00e9es. \u00c0 ce stade, METEO CONSULT privil\u00e9gie le sc\u00e9nario m\u00e9dian, mais certains sc\u00e9narios plus pessimistes envisagent des rafales pouvant localement d\u00e9passer 150 km\/h sur les c\u00f4tes de la Manche et 110 km\/h en \u00cele-de-France. Ces hypoth\u00e8ses restent pour le moment minoritaires, mais justifient une surveillance attentive de l\u2019\u00e9volution des pr\u00e9visions dans les prochaines heures avec des ajustements \u00e0 la hausse comme \u00e0 la baisse des rafales envisag\u00e9es. <\/p>\n","protected":false},"excerpt":{"rendered":"La pression au c\u0153ur de la d\u00e9pression devrait en effet chuter d\u2019environ 40 hPa en moins de 24&hellip;\n","protected":false},"author":2,"featured_media":649221,"comment_status":"","ping_status":"","sticky":false,"template":"","format":"standard","meta":{"footnotes":""},"categories":[4],"tags":[11,1011,27,12,25],"class_list":{"0":"post-649220","1":"post","2":"type-post","3":"status-publish","4":"format-standard","5":"has-post-thumbnail","7":"category-france","8":"tag-actualites","9":"tag-fr","10":"tag-france","11":"tag-news","12":"tag-republique-francaise"},"share_on_mastodon":{"url":"https:\/\/pubeurope.com\/@fr\/115859191550417792","error":""},"_links":{"self":[{"href":"https:\/\/www.europesays.com\/fr\/wp-json\/wp\/v2\/posts\/649220","targetHints":{"allow":["GET"]}}],"collection":[{"href":"https:\/\/www.europesays.com\/fr\/wp-json\/wp\/v2\/posts"}],"about":[{"href":"https:\/\/www.europesays.com\/fr\/wp-json\/wp\/v2\/types\/post"}],"author":[{"embeddable":true,"href":"https:\/\/www.europesays.com\/fr\/wp-json\/wp\/v2\/users\/2"}],"replies":[{"embeddable":true,"href":"https:\/\/www.europesays.com\/fr\/wp-json\/wp\/v2\/comments?post=649220"}],"version-history":[{"count":0,"href":"https:\/\/www.europesays.com\/fr\/wp-json\/wp\/v2\/posts\/649220\/revisions"}],"wp:featuredmedia":[{"embeddable":true,"href":"https:\/\/www.europesays.com\/fr\/wp-json\/wp\/v2\/media\/649221"}],"wp:attachment":[{"href":"https:\/\/www.europesays.com\/fr\/wp-json\/wp\/v2\/media?parent=649220"}],"wp:term":[{"taxonomy":"category","embeddable":true,"href":"https:\/\/www.europesays.com\/fr\/wp-json\/wp\/v2\/categories?post=649220"},{"taxonomy":"post_tag","embeddable":true,"href":"https:\/\/www.europesays.com\/fr\/wp-json\/wp\/v2\/tags?post=649220"}],"curies":[{"name":"wp","href":"https:\/\/api.w.org\/{rel}","templated":true}]}}