{"id":649222,"date":"2026-01-08T11:15:10","date_gmt":"2026-01-08T11:15:10","guid":{"rendered":"https:\/\/www.europesays.com\/fr\/649222\/"},"modified":"2026-01-08T11:15:10","modified_gmt":"2026-01-08T11:15:10","slug":"quel-avenir-pour-brooks-koepka-apres-son-depart-du-liv","status":"publish","type":"post","link":"https:\/\/www.europesays.com\/fr\/649222\/","title":{"rendered":"Quel avenir pour Brooks Koepka apr\u00e8s son d\u00e9part du LIV ?"},"content":{"rendered":"<p>\t\t\t\t\t\t<img width=\"770\" height=\"556\" src=\"https:\/\/www.europesays.com\/fr\/wp-content\/uploads\/2026\/01\/brooks-koepka-nathan-cardetgolf-planete-2-770x556.jpg\" class=\"img-responsive wp-post-image\" alt=\"\" decoding=\"async\" fetchpriority=\"high\"  \/>\t\t\t\t\t<\/p>\n<p>\t\t\t\t\t\t Partager cet article <\/p>\n<p class=\"screen-reader-text juiz_sps_maybe_hidden_text\">Partager la publication \u00ab\u00a0Quel avenir pour Brooks Koepka apr\u00e8s son d\u00e9part du LIV ?\u00a0\u00bb<\/p>\n<p><strong>Apr\u00e8s avoir rompu son contrat avec le LIV Golf, Brooks Koepka, l\u2019ancien n\u00b01 mondial, ne sait pas encore officiellement \u00e0 quoi ressemblera sa saison 2026. Et \u00e0 en croire certains, le flou r\u00e8gne concernant les sanctions appliqu\u00e9es par le PGA Tour.\u00a0<\/strong><\/p>\n<p><strong>H.D.<\/strong><\/p>\n<p>Juste avant No\u00ebl, <a href=\"https:\/\/www.golfplanete.com\/actualites\/coup-de-tonnerre-brooks-koepka-quitte-le-liv-golf\/\" target=\"_blank\" rel=\"noopener\">Brooks Koepka et le LIV annon\u00e7aient leur s\u00e9paration d\u2019un commun accord.<\/a> Pour l\u2019heure, l\u2019ancien n\u00b01 mondial n\u2019a pas d\u00e9voil\u00e9 ses plans et sur quel circuit il \u00e9voluera. Il est certain qu\u2019il sera pr\u00e9sent lors des quatre Majeurs. <a href=\"https:\/\/www.si.com\/golf\/liv-golfer-staggering-suspension-brooks-koepka-future\" target=\"_blank\" rel=\"noopener\">Selon le site Sports Illustrated,<\/a> aucune sanction n\u2019a \u00e9t\u00e9 officiellement prononc\u00e9e par le <strong>PGA Tour<\/strong> mais la politique du principal circuit de golf professionnel au monde est claire : les joueurs du <strong>LIV Golf<\/strong> ne pourront pas participer aux \u00e9v\u00e9nements du PGA tour, pas m\u00eame aux qualifications du lundi.\u00a0<\/p>\n<p>Hudson Swafford et le flou des sanctions<\/p>\n<p>Autre joueur sous le coup d\u2019une lourde sanction, <strong>Hudson Swafford<\/strong> a \u00e9t\u00e9 membre du circuit saoudien de 2022 \u00e0 2024 avant d\u2019\u00eatre rel\u00e9gu\u00e9. Interrog\u00e9 par Sports Illustrated, le triple vainqueur du PGA Tour explique que le plus grand flou pr\u00e9domine \u00e0 l\u2019application des sanctions : \u00ab Il n\u2019y a vraiment aucune clart\u00e9 \u00e0 ce sujet, ils font ce qu\u2019ils veulent. Je pense qu\u2019ils feront des choix sur qui ils suspendront afin de pouvoir avancer. \u00bb<\/p>\n<p>Ag\u00e9 de 38 ans, Swafford a \u00e9cop\u00e9 d\u2019une suspension d\u2019un an pour chaque \u00e9v\u00e9nement du LIV disput\u00e9 \u00e0 partir de 2022. Il est ainsi suspendu jusqu\u2019en 2027. Brooks Koepka, lui, pourrait \u00eatre \u00e9cart\u00e9 pour la dur\u00e9e de l\u2019ann\u00e9e 2026.<\/p>\n<p>Actuellement salari\u00e9 dans l\u2019immobilier, Hudson Swafford envisage toutefois un retour dans le golf professionnel pour l\u2019ann\u00e9e prochaine, mais avec des droits de jeu r\u00e9duits.\u00a0<\/p>\n<p>Photo : Nathan Cardet \/ Golf Plane\u0300te<\/p>\n","protected":false},"excerpt":{"rendered":"Partager cet article Partager la publication \u00ab\u00a0Quel avenir pour Brooks Koepka apr\u00e8s son d\u00e9part du LIV ?\u00a0\u00bb Apr\u00e8s&hellip;\n","protected":false},"author":2,"featured_media":649223,"comment_status":"","ping_status":"","sticky":false,"template":"","format":"standard","meta":{"footnotes":""},"categories":[1418],"tags":[1011,27,1472,60],"class_list":{"0":"post-649222","1":"post","2":"type-post","3":"status-publish","4":"format-standard","5":"has-post-thumbnail","7":"category-golf","8":"tag-fr","9":"tag-france","10":"tag-golf","11":"tag-sports"},"share_on_mastodon":{"url":"https:\/\/pubeurope.com\/@fr\/115859195440694196","error":""},"_links":{"self":[{"href":"https:\/\/www.europesays.com\/fr\/wp-json\/wp\/v2\/posts\/649222","targetHints":{"allow":["GET"]}}],"collection":[{"href":"https:\/\/www.europesays.com\/fr\/wp-json\/wp\/v2\/posts"}],"about":[{"href":"https:\/\/www.europesays.com\/fr\/wp-json\/wp\/v2\/types\/post"}],"author":[{"embeddable":true,"href":"https:\/\/www.europesays.com\/fr\/wp-json\/wp\/v2\/users\/2"}],"replies":[{"embeddable":true,"href":"https:\/\/www.europesays.com\/fr\/wp-json\/wp\/v2\/comments?post=649222"}],"version-history":[{"count":0,"href":"https:\/\/www.europesays.com\/fr\/wp-json\/wp\/v2\/posts\/649222\/revisions"}],"wp:featuredmedia":[{"embeddable":true,"href":"https:\/\/www.europesays.com\/fr\/wp-json\/wp\/v2\/media\/649223"}],"wp:attachment":[{"href":"https:\/\/www.europesays.com\/fr\/wp-json\/wp\/v2\/media?parent=649222"}],"wp:term":[{"taxonomy":"category","embeddable":true,"href":"https:\/\/www.europesays.com\/fr\/wp-json\/wp\/v2\/categories?post=649222"},{"taxonomy":"post_tag","embeddable":true,"href":"https:\/\/www.europesays.com\/fr\/wp-json\/wp\/v2\/tags?post=649222"}],"curies":[{"name":"wp","href":"https:\/\/api.w.org\/{rel}","templated":true}]}}