{"id":649236,"date":"2026-01-08T11:25:25","date_gmt":"2026-01-08T11:25:25","guid":{"rendered":"https:\/\/www.europesays.com\/fr\/649236\/"},"modified":"2026-01-08T11:25:25","modified_gmt":"2026-01-08T11:25:25","slug":"dans-une-ville-cotiere-des-cotes-darmor-cette-etonnante-maison-rose-a-une-sacree-histoire","status":"publish","type":"post","link":"https:\/\/www.europesays.com\/fr\/649236\/","title":{"rendered":"Dans une ville c\u00f4ti\u00e8re des C\u00f4tes-d&rsquo;Armor, cette \u00e9tonnante maison rose a une \u00ab\u00a0sacr\u00e9e\u00a0\u00bb histoire&#8230;"},"content":{"rendered":"<p>                    Par<br \/>\n        <strong><br \/>\n            <a href=\"https:\/\/actu.fr\/auteur\/nathalie-jaffray\" title=\"Consulter tous les articles de Nathalie Bot-Jaffray\" target=\"_blank\" rel=\"noopener\">Nathalie Bot-Jaffray<\/a><br \/>\n                    <\/strong><\/p>\n<p>        Publi\u00e9 le<\/p>\n<p>            7 janv. 2026 \u00e0 19h10        <\/p>\n<p>Vous l\u2019avez s\u00fbrement remarqu\u00e9 lors d\u2019une visite de la station baln\u00e9aire de<b> Saint-Quay-Portrieux<\/b> (C\u00f4tes-d\u2019Armor). Comme sorti d\u2019un d\u00e9cor de Walt Disney, ce haut et<b> \u00e9trange pignon<\/b>, teint\u00e9 de vieux rose, ne passe pas inaper\u00e7u dans le quartier de la plage du Casino.<\/p>\n<p class=\" wall-content\">S\u2019\u00e9levant dans le ciel, au 13 de la rue Jeanne-d\u2019Arc, \u00e0 deux pas de l\u2019office de tourisme, cette construction de <b>style n\u00e9om\u00e9di\u00e9val <\/b>\u00e9tonne par son architecture, son \u00e9troitesse, sa tourelle et ses deux bow-windows en fa\u00e7ade.<\/p>\n<p class=\" wall-content\">\u00ab\u2009De plan atypique, elle est \u00e9difi\u00e9e sur une parcelle d\u2019angle et comprend un sous-sol, un rez-de-chauss\u00e9e abritant une boutique, deux \u00e9tages carr\u00e9s et un \u00e9tage en surcro\u00eet\u2009\u00bb, d\u00e9taille le Minist\u00e8re de la culture sur sa plateforme en ligne d\u00e9di\u00e9e au patrimoine.<\/p>\n<p>Un pied de nez aux religieuses<\/p>\n<p class=\" wall-content\">Construit en 1900, <a href=\"https:\/\/actu.fr\/bretagne\/saint-quay-portrieux_22325\/en-bretagne-au-bord-de-la-mer-decouvrez-cette-magnifique-balade-aux-allures-1900_62036638.html\" target=\"_blank\" rel=\"noopener\">en plein essor de la station baln\u00e9aire<\/a>, ce b\u00e2timent de briques et de granit est l\u2019\u0153uvre de <b>l\u2019architecte parisien <\/b>Eug\u00e8ne Mac\u00e9. Il a r\u00e9pondu l\u00e0 \u00e0 la demande bien particuli\u00e8re d\u2019un <b>commer\u00e7ant <\/b>de l\u2019\u00e9poque\u2026<\/p>\n<p>    <img   decoding=\"async\" loading=\"lazy\" class=\"size-large\" src=\"https:\/\/www.europesays.com\/fr\/wp-content\/uploads\/2026\/01\/d6565f627e5961b565f627e59fe565v-960x640.jpg\" alt=\"maison rose Saint-Quay-Portrieux\" width=\"960\" height=\"640\"\/><br \/>\n    Une construction \u00e9tonnamment \u00e9troite. \u00a9Nathalie BOT-JAFFRAY<\/p>\n<p class=\" wall-content\">Selon l\u2019office de tourisme de Saint-Quay-Portrieux, qui raconte cette histoire lors de ses balades guid\u00e9es,<b> la Maison Ty Huel<\/b> (\u00ab\u00a0Maison haute en breton) est \u00ab\u00a0un pied de nez\u00a0\u00bb \u00e0 ses<b> voisines religieuses <\/b>de l\u2019\u00e9poque\u2026<\/p>\n<p class=\" wall-content\">\u00ab\u2009En 1890, un monsieur d\u00e9sireux de faire construire un magasin saisonnier voulut adjoindre un petit logement attenant \u00e0 celui-ci, ce qui lui aurait permis d\u2019\u00eatre toujours pr\u00e9sent sur son lieu de travail.\u2009\u00bb<\/p>\n<p>Votre r\u00e9gion, votre actu !<\/p>\n<p>Recevez chaque jour les infos qui comptent pour vous.<\/p>\n<p>\t<a href=\"https:\/\/actu.fr\/newsletter\" class=\"ac-btn ac-btn--corner ac-btn--medium ac-btn--blue800\" target=\"_blank\" rel=\"noopener\">S&rsquo;incrire<\/a><\/p>\n<p class=\" wall-content\">Faute de place pour ce projet, il s\u2019adressa \u00e0 sa voisine, la M\u00e8re sup\u00e9rieure de la congr\u00e9gation des Dames des Sacr\u00e9s-C\u0153urs de J\u00e9sus et Marie, afin de n\u00e9gocier l\u2019achat d\u2019une petite parcelle de terrain de la communaut\u00e9.<\/p>\n<blockquote class=\"ac-article-quote wall-content\">\n<p>\u00ab\u2009La M\u00e8re sup\u00e9rieure rejeta l\u2019offre, souhaitant conserver la vue sur mer imprenable dont b\u00e9n\u00e9ficiait son couvent. Qu\u2019\u00e0 cela ne tienne\u2009! Ce monsieur, ne pouvant \u00e9largir sa construction au sol, d\u00e9cida de le faire en hauteur\u2009! Il fit appel aux talents de l\u2019architecte parisien Eug\u00e8ne Mac\u00e9 et lui demanda d\u2019\u00e9riger la tour la plus haute et la plus large possible. Ce fut fait, obstruant au passage la vue sur mer \u00e0 de nombreuses chambres du couvent\u2026\u2009\u00bb<\/p>\n<p>L\u2019office de tourisme<\/p><\/blockquote>\n<p class=\" wall-content\">Aujourd\u2019hui, la Maison Ty Huel de<a href=\"https:\/\/actu.fr\/bretagne\/saint-quay-portrieux_22325\" target=\"_blank\" rel=\"noopener\"> Saint-Quay-Portrieux<\/a> abrite, au-dessus du comptoir de pizzas \u00e0 emporter, deux appartements \u00e0 l\u2019agencement atypique pour de la location saisonni\u00e8re.<\/p>\n<p>    <img   decoding=\"async\" loading=\"lazy\" class=\"size-large\" src=\"https:\/\/www.europesays.com\/fr\/wp-content\/uploads\/2026\/01\/81c843627e59685c843627e5949c84v-960x640.jpg\" alt=\"maison rose Saint-Quay-Portrieux\" width=\"960\" height=\"640\"\/><br \/>\n    La maison est situ\u00e9e au 13 de la rue Jeanne-d\u2019Arc, \u00e0 deux pas de l\u2019office de tourisme de Saint-Quay-Portrieux (C\u00f4tes-d\u2019Armor). \u00a9Nathalie BOT-JAFFRAY<\/p>\n<p class=\" wall-content\">Personnalisez votre actualit\u00e9 en ajoutant vos villes et m\u00e9dias en favori avec <a href=\"https:\/\/moncompte.actu.fr\" title=\"D\u00e9couvez Mon Actu\" rel=\"nofollow noopener\" data-trk=\"{&quot;cta&quot;:{&quot;action&quot;:&quot;https:\\\/\\\/moncompte.actu.fr&quot;,&quot;category&quot;:&quot;mon compte&quot;,&quot;from&quot;:&quot;article footer&quot;,&quot;name&quot;:&quot;Mon actu&quot;,&quot;type&quot;:&quot;cta&quot;}}\" target=\"_blank\">Mon Actu<\/a>.<\/p>\n","protected":false},"excerpt":{"rendered":"Par Nathalie Bot-Jaffray Publi\u00e9 le 7 janv. 2026 \u00e0 19h10 Vous l\u2019avez s\u00fbrement remarqu\u00e9 lors d\u2019une visite de&hellip;\n","protected":false},"author":2,"featured_media":649237,"comment_status":"","ping_status":"","sticky":false,"template":"","format":"standard","meta":{"footnotes":""},"categories":[1358],"tags":[1348,1384,1385,1386,58,59,1011,27,1757,2142,2551,104],"class_list":{"0":"post-649236","1":"post","2":"type-post","3":"status-publish","4":"format-standard","5":"has-post-thumbnail","7":"category-arts-et-design","8":"tag-arts","9":"tag-arts-and-design","10":"tag-arts-et-design","11":"tag-design","12":"tag-divertissement","13":"tag-entertainment","14":"tag-fr","15":"tag-france","16":"tag-insolite","17":"tag-maison","18":"tag-patrimoine","19":"tag-societe"},"share_on_mastodon":{"url":"https:\/\/pubeurope.com\/@fr\/115859234783594120","error":""},"_links":{"self":[{"href":"https:\/\/www.europesays.com\/fr\/wp-json\/wp\/v2\/posts\/649236","targetHints":{"allow":["GET"]}}],"collection":[{"href":"https:\/\/www.europesays.com\/fr\/wp-json\/wp\/v2\/posts"}],"about":[{"href":"https:\/\/www.europesays.com\/fr\/wp-json\/wp\/v2\/types\/post"}],"author":[{"embeddable":true,"href":"https:\/\/www.europesays.com\/fr\/wp-json\/wp\/v2\/users\/2"}],"replies":[{"embeddable":true,"href":"https:\/\/www.europesays.com\/fr\/wp-json\/wp\/v2\/comments?post=649236"}],"version-history":[{"count":0,"href":"https:\/\/www.europesays.com\/fr\/wp-json\/wp\/v2\/posts\/649236\/revisions"}],"wp:featuredmedia":[{"embeddable":true,"href":"https:\/\/www.europesays.com\/fr\/wp-json\/wp\/v2\/media\/649237"}],"wp:attachment":[{"href":"https:\/\/www.europesays.com\/fr\/wp-json\/wp\/v2\/media?parent=649236"}],"wp:term":[{"taxonomy":"category","embeddable":true,"href":"https:\/\/www.europesays.com\/fr\/wp-json\/wp\/v2\/categories?post=649236"},{"taxonomy":"post_tag","embeddable":true,"href":"https:\/\/www.europesays.com\/fr\/wp-json\/wp\/v2\/tags?post=649236"}],"curies":[{"name":"wp","href":"https:\/\/api.w.org\/{rel}","templated":true}]}}