{"id":649238,"date":"2026-01-08T11:27:16","date_gmt":"2026-01-08T11:27:16","guid":{"rendered":"https:\/\/www.europesays.com\/fr\/649238\/"},"modified":"2026-01-08T11:27:16","modified_gmt":"2026-01-08T11:27:16","slug":"il-nest-pas-question-de-dire","status":"publish","type":"post","link":"https:\/\/www.europesays.com\/fr\/649238\/","title":{"rendered":"\u00ab Il n&rsquo;est pas question de dire\u2026 \u00bb\u00a0"},"content":{"rendered":"<p>Par <a class=\"author_recette\" id=\"author_name\" href=\"https:\/\/www.nextplz.fr\/auteur\/yvan-styve\" target=\"_blank\" rel=\"noopener\">Yvan Styve<\/a><br \/>\n&#8211; Publi\u00e9 le<br \/>\n08 Jan 2026 \u00e0<br \/>\n10:00<\/p>\n<p class=\"article-intro excerpt\">L\u2019hommage national \u00e0 Brigitte<br \/>\nBardot d\u00e9clenche une pol\u00e9mique explosive sur C \u00e0 vous. Les<br \/>\nchroniqueurs s\u2019affrontent violemment sur l\u2019h\u00e9ritage politique<br \/>\nsulfureux de l\u2019ic\u00f4ne fran\u00e7aise.<\/p>\n<p><img width=\"750\" height=\"410\" src=\"data:image\/svg+xml,%3Csvg%20xmlns=\" http:=\"\" class=\"img-responsive alignnone size-full pinit-here zoom-it\" alt=\"gros-malaise-sur-un-plateau-tele-une-chroniqueuse-sort-les-griffes-le-sujet-brigitte-bardot-fait-exploser-en-plein-direct-il-nest-pas-question-de-dire\" fetchpriority=\"high\" data-lazyloading=\"false\" decoding=\"async\" data-lazy-src=\"https:\/\/www.europesays.com\/fr\/wp-content\/uploads\/2026\/01\/gros-malaise-sur-un-plateau-tele-une-chroniqueuse-sort-les-griffes-le-sujet-brigitte-bardot-fait-exp.jpeg\"\/><\/p>\n<p>\u00a9 France 2<\/p>\n<p>Les obs\u00e8ques de Brigitte Bardot d\u00e9clenchent imm\u00e9diatement une<br \/>\ntemp\u00eate m\u00e9diatique sur les plateaux t\u00e9l\u00e9vis\u00e9s fran\u00e7ais. Le mercredi<br \/>\n7 janvier, alors que la nation rend hommage \u00e0 l\u00a0\u00bbactrice disparue, C<br \/>\n\u00e0 vous devient le th\u00e9\u00e2tre d&rsquo;un affrontement verbal sans pr\u00e9c\u00e9dent.<br \/>\nPar cons\u00e9quent, Anne-\u00c9lisabeth Lemoine et ses invit\u00e9s plongent dans<br \/>\nles zones d&rsquo;ombre de l&rsquo;engagement politique de la star. Les<br \/>\nr\u00e9v\u00e9lations sur ses liens avec l&rsquo;extr\u00eame droite provoquent ainsi<br \/>\ndes r\u00e9actions passionn\u00e9es et contradictoires. N\u00e9anmoins, c&rsquo;est la<br \/>\npr\u00e9sentation d&rsquo;une photographie historique qui met v\u00e9ritablement le<br \/>\nfeu aux poudres entre les chroniqueurs et voici pourquoi.<\/p>\n<p>La photo compromettante qui d\u00e9clenche les hostilit\u00e9s entre<br \/>\nchroniqueurs<br \/>\n<a href=\"https:\/\/www.europesays.com\/fr\/wp-content\/uploads\/2026\/01\/1767871636_510_gros-malaise-sur-un-plateau-tele-une-chroniqueuse-sort-les-griffes-le-sujet-brigitte-bardot-fait-exp.jpeg\"><br \/>\n<img loading=\"lazy\" decoding=\"async\" width=\"1200\" height=\"460\" itemprop=\"thumbnailUrl\" src=\"data:image\/svg+xml,%3Csvg%20xmlns=\" http:=\"\" alt=\"Photographie montrant Brigitte Bardot aux c\u00f4t\u00e9s de Jean-Marie Le Pen et de Pierre Lagaillarde pr\u00e9sent\u00e9e par Louis Amar\" class=\"wp-image-526483 img-responsive\" data-lazy-src=\"https:\/\/www.europesays.com\/fr\/wp-content\/uploads\/2026\/01\/1767871636_510_gros-malaise-sur-un-plateau-tele-une-chroniqueuse-sort-les-griffes-le-sujet-brigitte-bardot-fait-exp.jpeg\"\/><\/a> \u00a9 France 2<\/p>\n<p>Photographie montrant Brigitte Bardot aux c\u00f4t\u00e9s de Jean-Marie Le<br \/>\nPen et de Pierre Lagaillarde pr\u00e9sent\u00e9e par Louis Amar<\/p>\n<p>Anne-\u00c9lisabeth Lemoine ouvre le d\u00e9bat en d\u00e9voilant un clich\u00e9<br \/>\ncontrovers\u00e9 datant des ann\u00e9es 50. En effet, l&rsquo;image montre Brigitte<br \/>\nBardot aux c\u00f4t\u00e9s de Jean-Marie Le Pen, alors simple d\u00e9put\u00e9<br \/>\naccompagnant des soldats fran\u00e7ais bless\u00e9s en Alg\u00e9rie. Louis Amar<br \/>\npr\u00e9cise d&rsquo;ailleurs que Pierre Lagaillarde, co-fondateur futur de<br \/>\nl&rsquo;OAS, figure \u00e9galement sur cette photographie explosive.<br \/>\nCependant, Mireille Dumas et Yves Bigot r\u00e9agissent instantan\u00e9ment<br \/>\navec v\u00e9h\u00e9mence contre cette pr\u00e9sentation qu&rsquo;ils jugent r\u00e9ductrice<br \/>\net injuste. \u00ab Je souhaite intervenir parce que c&rsquo;est elle qui a<br \/>\neu le plus grand courage pour lutter contre l&rsquo;OAS \u00bb, lance<br \/>\nYves Bigot avec fermet\u00e9. Le journaliste riposte froidement : \u00ab<br \/>\nBien s\u00fbr, il n&rsquo;est pas question de dire qu&rsquo;elle \u00e9tait soutienne<br \/>\nde l&rsquo;OAS \u00bb.<\/p>\n<p>Le racket de l&rsquo;OAS r\u00e9v\u00e8le une autre facette de Brigitte Bardot<\/p>\n<p>En novembre 1961, l&rsquo;actrice re\u00e7oit effectivement une lettre de<br \/>\nmenace r\u00e9clamant 50 000 francs pour financer les activit\u00e9s de<br \/>\nl&rsquo;OAS. \u00ab L&rsquo;inex\u00e9cution de cet ordre am\u00e8ne l&rsquo;entr\u00e9e en action<br \/>\ndes sections sp\u00e9ciales de l&rsquo;OAS \u00bb, stipule clairement le<br \/>\ncourrier intimidant adress\u00e9 \u00e0 la star. Toutefois, Brigitte Bardot,<br \/>\n<a href=\"https:\/\/www.nextplz.fr\/people\/526346-brigitte-bardot-et-la-chirurgie-esthetique-toujours-impeccable-la-verite-vraie-sur-sa-plastique-et-les-speculations\" target=\"_blank\" rel=\"noopener\"><br \/>\ndont la plastique a toujours sucit\u00e9 un curieux myst\u00e8re<\/a>, refuse<br \/>\ncat\u00e9goriquement ce chantage en publiant une r\u00e9ponse courageuse dans<br \/>\nL&rsquo;Express. \u00ab Je ne marche pas parce que je n&rsquo;ai pas envie de<br \/>\nvivre dans un pays nazi \u00bb, affirme-t-elle publiquement. Elle<br \/>\nporte \u00e9galement plainte pour chantage avec l&rsquo;aide de Robert<br \/>\nBadinter et Jean-Pierre Le M\u00e9e, ses avocats d\u00e9vou\u00e9s. Cette<br \/>\nr\u00e9sistance d\u00e9montre ainsi la complexit\u00e9 d&rsquo;un parcours politique<br \/>\nsouvent r\u00e9duit \u00e0 ses d\u00e9rives ult\u00e9rieures controvers\u00e9es.<\/p>\n<p>Les condamnations pour racisme assombrissent d\u00e9finitivement<br \/>\nl&rsquo;h\u00e9ritage de l&rsquo;ic\u00f4ne<\/p>\n<p>Yves Bigot souligne n\u00e9anmoins que la rencontre photographi\u00e9e<br \/>\ndemeure totalement fortuite selon les explications ult\u00e9rieures de<br \/>\nl&rsquo;actrice. D&rsquo;ailleurs, elle militait aux c\u00f4t\u00e9s de Roger Vadim pour<br \/>\nd\u00e9fendre les \u00e9poux Rosenberg menac\u00e9s d&rsquo;ex\u00e9cution aux \u00c9tats-Unis.<br \/>\nPourtant, Louis Amar rappelle qu&rsquo;elle soutient publiquement les<br \/>\nmaires FN de Vitrolles et Toulon dans les ann\u00e9es 90. \u00ab Je<br \/>\nsouhaite qu&rsquo;elle sauve la France. Elle est la Jeanne d&rsquo;Arc du XXIe<br \/>\nsi\u00e8cle \u00bb, d\u00e9clare-t-elle \u00e0 propos de Marine Le Pen. Le<br \/>\nchroniqueur r\u00e9v\u00e8le \u00e9galement que Brigitte Bardot accumule cinq<br \/>\ncondamnations pour incitation \u00e0 la haine raciale depuis 1997. En<br \/>\n2021, elle \u00e9cope d&rsquo;ailleurs d&rsquo;une amende de 20 000 euros pour avoir<br \/>\nqualifi\u00e9 les R\u00e9unionnais de \u00ab sauvages \u00bb. Une r\u00e9v\u00e9lation<br \/>\nqui intervient apr\u00e8s que <a href=\"https:\/\/www.nextplz.fr\/people\/525836-brigitte-bardot-condamnee-six-fois-pour-racisme-audrey-crespo-mara-balance-cash-sur-ses-frasques\" target=\"_blank\" rel=\"noopener\"><br \/>\nAudrey Crespo-Mara ait elle aussi r\u00e9cemment balanc\u00e9 sur les<br \/>\nfrasques juridico-racistes de la d\u00e9funte<\/a>.<\/p>\n","protected":false},"excerpt":{"rendered":"Par Yvan Styve &#8211; Publi\u00e9 le 08 Jan 2026 \u00e0 10:00 L\u2019hommage national \u00e0 Brigitte Bardot d\u00e9clenche une&hellip;\n","protected":false},"author":2,"featured_media":649239,"comment_status":"","ping_status":"","sticky":false,"template":"","format":"standard","meta":{"footnotes":""},"categories":[1356],"tags":[58,59,1011,27,252,1364],"class_list":{"0":"post-649238","1":"post","2":"type-post","3":"status-publish","4":"format-standard","5":"has-post-thumbnail","7":"category-television","8":"tag-divertissement","9":"tag-entertainment","10":"tag-fr","11":"tag-france","12":"tag-television","13":"tag-tv"},"share_on_mastodon":{"url":"https:\/\/pubeurope.com\/@fr\/115859242760200876","error":""},"_links":{"self":[{"href":"https:\/\/www.europesays.com\/fr\/wp-json\/wp\/v2\/posts\/649238","targetHints":{"allow":["GET"]}}],"collection":[{"href":"https:\/\/www.europesays.com\/fr\/wp-json\/wp\/v2\/posts"}],"about":[{"href":"https:\/\/www.europesays.com\/fr\/wp-json\/wp\/v2\/types\/post"}],"author":[{"embeddable":true,"href":"https:\/\/www.europesays.com\/fr\/wp-json\/wp\/v2\/users\/2"}],"replies":[{"embeddable":true,"href":"https:\/\/www.europesays.com\/fr\/wp-json\/wp\/v2\/comments?post=649238"}],"version-history":[{"count":0,"href":"https:\/\/www.europesays.com\/fr\/wp-json\/wp\/v2\/posts\/649238\/revisions"}],"wp:featuredmedia":[{"embeddable":true,"href":"https:\/\/www.europesays.com\/fr\/wp-json\/wp\/v2\/media\/649239"}],"wp:attachment":[{"href":"https:\/\/www.europesays.com\/fr\/wp-json\/wp\/v2\/media?parent=649238"}],"wp:term":[{"taxonomy":"category","embeddable":true,"href":"https:\/\/www.europesays.com\/fr\/wp-json\/wp\/v2\/categories?post=649238"},{"taxonomy":"post_tag","embeddable":true,"href":"https:\/\/www.europesays.com\/fr\/wp-json\/wp\/v2\/tags?post=649238"}],"curies":[{"name":"wp","href":"https:\/\/api.w.org\/{rel}","templated":true}]}}