{"id":649240,"date":"2026-01-08T11:28:10","date_gmt":"2026-01-08T11:28:10","guid":{"rendered":"https:\/\/www.europesays.com\/fr\/649240\/"},"modified":"2026-01-08T11:28:10","modified_gmt":"2026-01-08T11:28:10","slug":"apres-deux-ans-dabsence-le-rappeur-ninho-de-retour-avec-un-nouveau-projet-et-une-exposition-musicale-au-grand-palais-immersif","status":"publish","type":"post","link":"https:\/\/www.europesays.com\/fr\/649240\/","title":{"rendered":"Apr\u00e8s deux ans d&rsquo;absence, le rappeur Ninho de retour avec un nouveau projet et une exposition musicale au Grand Palais Immersif"},"content":{"rendered":"<p>\u00c9DITO &#8211; Apr\u00e8s deux ans d&rsquo;absence, le rappeur Ninho de retour avec un nouveau projet et une exposition musicale au Grand Palais ImmersifSur le m\u00eame sujet<a href=\"https:\/\/www.bfmtv.com\/culture\/video-edito-apres-deux-ans-d-absence-le-rappeur-ninho-de-retour-avec-un-nouveau-projet-et-une-exposition-musicale-au-grand-palais-immersif_VN-202601080192.html\" title=\"\u00c9DITO - Apr\u00e8s deux ans d&#039;absence, le rappeur Ninho de retour avec un nouveau projet et une exposition musicale au Grand Palais Immersif\" target=\"_blank\" rel=\"noopener\"><img width=\"16\" height=\"9\" class=\"lozad\"  alt=\"\u00c9DITO - Apr\u00e8s deux ans d'absence, le rappeur Ninho de retour avec un nouveau projet et une exposition musicale au Grand Palais Immersif\"\/>en lecture\u00c9DITO &#8211; Apr\u00e8s deux ans d&rsquo;absence, le rappeur Ninho de retour avec un nouveau projet et une exposition musicale au Grand Palais Immersif<\/a><a href=\"https:\/\/www.bfmtv.com\/replay-emissions\/bfm-premiere\/video-pour-son-premier-roman-jesse-se-raconte-sur-bfmtv-08-01_VN-202601080135.html\" title=\"Pour son premier roman, Jess\u00e9 se raconte sur BFMTV - 08\/01\" target=\"_blank\" rel=\"noopener\"><img width=\"16\" height=\"9\" class=\"lozad\"  alt=\"Pour son premier roman, Jess\u00e9 se raconte sur BFMTV - 08\/01\"\/>3:32Pour son premier roman, Jess\u00e9 se raconte sur BFMTV &#8211; 08\/01<\/a><a href=\"https:\/\/www.bfmtv.com\/culture\/video-edito-l-humoriste-jesse-devoile-son-premier-roman-les-bateaux-sur-la-terrasse_VN-202601080114.html\" title=\"\u00c9DITO - L&#039;humoriste Jess\u00e9 d\u00e9voile son premier roman &quot;Les Bateaux sur la terrasse&quot;\" target=\"_blank\" rel=\"noopener\"><img width=\"16\" height=\"9\" class=\"lozad\"  alt=\"\u00c9DITO - L'humoriste Jess\u00e9 d\u00e9voile son premier roman &quot;Les Bateaux sur la terrasse&quot;\"\/>3:27\u00c9DITO &#8211; L&rsquo;humoriste Jess\u00e9 d\u00e9voile son premier roman \u00ab\u00a0Les Bateaux sur la terrasse\u00a0\u00bb<\/a><a href=\"https:\/\/www.bfmtv.com\/culture\/video-bernard-d-ormale-veuf-de-brigitte-bardot-se-confie_VN-202601070655.html\" title=\" Bernard d&#039;Ormale, veuf de Brigitte Bardot, se confie\" target=\"_blank\" rel=\"noopener\"><img width=\"16\" height=\"9\" class=\"lozad\"  alt=\" Bernard d'Ormale, veuf de Brigitte Bardot, se confie\"\/>22:57Bernard d&rsquo;Ormale, veuf de Brigitte Bardot, se confie<\/a><a href=\"https:\/\/www.bfmtv.com\/people\/video-obseques-de-brigitte-bardot-inhumation-dans-l-intimite-au-cimetiere-marin_VN-202601070610.html\" title=\"Obs\u00e8ques de Brigitte Bardot: inhumation dans l&#039;intimit\u00e9 au cimeti\u00e8re marin\" target=\"_blank\" rel=\"noopener\"><img width=\"16\" height=\"9\" class=\"lozad\"  alt=\"Obs\u00e8ques de Brigitte Bardot: inhumation dans l'intimit\u00e9 au cimeti\u00e8re marin\"\/>1:28Obs\u00e8ques de Brigitte Bardot: inhumation dans l&rsquo;intimit\u00e9 au cimeti\u00e8re marin<\/a><a href=\"https:\/\/www.bfmtv.com\/culture\/video-le-cercueil-de-brigitte-bardot-entre-dans-l-eglise-de-saint-tropez_VN-202601070487.html\" title=\"Le cercueil de Brigitte Bardot entre dans l&#039;\u00e9glise Notre-Dame de l&#039;Assomption de Saint-Tropez\" target=\"_blank\" rel=\"noopener\"><img width=\"16\" height=\"9\" class=\"lozad\"  alt=\"Le cercueil de Brigitte Bardot entre dans l'\u00e9glise Notre-Dame de l'Assomption de Saint-Tropez\"\/>3:28Le cercueil de Brigitte Bardot entre dans l&rsquo;\u00e9glise Notre-Dame de l&rsquo;Assomption de Saint-Tropez<\/a><a href=\"https:\/\/www.bfmtv.com\/culture\/video-les-derniers-mots-de-brigitte-bardot-a-son-mari_VN-202601070474.html\" title=\" Les derniers mots de Brigitte Bardot \u00e0 son mari  \" target=\"_blank\" rel=\"noopener\"><img width=\"16\" height=\"9\" class=\"lozad\"  alt=\" Les derniers mots de Brigitte Bardot \u00e0 son mari  \"\/>0:36Les derniers mots de Brigitte Bardot \u00e0 son mari<\/a><a href=\"https:\/\/www.bfmtv.com\/people\/video-obseques-de-brigitte-bardot-marine-le-pen-aurore-berge-mireille-dumas-paul-watson-ou-encore-gerard-lenorman-attendus_VN-202601070247.html\" title=\"Obs\u00e8ques de Brigitte Bardot: Marine Le Pen, Aurore Berg\u00e9, Mireille Dumas, Paul Watson ou encore G\u00e9rard Lenorman attendus\" target=\"_blank\" rel=\"noopener\"><img width=\"16\" height=\"9\" class=\"lozad\"  alt=\"Obs\u00e8ques de Brigitte Bardot: Marine Le Pen, Aurore Berg\u00e9, Mireille Dumas, Paul Watson ou encore G\u00e9rard Lenorman attendus\"\/>1:31Obs\u00e8ques de Brigitte Bardot: Marine Le Pen, Aurore Berg\u00e9, Mireille Dumas, Paul Watson ou encore G\u00e9rard Lenorman attendus<\/a><a href=\"https:\/\/www.bfmtv.com\/culture\/video-ma-frere-les-premiers-pas-d-amel-bent-au-cinema_VN-202601070210.html\" title=\"&quot;Ma fr\u00e8re&quot;: les premiers pas d&#039;Amel Bent au cin\u00e9ma\" target=\"_blank\" rel=\"noopener\"><img width=\"16\" height=\"9\" class=\"lozad\"  alt=\"&quot;Ma fr\u00e8re&quot;: les premiers pas d'Amel Bent au cin\u00e9ma\"\/>2:09&Prime;Ma fr\u00e8re\u00a0\u00bb: les premiers pas d&rsquo;Amel Bent au cin\u00e9ma<\/a><a href=\"https:\/\/www.bfmtv.com\/replay-emissions\/bfm-premiere\/video-julie-zenatti-un-retour-inattendu-dans-les-eglises-07-01_VN-202601070143.html\" title=\"Julie Zenatti : un retour inattendu... dans les \u00c9glises ! - 07\/01\" target=\"_blank\" rel=\"noopener\"><img width=\"16\" height=\"9\" class=\"lozad\"  alt=\"Julie Zenatti : un retour inattendu... dans les \u00c9glises ! - 07\/01\"\/>2:41Julie Zenatti : un retour inattendu&#8230; dans les \u00c9glises ! &#8211; 07\/01<\/a><a href=\"https:\/\/www.bfmtv.com\/culture\/video-edito-en-tant-qu-artiste-on-a-tres-peur-du-vide-julie-zenatti-fait-la-tournee-des-eglises_VN-202601070140.html\" title=\"\u00c9DITO - &quot;En tant qu&#039;artiste, on a tr\u00e8s peur du vide&quot;: Julie Zenatti fait la tourn\u00e9e des \u00e9glises\" target=\"_blank\" rel=\"noopener\"><img width=\"16\" height=\"9\" class=\"lozad\"  alt=\"\u00c9DITO - &quot;En tant qu'artiste, on a tr\u00e8s peur du vide&quot;: Julie Zenatti fait la tourn\u00e9e des \u00e9glises\"\/>2:32\u00c9DITO &#8211; \u00ab\u00a0En tant qu&rsquo;artiste, on a tr\u00e8s peur du vide\u00a0\u00bb: Julie Zenatti fait la tourn\u00e9e des \u00e9glises<\/a><a href=\"https:\/\/www.bfmtv.com\/people\/video-j-ai-vu-qu-elle-ne-respirait-plus-bernard-d-ormale-mari-de-brigitte-bardot-raconte-les-derniers-moments-de-l-actrice_VN-202601070123.html\" title=\"&quot;J&#039;ai vu qu&#039;elle ne respirait plus&quot;: Bernard d&#039;Ormale, mari de Brigitte Bardot, raconte les derniers moments de l&#039;actrice\" target=\"_blank\" rel=\"noopener\"><img width=\"16\" height=\"9\" class=\"lozad\"  alt=\"&quot;J'ai vu qu'elle ne respirait plus&quot;: Bernard d'Ormale, mari de Brigitte Bardot, raconte les derniers moments de l'actrice\"\/>0:43&Prime;J&rsquo;ai vu qu&rsquo;elle ne respirait plus\u00a0\u00bb: Bernard d&rsquo;Ormale, mari de Brigitte Bardot, raconte les derniers moments de l&rsquo;actrice<\/a><a href=\"https:\/\/www.bfmtv.com\/culture\/video-l-integralite-de-la-saga-james-bond-arrive-sur-netflix_VN-202601060226.html\" title=\"L&#039;int\u00e9gralit\u00e9 de la saga James Bond arrive sur Netflix\" target=\"_blank\" rel=\"noopener\"><img width=\"16\" height=\"9\" class=\"lozad\"  alt=\"L'int\u00e9gralit\u00e9 de la saga James Bond arrive sur Netflix\"\/>1:03L&rsquo;int\u00e9gralit\u00e9 de la saga James Bond arrive sur Netflix<\/a><a href=\"https:\/\/www.bfmtv.com\/culture\/video-fauves-le-nouveau-roman-de-melissa-da-costa-l-auteure-la-plus-lue-de-france_VN-202601060195.html\" title=\"&quot;Fauves&quot;: le nouveau roman de M\u00e9lissa Da Costa, l&#039;auteure la plus lue de France\" target=\"_blank\" rel=\"noopener\"><img width=\"16\" height=\"9\" class=\"lozad\"  alt=\"&quot;Fauves&quot;: le nouveau roman de M\u00e9lissa Da Costa, l'auteure la plus lue de France\"\/>2:45&Prime;Fauves\u00a0\u00bb: le nouveau roman de M\u00e9lissa Da Costa, l&rsquo;auteure la plus lue de France<\/a><a class=\"jumpToVideo\" target=\"_blank\"><img class=\"thumbnailPreview\"\/><\/a><\/p>\n","protected":false},"excerpt":{"rendered":"\u00c9DITO &#8211; Apr\u00e8s deux ans d&rsquo;absence, le rappeur Ninho de retour avec un nouveau projet et une exposition&hellip;\n","protected":false},"author":2,"featured_media":649241,"comment_status":"","ping_status":"","sticky":false,"template":"","format":"standard","meta":{"footnotes":""},"categories":[1355],"tags":[58,59,1011,27,1361,873],"class_list":{"0":"post-649240","1":"post","2":"type-post","3":"status-publish","4":"format-standard","5":"has-post-thumbnail","7":"category-musique","8":"tag-divertissement","9":"tag-entertainment","10":"tag-fr","11":"tag-france","12":"tag-music","13":"tag-musique"},"share_on_mastodon":{"url":"https:\/\/pubeurope.com\/@fr\/115859246763339614","error":""},"_links":{"self":[{"href":"https:\/\/www.europesays.com\/fr\/wp-json\/wp\/v2\/posts\/649240","targetHints":{"allow":["GET"]}}],"collection":[{"href":"https:\/\/www.europesays.com\/fr\/wp-json\/wp\/v2\/posts"}],"about":[{"href":"https:\/\/www.europesays.com\/fr\/wp-json\/wp\/v2\/types\/post"}],"author":[{"embeddable":true,"href":"https:\/\/www.europesays.com\/fr\/wp-json\/wp\/v2\/users\/2"}],"replies":[{"embeddable":true,"href":"https:\/\/www.europesays.com\/fr\/wp-json\/wp\/v2\/comments?post=649240"}],"version-history":[{"count":0,"href":"https:\/\/www.europesays.com\/fr\/wp-json\/wp\/v2\/posts\/649240\/revisions"}],"wp:featuredmedia":[{"embeddable":true,"href":"https:\/\/www.europesays.com\/fr\/wp-json\/wp\/v2\/media\/649241"}],"wp:attachment":[{"href":"https:\/\/www.europesays.com\/fr\/wp-json\/wp\/v2\/media?parent=649240"}],"wp:term":[{"taxonomy":"category","embeddable":true,"href":"https:\/\/www.europesays.com\/fr\/wp-json\/wp\/v2\/categories?post=649240"},{"taxonomy":"post_tag","embeddable":true,"href":"https:\/\/www.europesays.com\/fr\/wp-json\/wp\/v2\/tags?post=649240"}],"curies":[{"name":"wp","href":"https:\/\/api.w.org\/{rel}","templated":true}]}}