{"id":649248,"date":"2026-01-08T11:32:11","date_gmt":"2026-01-08T11:32:11","guid":{"rendered":"https:\/\/www.europesays.com\/fr\/649248\/"},"modified":"2026-01-08T11:32:11","modified_gmt":"2026-01-08T11:32:11","slug":"la-journaliste-qui-a-porte-plainte-pour-viol-contre-le-rappeur-lomepal-elle-meme-accusee-davoir-encourage-le-viol-dune-de-ses-amies","status":"publish","type":"post","link":"https:\/\/www.europesays.com\/fr\/649248\/","title":{"rendered":"La journaliste qui a port\u00e9 plainte pour viol contre le rappeur Lomepal elle-m\u00eame accus\u00e9e d\u2019avoir encourag\u00e9 le viol d\u2019une de ses amies"},"content":{"rendered":"<p>\n    La plaignante reproche \u00e0 Jenna Boulmedais d\u2019avoir incit\u00e9 un homme \u00e0 aller la chercher dans sa chambre pour avoir une relation sexuelle contre son gr\u00e9. Une enqu\u00eate pour \u00abviol\u00bb et \u00abnon-assistance \u00e0 personne en danger\u00bb est en cours.<\/p>\n<p class=\"fig-paragraph\">\u00abMes g\u00e9missements de douleurs n\u2019ont pas \u00e9t\u00e9 pris en compte par quiconque.\u00bb C\u2019est par ces mots que la jeune actrice Lisa Jane Rougerie a d\u00e9nonc\u00e9, sur Instagram,\u00a0<a href=\"https:\/\/video.lefigaro.fr\/figaro\/faits-divers\/viol-avec-actes-de-torture-a-cherbourg-en-2023-le-suspect-risque-la-reclusion-criminelle-a-perpetuite-20260107\" target=\"_blank\" data-fig-type=\"Video\" rel=\"noopener\" data-gtm-custom-categorie=\"navigation\" data-gtm-custom-action=\"crossclick\" data-gtm-custom-label=\"Contextuel\" data-gtm-event=\"customEventSPE\" data-fig-domain=\"LEFIGARO\">un viol\u00a0<\/a>dont elle dit avoir \u00e9t\u00e9 victime a l\u2019\u00e9t\u00e9 2025 et pour lequel elle a r\u00e9cemment d\u00e9pos\u00e9 plainte. Une enqu\u00eate a \u00e9t\u00e9 ouverte pour \u00abviol\u00bb et \u00abnon-assistance \u00e0 personne en danger\u00bb, selon les informations du Figaro. Elle reproche notamment \u00e0 la journaliste f\u00e9ministe et engag\u00e9e contre les violences sexuelles et sexistes,\u00a0<a href=\"http:\/\/www.lefigaro.fr\/musique\/on-sait-tres-bien-ce-que-ca-veut-dire-quand-vous-dites-non-lomepal-vise-par-une-troisieme-plainte-pour-viol-20240522\" target=\"_blank\" data-fig-type=\"Article\" rel=\"noopener\" data-gtm-custom-categorie=\"navigation\" data-gtm-custom-action=\"crossclick\" data-gtm-custom-label=\"Contextuel\" data-gtm-event=\"customEventSPE\" data-fig-domain=\"LEFIGARO\">Jenna Boulmedais<\/a>, de l\u2019avoir contrainte \u00e0 avoir un rapport contre son gr\u00e9 avec un homme qu\u2019elle ne connaissait pas.<\/p>\n<p class=\"fig-paragraph\">\u00abLors de vacances au cours d\u2019une soir\u00e9e, nous avons rencontr\u00e9 deux hommes qu\u2019elle a invit\u00e9s dans notre logement. Elle m\u2019a demand\u00e9 si je souhaitais avoir un rapport sexuel avec l\u2019un d\u2019eux, j\u2019ai refus\u00e9 clairement et je me suis retir\u00e9e dans ma chambre\u00bb, explique la plaignante sur son compte Instagram. Un homme aurait toutefois fait irruption dans sa chambre, nu, \u00abapr\u00e8s qu\u2019il lui a \u00e9t\u00e9 indiqu\u00e9 que j\u2019\u00e9tais consentante par Jenna Boulmedais\u00bb, poursuit-elle. Sid\u00e9r\u00e9e, Lisa Jane Rougerie aurait \u00e9t\u00e9 conduite dans une pi\u00e8ce o\u00f9 se trouvaient son amie de 24 ans et un autre homme, nus eux aussi. Elle aurait alors \u00e9t\u00e9 soumise \u00e0 des actes sexuels. \u00abMon absence de consentement \u00e9tait manifeste et mes g\u00e9missements de douleur n\u2019ont pas \u00e9t\u00e9 pris en compte\u00bb, \u00e9crit-elle.<\/p>\n<p>                                            <a class=\"fig-a11y-skip\" href=\"#fig-a11y-skip-main-inarticle\" data-module=\"a11y-skip\" data-context=\"was @visible\"><br \/>\n    Passer la publicit\u00e9<br \/>\n<\/a>            <\/p>\n<p>                                            \u00abJe n\u2019ai jamais encourag\u00e9 un viol\u00bb<\/p>\n<p class=\"fig-paragraph\">Elle explique avoir pris conscience des faits plusieurs mois tard, raison pour laquelle elle a d\u00e9pos\u00e9 plainte cette semaine, s\u2019estimant victime d\u2019une forme d\u2019emprise de la part de Jenna Boulmedais, r\u00e9dactrice en chef du m\u00e9dia en ligne Joly M\u00f4me. Cette derni\u00e8re avait \u00e9t\u00e9 largement m\u00e9diatis\u00e9e en 2020 apr\u00e8s son d\u00e9p\u00f4t de plainte pour\u00a0<a href=\"http:\/\/www.lefigaro.fr\/faits-divers\/le-rappeur-lomepal-vise-par-une-enquete-pour-viol-depuis-2020-20230803\" target=\"_blank\" data-fig-type=\"NewsFlash\" rel=\"noopener\" data-gtm-custom-categorie=\"navigation\" data-gtm-custom-action=\"crossclick\" data-gtm-custom-label=\"Contextuel\" data-gtm-event=\"customEventSPE\" data-fig-domain=\"LEFIGARO\">viol contre le rappeur Lomepal<\/a>. Elle aussi avait choisi de r\u00e9v\u00e9ler les faits via Instagram, disant entendre depuis deux ans \u00abdes t\u00e9moignages de femmes ayant subi les gestes d\u00e9plac\u00e9s et non d\u00e9sir\u00e9s\u00bb de Lomepal. \u00abToute l\u2019industrie musicale est au courant. Ce silence n\u2019est litt\u00e9ralement plus possible ; voir son nom en t\u00eate d\u2019affiche de nombreux festivals \u00e9galement\u00bb, avait-elle avanc\u00e9. Deux autres femmes s\u2019\u00e9taient jointes \u00e0 la proc\u00e9dure mais leurs plaintes ont r\u00e9cemment \u00e9t\u00e9\u00a0<a href=\"http:\/\/www.lefigaro.fr\/actualite-france\/l-enquete-pour-viols-visant-le-rappeur-lomepal-a-ete-classee-20250124\" target=\"_blank\" data-fig-type=\"NewsFlash\" rel=\"noopener\" data-gtm-custom-categorie=\"navigation\" data-gtm-custom-action=\"crossclick\" data-gtm-custom-label=\"Contextuel\" data-gtm-event=\"customEventSPE\" data-fig-domain=\"LEFIGARO\">class\u00e9es sans suite<\/a>\u00a0par le parquet de Paris qui a estim\u00e9 que les faits n\u2019avaient pas pu \u00eatre \u00abclairement \u00e9tablis\u00bb au cours des investigations.<\/p>\n<p class=\"fig-body-link\">\n            \u00c0 lire aussi<br \/>\n        <a class=\"fig-body-link__link\" href=\"http:\/\/www.lefigaro.fr\/faits-divers\/deux-femmes-qui-accusent-le-rappeur-lomepal-de-viol-deposent-une-nouvelle-plainte-20251024\" target=\"_blank\" data-fig-type=\"NewsFlash\" rel=\"noopener\" data-gtm-custom-categorie=\"navigation\" data-gtm-custom-action=\"crossclick\" data-gtm-custom-label=\"Contextuel\" data-gtm-event=\"customEventSPE\" data-fig-domain=\"LEFIGARO\"><\/p>\n<p>        Deux femmes qui accusent le rappeur Lomepal de viol d\u00e9posent une nouvelle plainte<br \/>\n    <\/a>\n<\/p>\n<p class=\"fig-paragraph\">Mercredi soir, Jenna Boulmedais a r\u00e9pondu, toujours sur Instagram, aux accusations dont elle fait d\u00e9sormais l\u2019objet. \u00abJe n\u2019ai jamais organis\u00e9, commis, couvert ni encourag\u00e9 une agression sexuelle ni un viol sous quelque forme que ce soit.\u00bb Et d\u2019ajouter\u00a0: \u00abOn me reproche d\u2019avoir dit \u00e0 un homme d\u2019aller la chercher, c\u2019est faux. De m\u00eame, elle \u00e9tait seule dans sa chambre alors comment peut-elle \u00eatre certaine que la demande vient de moi\u00a0?\u00bb D\u2019apr\u00e8s la version de Jenna Boulmedais, Lisa Jane Rougerie est entr\u00e9e volontairement dans la chambre de la journaliste qui se trouvait avec un homme et \u00abrien ne laissait penser qu\u2019il pouvait y avoir un d\u00e9faut de consentement\u00bb. Chacune a eu un rapport sexuel avec un homme dans la m\u00eame pi\u00e8ce mais ce n\u2019est qu\u2019apr\u00e8s que la journaliste a compris que son amie n\u2019\u00e9tait pas consentante, dit-elle, expliquant lui avoir propos\u00e9 de l\u2019accompagner d\u00e9poser plainte.<\/p>\n<p class=\"fig-paragraph\">Depuis la r\u00e9v\u00e9lation des faits, de nombreux commentaires affluent sur les r\u00e9seaux sociaux, la d\u00e9crivant comme une \u00abagresseuse, manipulatrice, mythomane\u00bb ayant d\u00e9j\u00e0 exerc\u00e9 une emprise sur d\u2019autres personnes. Un \u00abacharnement\u00bb, d\u00e9nonce Jenna Boulmedais qui compte d\u00e9poser plainte \u00e0 son tour pour diffamation, menaces et harc\u00e8lement. Elle n\u2019a, pour l\u2019heure, pas \u00e9t\u00e9 entendue dans le cadre de l\u2019enqu\u00eate pour \u00abviol\u00bb et \u00abnon-assistance \u00e0 personne en danger\u00bb. La plaignante doit quant \u00e0 elle \u00eatre auditionn\u00e9e la semaine prochaine.<\/p>\n","protected":false},"excerpt":{"rendered":"La plaignante reproche \u00e0 Jenna Boulmedais d\u2019avoir incit\u00e9 un homme \u00e0 aller la chercher dans sa chambre pour&hellip;\n","protected":false},"author":2,"featured_media":649249,"comment_status":"","ping_status":"","sticky":false,"template":"","format":"standard","meta":{"footnotes":""},"categories":[8],"tags":[58,59,1011,27,1265,799],"class_list":{"0":"post-649248","1":"post","2":"type-post","3":"status-publish","4":"format-standard","5":"has-post-thumbnail","7":"category-divertissement","8":"tag-divertissement","9":"tag-entertainment","10":"tag-fr","11":"tag-france","12":"tag-viol","13":"tag-violences-sexuelles"},"share_on_mastodon":{"url":"https:\/\/pubeurope.com\/@fr\/115859262434139644","error":""},"_links":{"self":[{"href":"https:\/\/www.europesays.com\/fr\/wp-json\/wp\/v2\/posts\/649248","targetHints":{"allow":["GET"]}}],"collection":[{"href":"https:\/\/www.europesays.com\/fr\/wp-json\/wp\/v2\/posts"}],"about":[{"href":"https:\/\/www.europesays.com\/fr\/wp-json\/wp\/v2\/types\/post"}],"author":[{"embeddable":true,"href":"https:\/\/www.europesays.com\/fr\/wp-json\/wp\/v2\/users\/2"}],"replies":[{"embeddable":true,"href":"https:\/\/www.europesays.com\/fr\/wp-json\/wp\/v2\/comments?post=649248"}],"version-history":[{"count":0,"href":"https:\/\/www.europesays.com\/fr\/wp-json\/wp\/v2\/posts\/649248\/revisions"}],"wp:featuredmedia":[{"embeddable":true,"href":"https:\/\/www.europesays.com\/fr\/wp-json\/wp\/v2\/media\/649249"}],"wp:attachment":[{"href":"https:\/\/www.europesays.com\/fr\/wp-json\/wp\/v2\/media?parent=649248"}],"wp:term":[{"taxonomy":"category","embeddable":true,"href":"https:\/\/www.europesays.com\/fr\/wp-json\/wp\/v2\/categories?post=649248"},{"taxonomy":"post_tag","embeddable":true,"href":"https:\/\/www.europesays.com\/fr\/wp-json\/wp\/v2\/tags?post=649248"}],"curies":[{"name":"wp","href":"https:\/\/api.w.org\/{rel}","templated":true}]}}