{"id":649250,"date":"2026-01-08T11:33:23","date_gmt":"2026-01-08T11:33:23","guid":{"rendered":"https:\/\/www.europesays.com\/fr\/649250\/"},"modified":"2026-01-08T11:33:23","modified_gmt":"2026-01-08T11:33:23","slug":"allez-vous-craquer-pour-lun-de-ces-televiseurs-lifestyle-hisense-bientot-disponibles-frandroid","status":"publish","type":"post","link":"https:\/\/www.europesays.com\/fr\/649250\/","title":{"rendered":"Allez vous craquer pour l&rsquo;un de ces t\u00e9l\u00e9viseurs lifestyle Hisense bient\u00f4t disponibles ? \u2014 Frandroid"},"content":{"rendered":"<p>La marque Hisense a profit\u00e9 du CES de Las Vegas pour annoncer la prochaine commercialisation de plusieurs t\u00e9l\u00e9viseurs dits \u00ab lifestyle \u00bb. Comprenez qu\u2019ils proposent des designs particuli\u00e8rement originaux au d\u00e9triment d\u2019une fiche technique assez classique.<\/p>\n<p><a href=\"https:\/\/images.frandroid.com\/wp-content\/uploads\/2026\/01\/hisense-decotv-ces-2026-1.jpg\" target=\"_blank\" class=\"article-content__figure\" rel=\"noopener\"><img fetchpriority=\"high\" decoding=\"async\" loading=\"eager\" width=\"1200\" height=\"753\" src=\"https:\/\/www.europesays.com\/fr\/wp-content\/uploads\/2026\/01\/hisense-decotv-ces-2026-1.jpg\" alt=\"\" class=\"wp-image-2934379 wp-image wp-image\"  \/><\/a>Hisense D\u00e9coTV \/\/ Source : Sylvain Pichot \u2013 Frandroid<\/p>\n<p>Sur son stand du CES 2026 de Las Vegas, Hisense exposait fi\u00e8rement ses nouveaux t\u00e9l\u00e9viseurs \u00ab lifestyle \u00bb. Par ce terme, retenez qu\u2019il ne s\u2019agit pas ici de d\u00e9bauche de caract\u00e9ristiques techniques toutes plus int\u00e9ressantes les unes que les autres, mais de miser sur le design et, \u00e9ventuellement, l\u2019ergonomie.<\/p>\n<p>L\u2019exemple parfait pour cela est le t\u00e9l\u00e9viseur FollowMe qui a d\u00e9j\u00e0 \u00e9t\u00e9 montr\u00e9 au salon IFA 2025 \u00e0 Berlin. Il est maintenant une r\u00e9alit\u00e9 commerciale avec un prix\u00a0: 1 300 euros environ. <\/p>\n<p><a href=\"https:\/\/images.frandroid.com\/wp-content\/uploads\/2026\/01\/hisense-followme-ces-2026-2.jpg\" target=\"_blank\" class=\"article-content__figure\" rel=\"noopener\"><img loading=\"lazy\" decoding=\"async\" width=\"1200\" height=\"903\" src=\"https:\/\/www.europesays.com\/fr\/wp-content\/uploads\/2026\/01\/hisense-followme-ces-2026-2-1200x903.jpg\" alt=\"\" class=\"wp-image-2934391 wp-image\"  \/><\/a>Hisense FollowMe \/\/ Source : Sylvain Pichot \u2013 Frandroid<\/p>\n<p>Ce t\u00e9l\u00e9viseur est un mod\u00e8le mont\u00e9 sur pied avec des roulettes, comme <a href=\"https:\/\/www.frandroid.com\/events\/2786819_une-nouvelle-generation-de-tv-et-dautres-montes-sur-pied-chez-thomson\" target=\"_blank\" rel=\"noopener\">chez Thomson<\/a> ou avec le <a href=\"https:\/\/www.frandroid.com\/marques\/samsung\/2783845_the-movingstyle-un-televiseur-samsung-tactile-sous-tizenos-sur-batterie-de-27-pouces\" target=\"_blank\" rel=\"noopener\">MovingStyle de Samsung<\/a> par exemple. L\u00e0 aussi, on peut compter sur une batterie int\u00e9gr\u00e9e qui permet de profiter de l\u2019\u00e9cran et de son syst\u00e8me audio int\u00e9gr\u00e9 jusqu\u2019\u00e0 10 heures.<\/p>\n<p><a href=\"https:\/\/images.frandroid.com\/wp-content\/uploads\/2026\/01\/hisense-followme-ces-2026-1.jpg\" target=\"_blank\" class=\"article-content__figure\" rel=\"noopener\"><img loading=\"lazy\" decoding=\"async\" width=\"1200\" height=\"831\" src=\"https:\/\/www.europesays.com\/fr\/wp-content\/uploads\/2026\/01\/hisense-followme-ces-2026-1-1200x831.jpg\" alt=\"\" class=\"wp-image-2934389 wp-image\"  \/><\/a>Hisense FollowMe \/\/ Source : Sylvain Pichot \u2013 Frandroid<\/p>\n<p>L\u2019\u00e9cran est un mod\u00e8le LCD de 32 pouces avec une d\u00e9finition Ultra HD \u00e0 60 Hz. Il est surmont\u00e9 d\u2019une cam\u00e9ra de 13 m\u00e9gapixels et de plusieurs haut-parleurs. Il peut pivoter pour \u00eatre positionn\u00e9 \u00e0 la verticale ou \u00e0 l\u2019horizontale. Notez la pr\u00e9sence d\u2019un port HDMI 2.1 et d\u2019un port USB-A 3.0 pour la lecture de contenus multim\u00e9dia.<\/p>\n<p><a href=\"https:\/\/images.frandroid.com\/wp-content\/uploads\/2026\/01\/hisense-followme-ces-2026-3.jpg\" target=\"_blank\" class=\"article-content__figure\" rel=\"noopener\"><img loading=\"lazy\" decoding=\"async\" width=\"1200\" height=\"1594\" src=\"https:\/\/www.europesays.com\/fr\/wp-content\/uploads\/2026\/01\/hisense-followme-ces-2026-3-1200x1594.jpg\" alt=\"\" class=\"wp-image-2934393 wp-image\"  \/><\/a>Hisense FollowMe \/\/ Source : Sylvain Pichot \u2013 Frandroid<\/p>\n<p>Un TV qui se fond vraiment dans le d\u00e9cor<\/p>\n<p>Certains t\u00e9l\u00e9viseurs essaient de se muer en tableau et d\u2019autres jouent la carte de la modernit\u00e9 avec des lignes originales. C\u2019est le cr\u00e9neau de la gamme D\u00e9coTV de Hisense d\u00e9clin\u00e9e en 32 et 43 pouces. Il s\u2019agit de dalles LCD Full HD pour la plus petite et Ultra HD pour la plus grande. <\/p>\n<p><a href=\"https:\/\/images.frandroid.com\/wp-content\/uploads\/2026\/01\/hisense-decotv-ces-2026-4.jpg\" target=\"_blank\" class=\"article-content__figure\" rel=\"noopener\"><img loading=\"lazy\" decoding=\"async\" width=\"1200\" height=\"911\" src=\"https:\/\/www.europesays.com\/fr\/wp-content\/uploads\/2026\/01\/hisense-decotv-ces-2026-4-1200x911.jpg\" alt=\"\" class=\"wp-image-2934381 wp-image\"  \/><\/a>Hisense D\u00e9coTV \/\/ Source : Sylvain Pichot \u2013 Frandroid<\/p>\n<p>Elles utilisent un syst\u00e8me de r\u00e9tro\u00e9clairage QLED et sont compatibles Dolby Atmos. Bien entendu, comme tous les TV et les vid\u00e9oprojecteurs de la marque, elles fonctionnent sous Vidaa, le syst\u00e8me de divertissement Hisense avec son lot d\u2019applications.<\/p>\n<p><a href=\"https:\/\/images.frandroid.com\/wp-content\/uploads\/2026\/01\/hisense-decotv-ces-2026-6.jpg\" target=\"_blank\" class=\"article-content__figure\" rel=\"noopener\"><img loading=\"lazy\" decoding=\"async\" width=\"1200\" height=\"796\" src=\"https:\/\/www.europesays.com\/fr\/wp-content\/uploads\/2026\/01\/hisense-decotv-ces-2026-6-1200x796.jpg\" alt=\"\" class=\"wp-image-2934385 wp-image\"  \/><\/a>Hisense D\u00e9coTV \/\/ Source : Sylvain Pichot \u2013 Frandroid<\/p>\n<p>Comptez sur un prix de 400 euros environ pour le TV D\u00e9coTV de 32 pouces et de 500 euros pour la version 43 pouces.<\/p>\n<p>\t\t\t\t\t\t<a href=\"https:\/\/images.frandroid.com\/wp-content\/uploads\/2026\/01\/hisense-decotv-ces-2026-5.jpg\" itemprop=\"url\" target=\"_blank\" rel=\"noopener\"><\/p>\n<p>\t\t\t\t\t\t\t<img decoding=\"async\" class=\"wp-image\" src=\"https:\/\/www.europesays.com\/fr\/wp-content\/uploads\/2026\/01\/hisense-decotv-ces-2026-5.jpg\"  width=\"651\" height=\"404\" loading=\"lazy\" data-original-width=\"651\" data-original-height=\"404\" itemprop=\"http:\/\/schema.org\/image\" title=\"Hisense D\u00e9coTV CES 2026 - 5\" alt=\"Hisense D\u00e9coTV \/\/ Source : Sylvain Pichot - Frandroid\" style=\"width: 651px; height: 404px;\"\/><br \/>\n\t\t\t\t\t\t<\/a><\/p>\n<p>\n\t\t\t\t\t\t\t\tHisense D\u00e9coTV \/\/ Source : Sylvain Pichot \u2013 Frandroid\t\t\t\t\t\t\t<\/p>\n<p>\t\t\t\t\t\t<a href=\"https:\/\/images.frandroid.com\/wp-content\/uploads\/2026\/01\/hisense-decotv-ces-2026-7.jpg\" itemprop=\"url\" target=\"_blank\" rel=\"noopener\"><\/p>\n<p>\t\t\t\t\t\t\t<img decoding=\"async\" class=\"wp-image\" src=\"https:\/\/www.europesays.com\/fr\/wp-content\/uploads\/2026\/01\/hisense-decotv-ces-2026-7.jpg\"  width=\"269\" height=\"404\" loading=\"lazy\" data-original-width=\"269\" data-original-height=\"404\" itemprop=\"http:\/\/schema.org\/image\" title=\"Hisense D\u00e9coTV CES 2026 - 7\" alt=\"Hisense D\u00e9coTV \/\/ Source : Sylvain Pichot - Frandroid\" style=\"width: 269px; height: 404px;\"\/><br \/>\n\t\t\t\t\t\t<\/a><\/p>\n<p>\n\t\t\t\t\t\t\t\tHisense D\u00e9coTV \/\/ Source : Sylvain Pichot \u2013 Frandroid\t\t\t\t\t\t\t<\/p>\n<p>Les TV qui se la jouent tableaux ou l\u2019inverse<\/p>\n<p>Enfin, Hisense va \u00e9galement proposer prochainement deux gammes de Canvas TV, ces t\u00e9l\u00e9viseurs capables de se transformer en tableau num\u00e9rique lorsqu\u2019ils ne sont pas utilis\u00e9s. Ils sont dot\u00e9s d\u2019une dalle mate pour limiter les reflets et donner un effet tableau. Il y a la s\u00e9rie de t\u00e9l\u00e9viseurs S7S dot\u00e9e d\u2019une dalle LCD avec un syst\u00e8me de r\u00e9tro\u00e9clairage LED. <\/p>\n<p>Les t\u00e9l\u00e9viseurs sont propos\u00e9s en 55 et 65 pouces avec une d\u00e9finition Ultra HD et une fr\u00e9quence de rafra\u00eechissement pouvant atteindre 144 Hz. Il y a un syst\u00e8me audio 2.0.2 canaux optimis\u00e9 par Devialet. Le cadre peut \u00eatre chang\u00e9 pour un rendu plus personnalis\u00e9.<\/p>\n<p><a href=\"https:\/\/images.frandroid.com\/wp-content\/uploads\/2026\/01\/hisense-canvas-tv-rgb-mini-led-ces-2026.jpg\" target=\"_blank\" class=\"article-content__figure\" rel=\"noopener\"><img loading=\"lazy\" decoding=\"async\" width=\"1200\" height=\"771\" src=\"https:\/\/www.europesays.com\/fr\/wp-content\/uploads\/2026\/01\/hisense-canvas-tv-rgb-mini-led-ces-2026-1200x771.jpg\" alt=\"\" class=\"wp-image-2934377 wp-image\"  \/><\/a>Hisense Canvas TV RGB Mini LED \/\/ Source : Sylvain Pichot \u2013 Frandroid<\/p>\n<p>Prochainement, Hisense proposera aussi une autre s\u00e9rie (photo ci-dessus), plus aboutie techniquement puisqu\u2019elle embarque un r\u00e9tro\u00e9clairage RGB Mini LED donc plus pr\u00e9cis \u00e0 l\u2019image des <a href=\"https:\/\/www.frandroid.com\/marques\/hisense\/2934057_hisense-une-gamme-complete-de-tv-rgb-miniled-en-2026-mais-aussi-des-tv-lcd-mini-led-et-direct-led-tous-les-details\" target=\"_blank\" rel=\"noopener\">TV 116UX, UR8S et UR9S de la marque<\/a>.<\/p>\n<p class=\"title\">\n            Retrouvez toutes les nouveaut\u00e9s du             <a href=\"https:\/\/www.frandroid.com\/events\/ces\" target=\"_blank\" rel=\"noopener\"><br \/>\n                CES 2026            <\/a>\n        <\/p>\n","protected":false},"excerpt":{"rendered":"La marque Hisense a profit\u00e9 du CES de Las Vegas pour annoncer la prochaine commercialisation de plusieurs t\u00e9l\u00e9viseurs&hellip;\n","protected":false},"author":2,"featured_media":649251,"comment_status":"","ping_status":"","sticky":false,"template":"","format":"standard","meta":{"footnotes":""},"categories":[7],"tags":[73358,1011,27,43,40,41,39,42,44],"class_list":{"0":"post-649250","1":"post","2":"type-post","3":"status-publish","4":"format-standard","5":"has-post-thumbnail","7":"category-sciences-et-technologies","8":"tag-ces-2026","9":"tag-fr","10":"tag-france","11":"tag-science","12":"tag-science-and-technology","13":"tag-sciences","14":"tag-sciences-et-technologies","15":"tag-technologies","16":"tag-technology"},"share_on_mastodon":{"url":"https:\/\/pubeurope.com\/@fr\/115859268524959555","error":""},"_links":{"self":[{"href":"https:\/\/www.europesays.com\/fr\/wp-json\/wp\/v2\/posts\/649250","targetHints":{"allow":["GET"]}}],"collection":[{"href":"https:\/\/www.europesays.com\/fr\/wp-json\/wp\/v2\/posts"}],"about":[{"href":"https:\/\/www.europesays.com\/fr\/wp-json\/wp\/v2\/types\/post"}],"author":[{"embeddable":true,"href":"https:\/\/www.europesays.com\/fr\/wp-json\/wp\/v2\/users\/2"}],"replies":[{"embeddable":true,"href":"https:\/\/www.europesays.com\/fr\/wp-json\/wp\/v2\/comments?post=649250"}],"version-history":[{"count":0,"href":"https:\/\/www.europesays.com\/fr\/wp-json\/wp\/v2\/posts\/649250\/revisions"}],"wp:featuredmedia":[{"embeddable":true,"href":"https:\/\/www.europesays.com\/fr\/wp-json\/wp\/v2\/media\/649251"}],"wp:attachment":[{"href":"https:\/\/www.europesays.com\/fr\/wp-json\/wp\/v2\/media?parent=649250"}],"wp:term":[{"taxonomy":"category","embeddable":true,"href":"https:\/\/www.europesays.com\/fr\/wp-json\/wp\/v2\/categories?post=649250"},{"taxonomy":"post_tag","embeddable":true,"href":"https:\/\/www.europesays.com\/fr\/wp-json\/wp\/v2\/tags?post=649250"}],"curies":[{"name":"wp","href":"https:\/\/api.w.org\/{rel}","templated":true}]}}