{"id":649254,"date":"2026-01-08T11:35:10","date_gmt":"2026-01-08T11:35:10","guid":{"rendered":"https:\/\/www.europesays.com\/fr\/649254\/"},"modified":"2026-01-08T11:35:10","modified_gmt":"2026-01-08T11:35:10","slug":"le-jour-ou-la-russie-a-propose-a-trump-un-partage-de-spheres-dinfluence","status":"publish","type":"post","link":"https:\/\/www.europesays.com\/fr\/649254\/","title":{"rendered":"Le jour o\u00f9 la Russie a propos\u00e9 \u00e0 Trump un partage de \u00ab\u00a0sph\u00e8res d\u2019influence\u00a0\u00bb"},"content":{"rendered":"<p class=\"PopSlotParagraph qg-tx2 qg-xtra-lh svelte-1r0pyek\">La presse am\u00e9ricaine a exhum\u00e9 ces derniers jours une d\u00e9claration faite en 2019, devant une Commission du Congr\u00e8s, par Fiona Hill, qui a \u00e9t\u00e9 en charge des dossiers Russie et Europe au Conseil de s\u00e9curit\u00e9 nationale de la Maison Blanche lors du premier mandat de Donald Trump.<\/p>\n<p class=\"PopSlotParagraph qg-tx2 qg-xtra-lh svelte-1r0pyek\">Fiona Hill avait racont\u00e9 comment la Russie avait propos\u00e9 \u00e0 demi-mot aux \u00c9tats-Unis un troc\u00a0: le Venezuela contre l\u2019Ukraine. Elle avait r\u00e9sum\u00e9 la proposition ainsi\u00a0: \u00ab\u00a0vous voulez que nous quittions votre arri\u00e8re-cour\u00a0; mais nous avons aussi la n\u00f4tre, et vous \u00eates dans notre arri\u00e8re-cour, en Ukraine\u00a0\u00bb. Fiona Hill a expliqu\u00e9 qu\u2019elle avait \u00e9t\u00e9 envoy\u00e9e \u00e0 Moscou pour refuser poliment l\u2019offre russe.<\/p>\n<p class=\"PopSlotParagraph qg-tx2 qg-xtra-lh svelte-1r0pyek\">Cette anecdote prend une saveur particuli\u00e8re aujourd\u2019hui, d\u2019abord parce que, depuis, la Russie a envahi l\u2019Ukraine en 2022, et parce que Donald Trump a pris samedi le contr\u00f4le de son \u00ab\u00a0arri\u00e8re-cour\u00a0\u00bb, au Venezuela. L\u2019arraisonnement hier d\u2019un navire p\u00e9trolier russe en mer du Nord par des commandos am\u00e9ricains ajoute \u00e0 la toile de fond de cette affaire qui pose la question des \u00ab\u00a0arri\u00e8re-cours\u00a0\u00bb, ou des \u00ab\u00a0sph\u00e8res d\u2019influence\u00a0\u00bb.<\/p>\n<p class=\"PopSlotParagraph qg-tx2 qg-xtra-lh svelte-1r0pyek\">De quoi parlons-nous\u00a0? Les empires se r\u00e9servent le droit d\u2019imposer leur loi aux pays qui les entourent, afin qu\u2019au minimum, ils ne leurs soient pas hostiles. C\u2019est l\u2019oppos\u00e9 d\u2019un monde fond\u00e9 sur le droit, dans lequel la souverainet\u00e9 des \u00c9tats est cens\u00e9e \u00eatre sacr\u00e9e, c\u2019\u00e9tait toute l\u2019id\u00e9e des Nations Unies, destin\u00e9e \u00e0 garantir la paix.<\/p>\n<p class=\"PopSlotParagraph qg-tx2 qg-xtra-lh svelte-1r0pyek\">Donald Trump a remis au go\u00fbt du jour la \u00ab\u00a0doctrine Monroe\u00a0\u00bb, \u00e9dict\u00e9e il y a plus de deux si\u00e8cles, par laquelle les \u00c9tats-Unis avaient voulu chasser les puissances europ\u00e9ennes du continent am\u00e9ricain, puis imposer leur loi \u00e0 l\u2019h\u00e9misph\u00e8re occidentale. Il en a fait sa nouvelle boussole diplomatique, au grand dam des plus ombrageux des dirigeants latino-am\u00e9ricains, Lula au Br\u00e9sil, ou Claudia Sheinbaum au Mexique. Mais il a aussi des alli\u00e9s, Javier Millei en Argentine, ou les dirigeants nouvellement \u00e9lus du Honduras ou du Chili.<\/p>\n<p class=\"PopSlotParagraph qg-tx2 qg-xtra-lh svelte-1r0pyek\">C\u2019est une vision que ne d\u00e9savouent pas Vladimir Poutine, qui r\u00eave de reconstituer sous la forme d\u2019une \u00ab\u00a0sph\u00e8re d\u2019influence\u00a0\u00bb une partie de l\u2019ex-URSS, ou la Chine avec sa nostalgie imp\u00e9riale en Asie. Des ambitions qui sont porteuses de guerres et d\u2019autres oppression, pas d\u2019\u00e9mancipation, de paix et de libert\u00e9.<\/p>\n<p class=\"PopSlotParagraph qg-tx2 qg-xtra-lh svelte-1r0pyek\">Est-ce le monde qui s\u2019annonce au 21\u00e8me si\u00e8cle\u00a0? Rien n\u2019est moins s\u00fbr, car si la doctrine Monroe de Donald Trump s\u2019applique d\u2019abord au continent am\u00e9ricain, rien ne dit que le ma\u00eetre de la Maison Blanche permettra aux autres \u00ab\u00a0empires\u00a0\u00bb de s\u2019octroyer le m\u00eame privil\u00e8ge, et la m\u00eame impunit\u00e9 &#8211; m\u00eame si les ambigu\u00eft\u00e9s de Donald Trump vis-\u00e0-vis de Vladimir Poutine pourraient le laisser penser.<\/p>\n<p class=\"PopSlotParagraph qg-tx2 qg-xtra-lh svelte-1r0pyek\">La question se pose particuli\u00e8rement pour la Chine, dans une zone qui est l\u2019\u00e9picentre de l\u2019\u00e9conomie mondiale, et dans laquelle les int\u00e9r\u00eats am\u00e9ricains sont majeurs. Penser que l\u2019attaque du Venezuela, totalement ill\u00e9gale, donnerait licence \u00e0 P\u00e9kin pour prendre Taiwan, est une illusion\u00a0: d\u2019abord ce n\u2019est pas le droit international, que la Chine ne reconnait pas dans ce dossier, qui emp\u00eache l\u2019invasion, c\u2019est le rapport de force.<\/p>\n<p class=\"PopSlotParagraph qg-tx2 qg-xtra-lh svelte-1r0pyek\">Mais la nouvelle donne peut aussi avoir des avantages pour P\u00e9kin\u00a0: d\u2019abord il n\u2019y a plus de contre-mod\u00e8le occidental, maintenant que les \u00c9tats-Unis se comportent en pr\u00e9dateur. Et le jour o\u00f9 la Chine se sentira pr\u00eate, elle n\u2019h\u00e9sitera pas \u00e0 faire comme eux.<\/p>\n<p class=\"PopSlotParagraph qg-tx2 qg-xtra-lh svelte-1r0pyek\">Pour l\u2019Europe, c\u2019est un cauchemar, car si on n\u2019est pas pr\u00e9dateur, on est une proie. Si elle ne veut pas se retrouver dans la \u00ab\u00a0sph\u00e8re d\u2019influence\u00a0\u00bb d\u2019un autre, l\u2019Europe doit vraiment se prendre en mains, et vite\u00a0!<\/p>\n","protected":false},"excerpt":{"rendered":"La presse am\u00e9ricaine a exhum\u00e9 ces derniers jours une d\u00e9claration faite en 2019, devant une Commission du Congr\u00e8s,&hellip;\n","protected":false},"author":2,"featured_media":649255,"comment_status":"","ping_status":"","sticky":false,"template":"","format":"standard","meta":{"footnotes":""},"categories":[5],"tags":[11,1011,27,14,12,28],"class_list":{"0":"post-649254","1":"post","2":"type-post","3":"status-publish","4":"format-standard","5":"has-post-thumbnail","7":"category-international","8":"tag-actualites","9":"tag-fr","10":"tag-france","11":"tag-international","12":"tag-news","13":"tag-world"},"share_on_mastodon":{"url":"","error":""},"_links":{"self":[{"href":"https:\/\/www.europesays.com\/fr\/wp-json\/wp\/v2\/posts\/649254","targetHints":{"allow":["GET"]}}],"collection":[{"href":"https:\/\/www.europesays.com\/fr\/wp-json\/wp\/v2\/posts"}],"about":[{"href":"https:\/\/www.europesays.com\/fr\/wp-json\/wp\/v2\/types\/post"}],"author":[{"embeddable":true,"href":"https:\/\/www.europesays.com\/fr\/wp-json\/wp\/v2\/users\/2"}],"replies":[{"embeddable":true,"href":"https:\/\/www.europesays.com\/fr\/wp-json\/wp\/v2\/comments?post=649254"}],"version-history":[{"count":0,"href":"https:\/\/www.europesays.com\/fr\/wp-json\/wp\/v2\/posts\/649254\/revisions"}],"wp:featuredmedia":[{"embeddable":true,"href":"https:\/\/www.europesays.com\/fr\/wp-json\/wp\/v2\/media\/649255"}],"wp:attachment":[{"href":"https:\/\/www.europesays.com\/fr\/wp-json\/wp\/v2\/media?parent=649254"}],"wp:term":[{"taxonomy":"category","embeddable":true,"href":"https:\/\/www.europesays.com\/fr\/wp-json\/wp\/v2\/categories?post=649254"},{"taxonomy":"post_tag","embeddable":true,"href":"https:\/\/www.europesays.com\/fr\/wp-json\/wp\/v2\/tags?post=649254"}],"curies":[{"name":"wp","href":"https:\/\/api.w.org\/{rel}","templated":true}]}}