{"id":649256,"date":"2026-01-08T11:36:09","date_gmt":"2026-01-08T11:36:09","guid":{"rendered":"https:\/\/www.europesays.com\/fr\/649256\/"},"modified":"2026-01-08T11:36:09","modified_gmt":"2026-01-08T11:36:09","slug":"fin-de-la-vigilance-neige-verglas-mais-prudence-toute-lactualite-actualites","status":"publish","type":"post","link":"https:\/\/www.europesays.com\/fr\/649256\/","title":{"rendered":"Fin de la vigilance neige-verglas mais prudence &#8211; Toute l&rsquo;actualit\u00e9 &#8211; Actualit\u00e9s"},"content":{"rendered":"<p>Les pr\u00e9visions de M\u00e9t\u00e9o France restent stable, la Corr\u00e8ze est sortie de la vigilance orange neige-verglas \u00e0 6h.<\/p>\n<p>\nLes pr\u00e9visions de M\u00e9t\u00e9o France restent stable, la Corr\u00e8ze est sortie de la vigilance orange neige-verglas \u00e0 6h.<br \/>Depuis 6h et jusqu\u2019\u00e0 8h le d\u00e9partement est en vigilance jaune puis passera en vigilance verte \u00e0 partir de 8h avec une remont\u00e9e des temp\u00e9ratures.<br \/>Les temp\u00e9ratures restent proches de 0\u00b0C \u00e0 l\u2019est de la Corr\u00e8ze et des ph\u00e9nom\u00e8nes glissants peuvent \u00eatre observ\u00e9s li\u00e9s aux pluies vergla\u00e7antes tomb\u00e9es tomb\u00e9s en milieu de nuit. Le pr\u00e9fet appelle \u00e0 la plus grande prudence particuli\u00e8rement sur les secteurs d\u2019Ussel, de Meymac, du plateau de Millevaches et de la Montagne Limousine.<br \/>Au sud du d\u00e9partement, le redoux s\u2019installe. Sur le bassin de Brive, la temp\u00e9rature relev\u00e9e par M\u00e9t\u00e9o France est en moyenne de 2\u00b0C. N\u00e9anmoins, du verglas peut \u00eatre pr\u00e9sent en raison de la froideur des chauss\u00e9es. Des chauss\u00e9es glissantes ou des plaques de verglas localis\u00e9es ont \u00e9t\u00e9 observ\u00e9es en ce d\u00e9but de matin\u00e9e sur la RD 1120, la RD 920 ou \u00e0 proximit\u00e9 de la V\u00e9z\u00e8re. Des points glissants localis\u00e9s ont \u00e9galement \u00e9t\u00e9 observ\u00e9s dans le secteur d\u2019Argentat, en Xaintrie. <br \/>Les gestionnaires de r\u00e9seaux (DIRCO, ASF Vinci et le conseil d\u00e9partemental) ont \u00e9t\u00e9 mobilis\u00e9s toute la nuit et ce matin pour garantir la viabilit\u00e9 des routes. Le conseil d\u00e9partemental a trait\u00e9 le r\u00e9seau prioritaire et est en cours de traitement du r\u00e9seau secondaire. <br \/>\u00a0 <br \/>Les usagers sont invit\u00e9s \u00e0 adapter leur conduite aux conditions m\u00e9t\u00e9orologiques avant tout d\u00e9placement notamment au petit matin.<br \/>Le pr\u00e9fet de la Corr\u00e8ze, recommande de :<br \/>\u00a0\u00a0\u00a0 \u2022 Limiter les d\u00e9placements non indispensables, en particulier aux heures les plus sensibles\u00a0;<br \/>\u00a0\u00a0\u00a0 \u2022 Adapter sa conduite en r\u00e9duisant la vitesse et en augmentant les distances de s\u00e9curit\u00e9\u00a0;<br \/>\u00a0\u00a0\u00a0 \u2022 \u00c9quiper les v\u00e9hicules de dispositifs adapt\u00e9s aux conditions hivernales et v\u00e9rifier leur \u00e9tat\u00a0;<br \/>\u00a0\u00a0\u00a0 \u2022 Se renseigner avant tout d\u00e9placement sur l\u2019\u00e9tat des routes et les conditions m\u00e9t\u00e9orologiques\u00a0;<br \/>\u00a0\u00a0\u00a0 \u2022 \u00catre attentif aux personnes vuln\u00e9rables, notamment les personnes \u00e2g\u00e9es ou isol\u00e9es\u00a0;<br \/>\u00a0\u00a0\u00a0 \u2022 Suivre les consignes et recommandations des autorit\u00e9s\u00a0;<br \/>\u00a0\u00a0\u00a0 \u2022 Se tenir inform\u00e9 de l\u2019\u00e9volution de la situation m\u00e9t\u00e9orologique.<br \/>Les services de l\u2019\u00c9tat, en lien avec les collectivit\u00e9s et les gestionnaires des r\u00e9seaux routiers, sont mobilis\u00e9s et assurent un suivi attentif de la situation.<\/p>\n","protected":false},"excerpt":{"rendered":"Les pr\u00e9visions de M\u00e9t\u00e9o France restent stable, la Corr\u00e8ze est sortie de la vigilance orange neige-verglas \u00e0 6h.&hellip;\n","protected":false},"author":2,"featured_media":649257,"comment_status":"","ping_status":"","sticky":false,"template":"","format":"standard","meta":{"footnotes":""},"categories":[4],"tags":[11,1011,27,12,25],"class_list":{"0":"post-649256","1":"post","2":"type-post","3":"status-publish","4":"format-standard","5":"has-post-thumbnail","7":"category-france","8":"tag-actualites","9":"tag-fr","10":"tag-france","11":"tag-news","12":"tag-republique-francaise"},"share_on_mastodon":{"url":"https:\/\/pubeurope.com\/@fr\/115859278011408498","error":""},"_links":{"self":[{"href":"https:\/\/www.europesays.com\/fr\/wp-json\/wp\/v2\/posts\/649256","targetHints":{"allow":["GET"]}}],"collection":[{"href":"https:\/\/www.europesays.com\/fr\/wp-json\/wp\/v2\/posts"}],"about":[{"href":"https:\/\/www.europesays.com\/fr\/wp-json\/wp\/v2\/types\/post"}],"author":[{"embeddable":true,"href":"https:\/\/www.europesays.com\/fr\/wp-json\/wp\/v2\/users\/2"}],"replies":[{"embeddable":true,"href":"https:\/\/www.europesays.com\/fr\/wp-json\/wp\/v2\/comments?post=649256"}],"version-history":[{"count":0,"href":"https:\/\/www.europesays.com\/fr\/wp-json\/wp\/v2\/posts\/649256\/revisions"}],"wp:featuredmedia":[{"embeddable":true,"href":"https:\/\/www.europesays.com\/fr\/wp-json\/wp\/v2\/media\/649257"}],"wp:attachment":[{"href":"https:\/\/www.europesays.com\/fr\/wp-json\/wp\/v2\/media?parent=649256"}],"wp:term":[{"taxonomy":"category","embeddable":true,"href":"https:\/\/www.europesays.com\/fr\/wp-json\/wp\/v2\/categories?post=649256"},{"taxonomy":"post_tag","embeddable":true,"href":"https:\/\/www.europesays.com\/fr\/wp-json\/wp\/v2\/tags?post=649256"}],"curies":[{"name":"wp","href":"https:\/\/api.w.org\/{rel}","templated":true}]}}