{"id":649260,"date":"2026-01-08T11:38:10","date_gmt":"2026-01-08T11:38:10","guid":{"rendered":"https:\/\/www.europesays.com\/fr\/649260\/"},"modified":"2026-01-08T11:38:10","modified_gmt":"2026-01-08T11:38:10","slug":"luniversite-jean-monnet-obtient-le-label-ddrs","status":"publish","type":"post","link":"https:\/\/www.europesays.com\/fr\/649260\/","title":{"rendered":"L&rsquo;Universit\u00e9 Jean Monnet obtient le Label DD&#038;RS"},"content":{"rendered":"<p class=\"content-abstract secondary\">Attribu\u00e9 officiellement depuis le 18 d\u00e9cembre 2025, ce label valorise les d\u00e9marches de D\u00e9veloppement Durable et de Responsabilit\u00e9 Soci\u00e9tale (DD&amp;RS) mises en place par l\u2019Universit\u00e9.  Il est d\u00e9livr\u00e9 pour une dur\u00e9e de deux ans (renouvelable) par le Collectif pour l\u2019Int\u00e9gration de la Responsabilit\u00e9 Soci\u00e9tale dans l\u2019Enseignement Sup\u00e9rieur (CIRSES). <\/p>\n<p><a title=\"\" rel=\"single noopener\" class=\"pirobox item\" href=\"https:\/\/www.univ-st-etienne.fr\/_contents\/ametys-internal%253Asites\/ujm\/ametys-internal%253Acontents\/l-universite-jean-monnet-obtient-le-label-dd-rs-article\/_attribute\/illustration\/image\/Visuel%20Label%20DDRS-UJM.jpg?objectId=defaultWebContent:\/\/9112235f-b941-4f2c-92f3-be092941c48b\" target=\"_blank\"><img decoding=\"async\" alt=\"\" src=\"https:\/\/www.europesays.com\/fr\/wp-content\/uploads\/2026\/01\/9112235f-b941-4f2c-92f3-be092941c48b.jpeg\"\/><\/a><\/p>\n<p>Cette reconnaissance nationale est l\u2019aboutissement d\u2019un processus exigeant et approfondi, fond\u00e9 sur une analyse fine des pratiques et des actions concr\u00e8tes men\u00e9es par l\u2019\u00e9tablissement. Il reconna\u00eet la coh\u00e9rence et la maturit\u00e9 de la d\u00e9marche engag\u00e9e depuis plusieurs ann\u00e9es autour des enjeux du DD&amp;RS.<\/p>\n<p>Pour d\u00e9livrer le Label DD&amp;RS, le CIRSES se base sur un r\u00e9f\u00e9rentiel structur\u00e9 autour de cinq axes\u00a0:<\/p>\n<ul class=\"disc\">\n<li>Strat\u00e9gie et Gouvernance<\/li>\n<li>Enseignement et Formation<\/li>\n<li>Recherche et Innovation<\/li>\n<li>Gestion environnementale<\/li>\n<li>Politique sociale<\/li>\n<\/ul>\n<p class=\"frame-orange\">La r\u00e9habilitation du campus Tr\u00e9filerie et les \u00e9conomies d\u2019\u00e9nergie qui en d\u00e9coulent, la g\u00e9n\u00e9ralisation du bilan carbone dans tous les laboratoires, composantes et services centraux, la mise en place de la certification Transition \u00c9cologique pour un D\u00e9veloppement Soutenable (TEDS) pour les \u00e9tudiants du 1er cycle, l\u2019ouverture d\u2019une autoformation interne en ligne, la micro certification d\u00e9di\u00e9e au Pilotage Strat\u00e9gique de la Transition Durable propos\u00e9e par l\u2019IAE et la lutte contre toutes les formes de discrimination sont autant d\u2019exemples qui attestent de la mont\u00e9e en comp\u00e9tences de l\u2019UJM sur ces th\u00e9matiques.<\/p>\n<p>Depuis plusieurs ann\u00e9es, l\u2019UJM agit, au sein de chacune de ses composantes de formation et laboratoires de recherche, pour r\u00e9duire son impact environnemental et pour sensibiliser ses personnels et \u00e9tudiants aux pratiques vertueuses. L\u2019obtention du Label DD&amp;RS est donc le fruit d\u2019un travail collaboratif mobilisant de nombreux acteurs : \u00e9quipes administratives et techniques, enseignants-chercheurs, \u00e9tudiants et instances de gouvernance.<\/p>\n<p class=\"margin\">Cette dynamique collective t\u00e9moigne d\u2019une ambition partag\u00e9e : faire de l\u2019universit\u00e9 un acteur pleinement engag\u00e9 dans les transitions environnementales, sociales et soci\u00e9tales.<\/p>\n<p>En s\u2019inscrivant dans une d\u00e9marche d\u2019am\u00e9lioration continue, l\u2019UJM affirme sa volont\u00e9 de p\u00e9renniser son Label DD&amp;RS et de faire du d\u00e9veloppement durable et de la responsabilit\u00e9 soci\u00e9tale l\u2019un des piliers de son projet d\u2019\u00e9tablissement et de son identit\u00e9.<\/p>\n","protected":false},"excerpt":{"rendered":"Attribu\u00e9 officiellement depuis le 18 d\u00e9cembre 2025, ce label valorise les d\u00e9marches de D\u00e9veloppement Durable et de Responsabilit\u00e9&hellip;\n","protected":false},"author":2,"featured_media":649261,"comment_status":"","ping_status":"","sticky":false,"template":"","format":"standard","meta":{"footnotes":""},"categories":[9653],"tags":[1111,11,2430,1777,674,1011,27,12,25,4001],"class_list":{"0":"post-649260","1":"post","2":"type-post","3":"status-publish","4":"format-standard","5":"has-post-thumbnail","7":"category-saint-etienne","8":"tag-actu","9":"tag-actualites","10":"tag-auvergne-rhone-alpes","11":"tag-eu","12":"tag-europe","13":"tag-fr","14":"tag-france","15":"tag-news","16":"tag-republique-francaise","17":"tag-saint-etienne"},"share_on_mastodon":{"url":"https:\/\/pubeurope.com\/@fr\/115859285926874214","error":""},"_links":{"self":[{"href":"https:\/\/www.europesays.com\/fr\/wp-json\/wp\/v2\/posts\/649260","targetHints":{"allow":["GET"]}}],"collection":[{"href":"https:\/\/www.europesays.com\/fr\/wp-json\/wp\/v2\/posts"}],"about":[{"href":"https:\/\/www.europesays.com\/fr\/wp-json\/wp\/v2\/types\/post"}],"author":[{"embeddable":true,"href":"https:\/\/www.europesays.com\/fr\/wp-json\/wp\/v2\/users\/2"}],"replies":[{"embeddable":true,"href":"https:\/\/www.europesays.com\/fr\/wp-json\/wp\/v2\/comments?post=649260"}],"version-history":[{"count":0,"href":"https:\/\/www.europesays.com\/fr\/wp-json\/wp\/v2\/posts\/649260\/revisions"}],"wp:featuredmedia":[{"embeddable":true,"href":"https:\/\/www.europesays.com\/fr\/wp-json\/wp\/v2\/media\/649261"}],"wp:attachment":[{"href":"https:\/\/www.europesays.com\/fr\/wp-json\/wp\/v2\/media?parent=649260"}],"wp:term":[{"taxonomy":"category","embeddable":true,"href":"https:\/\/www.europesays.com\/fr\/wp-json\/wp\/v2\/categories?post=649260"},{"taxonomy":"post_tag","embeddable":true,"href":"https:\/\/www.europesays.com\/fr\/wp-json\/wp\/v2\/tags?post=649260"}],"curies":[{"name":"wp","href":"https:\/\/api.w.org\/{rel}","templated":true}]}}