{"id":649262,"date":"2026-01-08T11:39:13","date_gmt":"2026-01-08T11:39:13","guid":{"rendered":"https:\/\/www.europesays.com\/fr\/649262\/"},"modified":"2026-01-08T11:39:13","modified_gmt":"2026-01-08T11:39:13","slug":"meteo-des-chutes-de-neige-encore-attendues-ce-jeudi-dans-la-loire-voici-ou","status":"publish","type":"post","link":"https:\/\/www.europesays.com\/fr\/649262\/","title":{"rendered":"M\u00e9t\u00e9o. Des chutes de neige encore attendues ce jeudi dans la Loire : voici o\u00f9"},"content":{"rendered":"<p>                    Par<br \/>\n        <strong><br \/>\n            <a href=\"https:\/\/actu.fr\/auteur\/mathias-souteyrat\" title=\"Consulter tous les articles de Mathias Souteyrat\" target=\"_blank\" rel=\"noopener\">Mathias Souteyrat<\/a><br \/>\n                    <\/strong><\/p>\n<p>        Publi\u00e9 le<\/p>\n<p>            8 janv. 2026 \u00e0 8h40        <\/p>\n<p>Attention sur les routes de la <a href=\"https:\/\/actu.fr\/auvergne-rhone-alpes\/saint-etienne_42218\/meteo-la-neige-tombe-fortement-dans-la-loire-ces-secteurs-a-eviter_63665072.html\" target=\"_blank\" rel=\"noopener\">Loire<\/a>.<\/p>\n<p class=\" wall-content\">S\u2019il a neig\u00e9 mercredi, les temp\u00e9ratures glaciales de la nuit rendent les chauss\u00e9es glissantes ce jeudi 8\u00a0janvier. \u00ab\u2009<strong>Soyez donc tr\u00e8s prudents au volant et sur les trottoirs<\/strong>. Les risques de glissades pourraient \u00eatre importants\u2009\u00bb, pr\u00e9vient la pr\u00e9fecture lig\u00e9rienne.<\/p>\n<p>10 cm sur les monts du Forez, camions interdits sur l\u2019A89<\/p>\n<p class=\" wall-content\">Les flocons vont encore tomber sur le d\u00e9partement. Il devrait encore neiger dans les monts du Forez, o\u00f9 10 cm sont attendus ce jeudi matin.<\/p>\n<p>    <a href=\"https:\/\/www.facebook.com\/plugins\/post.php?href=https%3A%2F%2Fwww.facebook.com%2FVilledeRoanneOfficiel%2Fposts%2Fpfbid02qJwAFfsSxgghEX3H5Ex1grChg9ARgV5BEnvWA8uUd5vZwmiai8tvSz6LK5XJBwMzl&amp;show_text=true&amp;width=350\" title=\"Ouvrie le lien\" target=\"_blank\" rel=\"noopener\">Cliquez ici pour visualiser le contenu<\/a><\/p>\n<p class=\" wall-content\">L\u2019interdiction des poids lourds sur l\u2019A89 est maintenue ce jeudi matin entre la Loire et le Puy-de-D\u00f4me, annonce la pr\u00e9fecture.<\/p>\n<p>Quelques pluies vergla\u00e7antes\/pluies sur sol gel\u00e9<\/p>\n<p class=\" wall-content\">Une nouvelle perturbation associ\u00e9e \u00e0 un redoux circule sur la r\u00e9gion ce jeudi.<\/p>\n<blockquote class=\"ac-article-quote wall-content\">\n<p>Dans le Massif central, apr\u00e8s avoir donn\u00e9 des chutes de neige et quelques pluies vergla\u00e7antes\/pluies sur sol gel\u00e9, le redoux associ\u00e9 au passage en pluie s&rsquo;op\u00e8re par l&rsquo;ouest (avec encore un faible risque de pluies sur sol gel\u00e9 localis\u00e9es c\u00f4t\u00e9 Loire, Rh\u00f4ne et Mont du Vivarais jusqu&rsquo;\u00e0 8\/10h).<\/p>\n<p>    <strong>M\u00e9t\u00e9o France<\/strong>\n            <\/p><\/blockquote>\n<p>Votre r\u00e9gion, votre actu !<\/p>\n<p>Recevez chaque jour les infos qui comptent pour vous.<\/p>\n<p>\t<a href=\"https:\/\/actu.fr\/newsletter\" class=\"ac-btn ac-btn--corner ac-btn--medium ac-btn--blue800\" target=\"_blank\" rel=\"noopener\">S&rsquo;incrire<\/a><\/p>\n<p class=\" wall-content\">Sur le reste de la r\u00e9gion, la perturbation apporte de la neige avant la remont\u00e9e des temp\u00e9ratures en cours de matin\u00e9e, sauf dans les vall\u00e9es alpines o\u00f9 l\u2019air pourra rester froid toute la journ\u00e9e avec chutes de neige \u00e0 la cl\u00e9.<\/p>\n<p class=\" wall-content\">Personnalisez votre actualit\u00e9 en ajoutant vos villes et m\u00e9dias en favori avec <a href=\"https:\/\/moncompte.actu.fr\" title=\"D\u00e9couvez Mon Actu\" rel=\"nofollow noopener\" data-trk=\"{&quot;cta&quot;:{&quot;action&quot;:&quot;https:\\\/\\\/moncompte.actu.fr&quot;,&quot;category&quot;:&quot;mon compte&quot;,&quot;from&quot;:&quot;article footer&quot;,&quot;name&quot;:&quot;Mon actu&quot;,&quot;type&quot;:&quot;cta&quot;}}\" target=\"_blank\">Mon Actu<\/a>.<\/p>\n","protected":false},"excerpt":{"rendered":"Par Mathias Souteyrat Publi\u00e9 le 8 janv. 2026 \u00e0 8h40 Attention sur les routes de la Loire. S\u2019il&hellip;\n","protected":false},"author":2,"featured_media":649263,"comment_status":"","ping_status":"","sticky":false,"template":"","format":"standard","meta":{"footnotes":""},"categories":[9653],"tags":[1111,11,16528,2430,1777,674,1011,27,2487,2357,10584,12,25,4001],"class_list":{"0":"post-649262","1":"post","2":"type-post","3":"status-publish","4":"format-standard","5":"has-post-thumbnail","7":"category-saint-etienne","8":"tag-actu","9":"tag-actualites","10":"tag-autoroute-89-a89","11":"tag-auvergne-rhone-alpes","12":"tag-eu","13":"tag-europe","14":"tag-fr","15":"tag-france","16":"tag-meteo","17":"tag-meteo-france","18":"tag-neige","19":"tag-news","20":"tag-republique-francaise","21":"tag-saint-etienne"},"share_on_mastodon":{"url":"https:\/\/pubeurope.com\/@fr\/115859289716706345","error":""},"_links":{"self":[{"href":"https:\/\/www.europesays.com\/fr\/wp-json\/wp\/v2\/posts\/649262","targetHints":{"allow":["GET"]}}],"collection":[{"href":"https:\/\/www.europesays.com\/fr\/wp-json\/wp\/v2\/posts"}],"about":[{"href":"https:\/\/www.europesays.com\/fr\/wp-json\/wp\/v2\/types\/post"}],"author":[{"embeddable":true,"href":"https:\/\/www.europesays.com\/fr\/wp-json\/wp\/v2\/users\/2"}],"replies":[{"embeddable":true,"href":"https:\/\/www.europesays.com\/fr\/wp-json\/wp\/v2\/comments?post=649262"}],"version-history":[{"count":0,"href":"https:\/\/www.europesays.com\/fr\/wp-json\/wp\/v2\/posts\/649262\/revisions"}],"wp:featuredmedia":[{"embeddable":true,"href":"https:\/\/www.europesays.com\/fr\/wp-json\/wp\/v2\/media\/649263"}],"wp:attachment":[{"href":"https:\/\/www.europesays.com\/fr\/wp-json\/wp\/v2\/media?parent=649262"}],"wp:term":[{"taxonomy":"category","embeddable":true,"href":"https:\/\/www.europesays.com\/fr\/wp-json\/wp\/v2\/categories?post=649262"},{"taxonomy":"post_tag","embeddable":true,"href":"https:\/\/www.europesays.com\/fr\/wp-json\/wp\/v2\/tags?post=649262"}],"curies":[{"name":"wp","href":"https:\/\/api.w.org\/{rel}","templated":true}]}}