{"id":649273,"date":"2026-01-08T11:45:11","date_gmt":"2026-01-08T11:45:11","guid":{"rendered":"https:\/\/www.europesays.com\/fr\/649273\/"},"modified":"2026-01-08T11:45:11","modified_gmt":"2026-01-08T11:45:11","slug":"deux-nouvelles-lignes-low-cost-depuis-montpellier-pour-les-vacances-dete","status":"publish","type":"post","link":"https:\/\/www.europesays.com\/fr\/649273\/","title":{"rendered":"deux nouvelles lignes low-cost depuis Montpellier pour les vacances d&rsquo;\u00e9t\u00e9"},"content":{"rendered":"<p>                    Par<br \/>\n        <strong><br \/>\n            <a href=\"https:\/\/actu.fr\/auteur\/metropoop\" title=\"Consulter tous les articles de R\u00e9daction M\u00e9tropolitain\" target=\"_blank\" rel=\"noopener\">R\u00e9daction M\u00e9tropolitain<\/a><br \/>\n                    <\/strong><\/p>\n<p>        Publi\u00e9 le<\/p>\n<p>            8 janv. 2026 \u00e0 11h10<br \/>\n        ; mis \u00e0 jour le 8 janv. 2026 \u00e0 11h28    <\/p>\n<p><strong>Transavia<\/strong>, la compagnie low-cost du groupe Air France-KLM, amplifie sa pr\u00e9sence sur le tarmac montpelli\u00e9rain. Apr\u00e8s EasyJet, puis Volotea, qui a annonc\u00e9 il y a un mois l\u2019ouverture d\u2019une base \u00e0 compter d\u2019automne 2026, c\u2019est d\u00e9sormais au tour de Transavia de diversifier ses vols au d\u00e9part de l\u2019<strong>a\u00e9roport Montpellier M\u00e9diterran\u00e9e<\/strong>.<\/p>\n<p class=\" wall-content\">Ainsi, d\u00e8s le 19 juillet, la compagnie proposera un vol hebdomadaire (les dimanches) pour la ville de <strong>Malaga<\/strong>, situ\u00e9e dans le Sud de l\u2019Espagne, ainsi qu\u2019une liaison pour <strong>Tanger<\/strong> (tous les mercredis) \u00e0 partir du 15 juillet. Les billets sont r\u00e9servables <a href=\"https:\/\/www.transavia.com\/reserver\/fr-fr\/rechercher-un-vol\" target=\"_blank\" rel=\"noopener\">sur le site de la compagnie<\/a> \u00e0 partir de ce jeudi 8 janvier. Les tarifs annonc\u00e9s par la compagnie commencent \u00e0 43 euros\u00a0 l\u2019aller simple, pour la destination espagnole et \u00e0 54 euros pour l\u2019aller simple pour la \u00ab\u00a0ville blanche\u00a0\u00bb.\u00a0<\/p>\n<p>Une nouvelle offre estivale<\/p>\n<p class=\" wall-content\">Avec ces ouvertures de ligne, Tanger est d\u00e9sormais \u00e0 2h10 de vol de l\u2019H\u00e9rault et Malaga \u00e0 2h05.\u00a0<\/p>\n<p class=\" wall-content\">Pour Julien Mallard, directeur g\u00e9n\u00e9ral adjoint commercial pour Transavia France ces \u00ab\u00a0nouvelles liaisons internationales directes t\u00e9moignent de notre volont\u00e9 d\u2019\u00e9largir notre r\u00e9seau pour r\u00e9pondre \u00e0 la demande de nos clients en vue des vacances d\u2019\u00e9t\u00e9.\u00a0\u00bb Emmanuel Brehmer, pr\u00e9sident du directoire de l\u2019a\u00e9roport de Montpellier-M\u00e9diterran\u00e9e pr\u00e9cise : \u00ab\u00a0Nous sommes heureux de voir Transavia se renforcer \u00e0 Montpellier sur les march\u00e9s loisirs<br \/>et affinitaires. C\u2019est assur\u00e9ment une nouvelle opportunit\u00e9 pour les habitants de Montpellier<br \/>et sa r\u00e9gion de d\u00e9couvrir le sud de l\u2019Espagne et pour les familles de rejoindre facilement le<br \/>royaume ch\u00e9rifien et pour d\u2019autres d\u00e9couvrir la \u2018Ville Blanche\u2019\u00a0\u00bb.\u00a0<\/p>\n<p>Vid\u00e9os : en ce moment sur Actu<\/p>\n<p class=\" wall-content\">Pour connaitre les 45 lignes directes au d\u00e9part de Montpellier c\u2019est par <a href=\"https:\/\/www.montpellier.aeroport.fr\/fr\" target=\"_blank\" rel=\"noopener\">ici<\/a>.\u00a0<\/p>\n<p class=\" wall-content\">Personnalisez votre actualit\u00e9 en ajoutant vos villes et m\u00e9dias en favori avec <a href=\"https:\/\/moncompte.actu.fr\" title=\"D\u00e9couvez Mon Actu\" rel=\"nofollow noopener\" data-trk=\"{&quot;cta&quot;:{&quot;action&quot;:&quot;https:\\\/\\\/moncompte.actu.fr&quot;,&quot;category&quot;:&quot;mon compte&quot;,&quot;from&quot;:&quot;article footer&quot;,&quot;name&quot;:&quot;Mon actu&quot;,&quot;type&quot;:&quot;cta&quot;}}\" target=\"_blank\">Mon Actu<\/a>.<\/p>\n","protected":false},"excerpt":{"rendered":"Par R\u00e9daction M\u00e9tropolitain Publi\u00e9 le 8 janv. 2026 \u00e0 11h10 ; mis \u00e0 jour le 8 janv. 2026&hellip;\n","protected":false},"author":2,"featured_media":649274,"comment_status":"","ping_status":"","sticky":false,"template":"","format":"standard","meta":{"footnotes":""},"categories":[9599],"tags":[1111,11,17788,1777,674,1011,27,2208,12,2680,25,104,756,3176],"class_list":{"0":"post-649273","1":"post","2":"type-post","3":"status-publish","4":"format-standard","5":"has-post-thumbnail","7":"category-montpellier","8":"tag-actu","9":"tag-actualites","10":"tag-aeroport-montpellier-mediterranee","11":"tag-eu","12":"tag-europe","13":"tag-fr","14":"tag-france","15":"tag-montpellier","16":"tag-news","17":"tag-occitanie","18":"tag-republique-francaise","19":"tag-societe","20":"tag-transavia","21":"tag-vacances-scolaires"},"share_on_mastodon":{"url":"https:\/\/pubeurope.com\/@fr\/115859313390842471","error":""},"_links":{"self":[{"href":"https:\/\/www.europesays.com\/fr\/wp-json\/wp\/v2\/posts\/649273","targetHints":{"allow":["GET"]}}],"collection":[{"href":"https:\/\/www.europesays.com\/fr\/wp-json\/wp\/v2\/posts"}],"about":[{"href":"https:\/\/www.europesays.com\/fr\/wp-json\/wp\/v2\/types\/post"}],"author":[{"embeddable":true,"href":"https:\/\/www.europesays.com\/fr\/wp-json\/wp\/v2\/users\/2"}],"replies":[{"embeddable":true,"href":"https:\/\/www.europesays.com\/fr\/wp-json\/wp\/v2\/comments?post=649273"}],"version-history":[{"count":0,"href":"https:\/\/www.europesays.com\/fr\/wp-json\/wp\/v2\/posts\/649273\/revisions"}],"wp:featuredmedia":[{"embeddable":true,"href":"https:\/\/www.europesays.com\/fr\/wp-json\/wp\/v2\/media\/649274"}],"wp:attachment":[{"href":"https:\/\/www.europesays.com\/fr\/wp-json\/wp\/v2\/media?parent=649273"}],"wp:term":[{"taxonomy":"category","embeddable":true,"href":"https:\/\/www.europesays.com\/fr\/wp-json\/wp\/v2\/categories?post=649273"},{"taxonomy":"post_tag","embeddable":true,"href":"https:\/\/www.europesays.com\/fr\/wp-json\/wp\/v2\/tags?post=649273"}],"curies":[{"name":"wp","href":"https:\/\/api.w.org\/{rel}","templated":true}]}}