{"id":649275,"date":"2026-01-08T11:46:11","date_gmt":"2026-01-08T11:46:11","guid":{"rendered":"https:\/\/www.europesays.com\/fr\/649275\/"},"modified":"2026-01-08T11:46:11","modified_gmt":"2026-01-08T11:46:11","slug":"a-bihorel-une-association-met-la-survie-du-presbytere-au-menu-des-elections-municipales","status":"publish","type":"post","link":"https:\/\/www.europesays.com\/fr\/649275\/","title":{"rendered":"\u00c0 Bihorel, une association met la survie du presbyt\u00e8re au menu des \u00e9lections municipales"},"content":{"rendered":"<p class=\"paragraph text_align_left lp-f-body-02\">C\u2019est un vieux dossier qui revient hanter la commune de Bihorel, pr\u00e8s de Rouen \u00e0 quelques mois des \u00e9lections municipales. En 1872, l\u2019Abb\u00e9 Flavigny l\u00e9guait en effet \u00e0 la commune (alors encore celle de Bois-Guillaume puisque Bihorel ne fut fond\u00e9e qu\u2019en 1892) un terrain de 8 000 m2 et une maison en brique et silex \u00e0 quelques m\u00e8tres de l\u2019\u00e9glise.<\/p>\n<p class=\"\">La condition : maintenir l\u2019\u00e9cole Notre-Dame des Anges et cr\u00e9er un presbyt\u00e8re. Aujourd\u2019hui, l\u2019\u00e9tablissement scolaire est s\u00e9par\u00e9 de l\u2019ensemble et le logement du cur\u00e9 est devenu propri\u00e9t\u00e9 de la commune en vertu de la loi de 1905 sur la s\u00e9paration des \u00c9glises et de l\u2019\u00c9tat.<\/p>\n<p class=\"\">Mais, avec le temps, le maire actuel, Pascal Houbron, a consid\u00e9r\u00e9 que \u00ab la b\u00e2tisse avait mal vieilli, n\u2019\u00e9tait plus aux normes et n\u2019avait pas de v\u00e9ritable int\u00e9r\u00eat architectural, une vulgaire maison du XIXe si\u00e8cle \u00bb. D\u00e8s 2019, il a donc pris langue avec le cur\u00e9 et le dioc\u00e8se afin de c\u00e9der la parcelle \u00e0 un promoteur immobilier.<\/p>\n<p class=\"\">Imm\u00e9diatement, riverains, \u00e9lus d\u2019opposition et l\u2019\u00e9quipe paroissiale ont exprim\u00e9 leurs r\u00e9ticences, en tout cas \u00e9mis le v\u0153u de participer directement \u00e0 la concertation afin de conserver sur place des activit\u00e9s religieuses et humanistes, notamment le presbyt\u00e8re.<\/p>\n<p class=\"\">Parall\u00e8lement, plusieurs promoteurs ont r\u00e9pondu \u00e0 l\u2019appel et, faisant la sourde oreille, la Ville a choisi la version de Kauffmann &amp; Broad. Regroup\u00e9s au sein de l\u2019association Au c\u0153ur de Bihorel, pr\u00e8s de 200 membres ont alors port\u00e9 le dossier au tribunal administratif et aussi civil \u00ab qui ont gel\u00e9 la d\u00e9lib\u00e9ration du Conseil Municipal, le cahier des charges et le choix du promoteur \u00bb.<\/p>\n<p>Un projet concret pour une future municipalit\u00e9<\/p>\n<p class=\"\">Alors que se profilent <a href=\"https:\/\/www.leparisien.fr\/elections\/municipales\/\" target=\"_self\" rel=\"noopener\">les \u00e9lections municipales de mars<\/a>, le statu quo est total. Mais l\u2019association bihorellaise a bien l\u2019intention de remettre le dossier sur le tapis. \u00ab Nous anticipons un changement de majorit\u00e9. Une nouvelle \u00e9quipe \u00e0 la t\u00eate de la ville devra se poser la question. Et comme nous ne voulons pas que ce soit \u00e0 partir de rien des gens travaillent sur ce dossier depuis trois ou quatre ans et nous avons fait appel \u00e0 un architecte-urbaniste, avec l\u2019id\u00e9e d\u2019\u00eatre dans le concret, tout en conservant l\u2019ancien presbyt\u00e8re \u00bb, a d\u00e9clar\u00e9 Martine Laconde, la vice-pr\u00e9sidente d\u2019Au C\u0153ur de Bihorel lors d\u2019une r\u00e9union, le lundi 1er d\u00e9cembre, de pr\u00e9sentation d\u2019un projet imagin\u00e9 par l\u2019architecte rouennais Laurent Protois.<\/p>\n<p class=\"\">Le bureau de l\u2019association a d\u2019abord expliqu\u00e9 qu\u2019il avait r\u00e9colt\u00e9 assez de dons pour financer les services \u00ab d\u2019un architecte urbaniste, enseignant \u00e0 l\u2019\u00e9cole nationale de Rouen et du Havre qui b\u00e9n\u00e9ficie d\u2019une vraie exp\u00e9rience sur la r\u00e9habilitation de l\u2019ancien. Il nous a fait un devis en deux phases. Nous pr\u00e9sentons donc la premi\u00e8re. Celle de la faisabilit\u00e9 en termes de m2 et d\u2019usages sur un ensemble sur 1 338 m2 \u00bb.<\/p>\n<p class=\"\">Devant 80 personnes, Laurent Protois a d\u00e9montr\u00e9 qu\u2019il \u00e9tait possible de proposer onze logements sur la parcelle, \u00ab dont quatre dans le presbyt\u00e8re (deux T1, un T2 et un T3) au rez-de-chauss\u00e9e et dans les combles am\u00e9nageables. Le 1er \u00e9tage serait maintenu en partie pour les activit\u00e9s paroissiales et le presbyt\u00e8re avec une extension qui viendrait au niveau de la rue afin que ce soit plus visible et accessible \u00bb.<\/p>\n<p>\u00ab Nous n\u2019avons pas le sentiment d\u2019avoir \u00e9t\u00e9 \u00e9cout\u00e9s \u00bb<\/p>\n<p class=\"\">Les autres logements se r\u00e9partiraient dans une ancienne remise et une nouvelle construction le long de la rue de la Lib\u00e9ration. Question stationnement, des places seraient pr\u00e9vues \u00e0 l\u2019arri\u00e8re du presbyt\u00e8re et en sous-sol : \u00ab Sur le terrain, l\u2019architecte pr\u00e9voit de faire tomber la salle des ann\u00e9es 1980 pour int\u00e9grer des espaces multifonctionnels sur 170 m2 au sol et 110 m2 en \u00e9tage, des potagers partag\u00e9s, une serre d\u2019agriculture urbaine et des jardins attribu\u00e9s \u00bb, pr\u00e9cise l\u2019association.<\/p>\n<p class=\"\">\u00ab L\u2019architecte a lanc\u00e9 pas mal d\u2019id\u00e9es, mais on ne peut pas encore dire ce qui pourrait \u00eatre repris. L\u2019int\u00e9r\u00eat est vraiment d\u2019ouvrir le champ des possibles. Proposer un projet diff\u00e9rent de la majorit\u00e9 des promoteurs immobiliers. Cela a tr\u00e8s bien \u00e9t\u00e9 compris par le public. Les gens ont \u00e9t\u00e9 scotch\u00e9s par la pr\u00e9sentation d\u2019un vrai professionnel \u00bb, assure Martine Laconde.<\/p>\n<p class=\"\">Pour l\u2019heure, la municipalit\u00e9 est toujours seule d\u00e9cisionnaire, \u00ab mais nous plaidons toujours pour une vision alternative et innovante. L\u00e0, on se rend compte que la parcelle peut int\u00e9grer les valeurs que nous pr\u00f4nons. Celles de la paroisse et des diversit\u00e9s. Nous voulons aussi parler de gouvernance, car ces derni\u00e8res ann\u00e9es, nous avons souffert d\u2019un manque d\u2019\u00e9coute, m\u00eame si le maire dit encore et toujours qu\u2019il n\u2019a jamais autant consult\u00e9 sur un projet. Oui, il nous a re\u00e7us plusieurs fois, mais nous n\u2019avons pas le sentiment d\u2019avoir \u00e9t\u00e9 entendus. Nous souhaitons donc que l\u2019on tienne compte un peu de ce que veulent les adh\u00e9rents, les riverains et les Bihorellais plus globalement \u00bb, a poursuivi la vice-pr\u00e9sidente de l\u2019association.<\/p>\n<p class=\"\">Au c\u0153ur de Bihorel compte sur la campagne \u00e9lectorale pour implanter ses id\u00e9es, \u00ab gr\u00e2ce \u00e0 un dossier solide qui va nous permettre de rencontrer toutes les listes qui se pr\u00e9sentent aux municipales, peu importent leurs tendances politiques. Nous poserons les questions : que ferez-vous si vous \u00eates \u00e9lus demain ? Est-ce qu\u2019on se met autour d\u2019une table et pouvons-nous travailler ensemble ? Nous allons voir comment ils vont r\u00e9agir. Nous voulons en tout cas que l\u2019avenir du presbyt\u00e8re soit dans leurs programmes. Ce peut \u00eatre un engagement embl\u00e9matique d\u2019une nouvelle fa\u00e7on de travailler sur Bihorel. C\u2019est notre volont\u00e9 ! Apr\u00e8s, pour la seconde phase, tout va d\u00e9pendre de nos finances. Il faudra une analyse plus pr\u00e9cise qui va demander un peu plus de temps \u00bb.<\/p>\n","protected":false},"excerpt":{"rendered":"C\u2019est un vieux dossier qui revient hanter la commune de Bihorel, pr\u00e8s de Rouen \u00e0 quelques mois des&hellip;\n","protected":false},"author":2,"featured_media":649276,"comment_status":"","ping_status":"","sticky":false,"template":"","format":"standard","meta":{"footnotes":""},"categories":[9587],"tags":[1111,917,11,459,1777,674,1011,27,1116,12,5161,25,9590,11074],"class_list":{"0":"post-649275","1":"post","2":"type-post","3":"status-publish","4":"format-standard","5":"has-post-thumbnail","7":"category-rouen","8":"tag-actu","9":"tag-actu-locale","10":"tag-actualites","11":"tag-departements-horsidfo","12":"tag-eu","13":"tag-europe","14":"tag-fr","15":"tag-france","16":"tag-immobilier","17":"tag-news","18":"tag-normandie","19":"tag-republique-francaise","20":"tag-rouen","21":"tag-seine-maritime-76"},"share_on_mastodon":{"url":"https:\/\/pubeurope.com\/@fr\/115859317324669835","error":""},"_links":{"self":[{"href":"https:\/\/www.europesays.com\/fr\/wp-json\/wp\/v2\/posts\/649275","targetHints":{"allow":["GET"]}}],"collection":[{"href":"https:\/\/www.europesays.com\/fr\/wp-json\/wp\/v2\/posts"}],"about":[{"href":"https:\/\/www.europesays.com\/fr\/wp-json\/wp\/v2\/types\/post"}],"author":[{"embeddable":true,"href":"https:\/\/www.europesays.com\/fr\/wp-json\/wp\/v2\/users\/2"}],"replies":[{"embeddable":true,"href":"https:\/\/www.europesays.com\/fr\/wp-json\/wp\/v2\/comments?post=649275"}],"version-history":[{"count":0,"href":"https:\/\/www.europesays.com\/fr\/wp-json\/wp\/v2\/posts\/649275\/revisions"}],"wp:featuredmedia":[{"embeddable":true,"href":"https:\/\/www.europesays.com\/fr\/wp-json\/wp\/v2\/media\/649276"}],"wp:attachment":[{"href":"https:\/\/www.europesays.com\/fr\/wp-json\/wp\/v2\/media?parent=649275"}],"wp:term":[{"taxonomy":"category","embeddable":true,"href":"https:\/\/www.europesays.com\/fr\/wp-json\/wp\/v2\/categories?post=649275"},{"taxonomy":"post_tag","embeddable":true,"href":"https:\/\/www.europesays.com\/fr\/wp-json\/wp\/v2\/tags?post=649275"}],"curies":[{"name":"wp","href":"https:\/\/api.w.org\/{rel}","templated":true}]}}