{"id":649277,"date":"2026-01-08T11:47:16","date_gmt":"2026-01-08T11:47:16","guid":{"rendered":"https:\/\/www.europesays.com\/fr\/649277\/"},"modified":"2026-01-08T11:47:16","modified_gmt":"2026-01-08T11:47:16","slug":"meteo-quel-temps-fera-t-il-a-sotteville-les-rouen-et-ses-environs-le-jeudi-8-janvier-2026","status":"publish","type":"post","link":"https:\/\/www.europesays.com\/fr\/649277\/","title":{"rendered":"M\u00e9t\u00e9o. Quel temps fera-t-il \u00e0 Sotteville-l\u00e8s-Rouen et ses environs le jeudi 8 janvier 2026 ?"},"content":{"rendered":"<p>Ce jeudi 8 janvier \u00e0 Sotteville-l\u00e8s-Rouen, la matin\u00e9e d\u00e9butera sous un ciel couvert avec une temp\u00e9rature de 4 \u00b0C. Vers 7 h, la temp\u00e9rature grimpera \u00e0 7 \u00b0C et le vent, initialement faible, se renforcera, soufflant de l&rsquo;ouest-nord-ouest \u00e0 10 km\/h avec des rafales atteignant 20 km\/h. \u00c0 partir de 8 h, la temp\u00e9rature continuera de monter pour atteindre 8 \u00b0C, tandis que le vent, venant de l&rsquo;ouest, gagnera en intensit\u00e9 avec des rafales pouvant aller jusqu&rsquo;\u00e0 45 km\/h. L&rsquo;humidit\u00e9 diminuera progressivement au fil des heures. Le ciel restera couvert jusqu&rsquo;\u00e0 la fin de la matin\u00e9e.<\/p>\n<p>L&rsquo;apr\u00e8s-midi du jeudi 8 janvier 2026 \u00e0 Sotteville-l\u00e8s-Rouen sera marqu\u00e9 par un ciel couvert persistant. Les temp\u00e9ratures oscilleront entre 8 \u00b0C et 9 \u00b0C, avec un pic \u00e0 9 \u00b0C vers 13 h et 17 h. Le vent soufflera principalement du sud, variant entre 10 km\/h et 20 km\/h, avec des rafales atteignant jusqu&rsquo;\u00e0 35 km\/h en fin de journ\u00e9e. \u00c0 partir de 15 h, une bruine forte est attendue, se poursuivant jusqu&rsquo;\u00e0 17 h. L&rsquo;humidit\u00e9 augmentera progressivement, accentuant la sensation de fra\u00eecheur au fil de l&rsquo;apr\u00e8s-midi.<\/p>\n<p>La soir\u00e9e du jeudi 8 janvier 2026 \u00e0 Sotteville-l\u00e8s-Rouen d\u00e9butera sous une forte bruine avec des temp\u00e9ratures autour de 9 \u00b0C. Le vent soufflera du sud avec des rafales atteignant 35 km\/h. \u00c0 partir de 19 h, le ciel restera couvert, et les temp\u00e9ratures monteront l\u00e9g\u00e8rement \u00e0 10 \u00b0C. Le vent se renforcera progressivement, atteignant 25 km\/h avec des rafales jusqu&rsquo;\u00e0 45 km\/h. La bruine persistera jusqu&rsquo;\u00e0 21 h, puis le ciel restera couvert. Les temp\u00e9ratures continueront \u00e0 augmenter, atteignant 12 \u00b0C \u00e0 23 h, tandis que le vent soufflera du sud-ouest avec des rafales jusqu&rsquo;\u00e0 75 km\/h. L&rsquo;humidit\u00e9 diminuera progressivement au cours de la soir\u00e9e.<\/p>\n<p>Durant la nuit, les temp\u00e9ratures varieront de 11 \u00b0C \u00e0 7 \u00b0C. Le vent soufflera principalement du sud-ouest, puis de l&rsquo;ouest-sud-ouest, avec des vitesses allant de 35 km\/h \u00e0 50 km\/h et des rafales atteignant jusqu&rsquo;\u00e0 105 km\/h. La couverture nuageuse restera dense, et l&rsquo;humidit\u00e9 sera \u00e9lev\u00e9e. Le ciel sera couvert en d\u00e9but de nuit, suivi de fortes bruines \u00e0 partir de 2 h jusqu&rsquo;\u00e0 5 h.<\/p>\n<p>Demain, le vendredi 9 janvier 2026, la journ\u00e9e d\u00e9butera avec une temp\u00e9rature de 8 \u00b0C et une forte bruine accompagn\u00e9e de vents violents soufflant de l&rsquo;ouest, atteignant 45 km\/h avec des rafales pouvant aller jusqu&rsquo;\u00e0 110 km\/h. La temp\u00e9rature baissera l\u00e9g\u00e8rement \u00e0 7 \u00b0C en d\u00e9but de matin\u00e9e, tandis que les rafales diminueront \u00e0 90 km\/h. \u00c0 partir de la mi-journ\u00e9e, la temp\u00e9rature se stabilisera autour de 6 \u00b0C, le vent soufflera toujours de l&rsquo;ouest \u00e0 40 km\/h, et le ciel restera tr\u00e8s nuageux. En fin d&rsquo;apr\u00e8s-midi, la temp\u00e9rature descendra \u00e0 5 \u00b0C, avec des averses de gr\u00eale et des rafales de vent atteignant 70 km\/h.<\/p>\n<p><a href=\"https:\/\/www.ouest-france.fr\/meteo\/normandie\/sotteville-les-rouen-76300\/\" target=\"_blank\" rel=\"noopener\">Suivez la m\u00e9t\u00e9o de votre commune en temps r\u00e9el<\/a><\/p>\n<p>Ouest-France vous donne \u00e9galement la possibilit\u00e9 de conna\u00eetre la m\u00e9t\u00e9o de votre commune, heure par heure, sur notre page m\u00e9t\u00e9o d\u00e9di\u00e9e<\/p>\n","protected":false},"excerpt":{"rendered":"Ce jeudi 8 janvier \u00e0 Sotteville-l\u00e8s-Rouen, la matin\u00e9e d\u00e9butera sous un ciel couvert avec une temp\u00e9rature de 4&hellip;\n","protected":false},"author":2,"featured_media":649278,"comment_status":"","ping_status":"","sticky":false,"template":"","format":"standard","meta":{"footnotes":""},"categories":[9587],"tags":[1111,11,75429,30595,36893,1777,674,1011,27,36149,75430,71180,12,5161,25,9590,22412,75431,56267,25676],"class_list":{"0":"post-649277","1":"post","2":"type-post","3":"status-publish","4":"format-standard","5":"has-post-thumbnail","7":"category-rouen","8":"tag-actu","9":"tag-actualites","10":"tag-amfreville-la-mi-voie","11":"tag-belbeuf","12":"tag-bonsecours","13":"tag-eu","14":"tag-europe","15":"tag-fr","16":"tag-france","17":"tag-la-neuville-chant-doisel","18":"tag-le-grand-quevilly","19":"tag-le-petit-quevilly","20":"tag-news","21":"tag-normandie","22":"tag-republique-francaise","23":"tag-rouen","24":"tag-saint-etienne-du-rouvray","25":"tag-saint-jacques-sur-darnetal","26":"tag-sotteville-les-rouen","27":"tag-tourville-la-riviere"},"share_on_mastodon":{"url":"https:\/\/pubeurope.com\/@fr\/115859321265527108","error":""},"_links":{"self":[{"href":"https:\/\/www.europesays.com\/fr\/wp-json\/wp\/v2\/posts\/649277","targetHints":{"allow":["GET"]}}],"collection":[{"href":"https:\/\/www.europesays.com\/fr\/wp-json\/wp\/v2\/posts"}],"about":[{"href":"https:\/\/www.europesays.com\/fr\/wp-json\/wp\/v2\/types\/post"}],"author":[{"embeddable":true,"href":"https:\/\/www.europesays.com\/fr\/wp-json\/wp\/v2\/users\/2"}],"replies":[{"embeddable":true,"href":"https:\/\/www.europesays.com\/fr\/wp-json\/wp\/v2\/comments?post=649277"}],"version-history":[{"count":0,"href":"https:\/\/www.europesays.com\/fr\/wp-json\/wp\/v2\/posts\/649277\/revisions"}],"wp:featuredmedia":[{"embeddable":true,"href":"https:\/\/www.europesays.com\/fr\/wp-json\/wp\/v2\/media\/649278"}],"wp:attachment":[{"href":"https:\/\/www.europesays.com\/fr\/wp-json\/wp\/v2\/media?parent=649277"}],"wp:term":[{"taxonomy":"category","embeddable":true,"href":"https:\/\/www.europesays.com\/fr\/wp-json\/wp\/v2\/categories?post=649277"},{"taxonomy":"post_tag","embeddable":true,"href":"https:\/\/www.europesays.com\/fr\/wp-json\/wp\/v2\/tags?post=649277"}],"curies":[{"name":"wp","href":"https:\/\/api.w.org\/{rel}","templated":true}]}}