{"id":649282,"date":"2026-01-08T11:50:27","date_gmt":"2026-01-08T11:50:27","guid":{"rendered":"https:\/\/www.europesays.com\/fr\/649282\/"},"modified":"2026-01-08T11:50:27","modified_gmt":"2026-01-08T11:50:27","slug":"jai-du-jeter-6-000-litres-de-lait-en-bretagne-les-agriculteurs-touches-de-plein-fouet-par-lepisode-de-neige","status":"publish","type":"post","link":"https:\/\/www.europesays.com\/fr\/649282\/","title":{"rendered":"\u00ab\u00a0J\u2019ai d\u00fb jeter 6\u00a0000 litres de lait\u00a0\u00bb\u00a0: en Bretagne, les agriculteurs touch\u00e9s de plein fouet par l\u2019\u00e9pisode de neige"},"content":{"rendered":"<p>L\u2019<a href=\"https:\/\/www.letelegramme.fr\/bretagne\/une-partie-de-la-bretagne-sous-la-neige-les-plus-belles-photos-6957503.php\" target=\"_blank\" rel=\"noopener\">\u00e9pisode de neige<\/a> n\u2019a pas paralys\u00e9 que les automobilistes. Les producteurs de lait d\u2019Ille-et-Vilaine subissent, eux aussi, les cons\u00e9quences de la circulation chaotique depuis le d\u00e9but de la semaine. \u00ab Les restrictions de circulation impos\u00e9es aux poids lourds ont gravement d\u00e9sorganis\u00e9 les livraisons d\u2019aliments et la collecte du lait, s\u2019inqui\u00e8te la FDSEA 35 dans un communiqu\u00e9. Dans le sud du d\u00e9partement, la collecte laiti\u00e8re n\u2019a pas pu \u00eatre assur\u00e9e normalement pendant plusieurs jours. \u00bb<\/p>\n<p>3 000 \u20ac de chiffre d\u2019affaires perdues<\/p>\n<p>C\u2019est le cas de Fr\u00e9d\u00e9ric David, responsable de la section laiti\u00e8re de la FDSEA 35 et producteur laitier en Ille-et-Vilaine. \u00ab J\u2019ai d\u00fb jeter 6 000 litres de lait ce mercredi apr\u00e8s-midi, soit ma production de lundi 5 et mardi 6 janvier \u00bb. Install\u00e9e en bordure de route nationale, son exploitation \u00e9tait pourtant accessible par la route. \u00ab Mais je fais partie d\u2019une tourn\u00e9e au sein de laquelle les autres producteurs sont en rase campagne, et le transporteur n\u2019est pas pass\u00e9 depuis la nuit de dimanche \u00e0 lundi \u00bb.<\/p>\n<p><img decoding=\"async\" src=\"https:\/\/www.europesays.com\/fr\/wp-content\/uploads\/2026\/01\/695f8c7887ec84d5850de295.1.jpeg\" width=\"480\" height=\"300\" class=\"web_golden_m\" loading=\"lazy\" alt=\"Fr\u00e9d\u00e9ric David a jet\u00e9 6\u00a0000 litres de lait ce mercredi.\"\/>Fr\u00e9d\u00e9ric David a jet\u00e9 6\u00a0000 litres de lait ce mercredi. (Photo Fr\u00e9d\u00e9ric David)<\/p>\n<p>Pour lui, la perte de chiffre d\u2019affaires est de 3 000 \u20ac. \u00ab J\u2019ai contact\u00e9 mon assurance qui m\u2019a r\u00e9pondu que la neige n\u2019est pas consid\u00e9r\u00e9e comme une catastrophe naturelle et que la responsabilit\u00e9 revient au collecteur. \u00bb La pr\u00e9fecture pr\u00e9cise, elle, que les transporteurs laitiers n\u2019\u00e9taient pas concern\u00e9s par les restrictions de circulation des poids lourds pendant l\u2019\u00e9pisode de neige, une d\u00e9rogation leur a permis de circuler tout au long de l\u2019\u00e9pisode de neige. \u00ab Cette mesure permet aux v\u00e9hicules affect\u00e9s \u00e0 la collecte de lait de circuler sans restriction, y compris sur le r\u00e9seau national, afin de garantir la continuit\u00e9 de la fili\u00e8re et d\u2019\u00e9viter toute perte \u00e9conomique pour les agriculteurs. \u00bb<\/p>\n<p>\u00ab Environ 2,7 millions de litres de lait ont pu \u00eatre jet\u00e9s \u00e0 l\u2019\u00e9chelle du grand ouest \u00bb<\/p>\n<p>Le volume total de pertes n\u2019a pas \u00e9t\u00e9 encore \u00e9valu\u00e9 de mani\u00e8re d\u00e9finitive, mais \u00ab on estime qu\u2019environ 2,7 millions de litres de lait ont pu \u00eatre jet\u00e9s \u00e0 l\u2019\u00e9chelle du grand ouest \u00bb, estime le repr\u00e9sentant de la FDSEA 35. Face \u00e0 cette situation exceptionnelle, \u00ab la FDSEA d\u2019Ille-et-Vilaine demande que les laiteries, l\u2019\u00c9tat et les assurances prennent leurs responsabilit\u00e9s et mettent en place sans d\u00e9lai des dispositifs permettant l\u2019indemnisation int\u00e9grale des pertes support\u00e9es par les \u00e9leveurs \u00bb.<\/p>\n<p>Une r\u00e9union est pr\u00e9vue ce vendredi \u00e0 la Chambre d\u2019agriculture sur le sujet avec le Cilouest (qui regroupe les producteurs de lait, les coop\u00e9ratives laiti\u00e8res et les industriels priv\u00e9s). Une invitation a \u00e9t\u00e9 envoy\u00e9e aux repr\u00e9sentants des assurances pour y participer.<\/p>\n","protected":false},"excerpt":{"rendered":"L\u2019\u00e9pisode de neige n\u2019a pas paralys\u00e9 que les automobilistes. Les producteurs de lait d\u2019Ille-et-Vilaine subissent, eux aussi, les&hellip;\n","protected":false},"author":2,"featured_media":649283,"comment_status":"","ping_status":"","sticky":false,"template":"","format":"standard","meta":{"footnotes":""},"categories":[2821],"tags":[1111,11,829,1777,674,1011,27,848,4555,12,584,25],"class_list":{"0":"post-649282","1":"post","2":"type-post","3":"status-publish","4":"format-standard","5":"has-post-thumbnail","7":"category-rennes","8":"tag-actu","9":"tag-actualites","10":"tag-bretagne","11":"tag-eu","12":"tag-europe","13":"tag-fr","14":"tag-france","15":"tag-ille-et-vilaine","16":"tag-local","17":"tag-news","18":"tag-rennes","19":"tag-republique-francaise"},"share_on_mastodon":{"url":"https:\/\/pubeurope.com\/@fr\/115859333109919327","error":""},"_links":{"self":[{"href":"https:\/\/www.europesays.com\/fr\/wp-json\/wp\/v2\/posts\/649282","targetHints":{"allow":["GET"]}}],"collection":[{"href":"https:\/\/www.europesays.com\/fr\/wp-json\/wp\/v2\/posts"}],"about":[{"href":"https:\/\/www.europesays.com\/fr\/wp-json\/wp\/v2\/types\/post"}],"author":[{"embeddable":true,"href":"https:\/\/www.europesays.com\/fr\/wp-json\/wp\/v2\/users\/2"}],"replies":[{"embeddable":true,"href":"https:\/\/www.europesays.com\/fr\/wp-json\/wp\/v2\/comments?post=649282"}],"version-history":[{"count":0,"href":"https:\/\/www.europesays.com\/fr\/wp-json\/wp\/v2\/posts\/649282\/revisions"}],"wp:featuredmedia":[{"embeddable":true,"href":"https:\/\/www.europesays.com\/fr\/wp-json\/wp\/v2\/media\/649283"}],"wp:attachment":[{"href":"https:\/\/www.europesays.com\/fr\/wp-json\/wp\/v2\/media?parent=649282"}],"wp:term":[{"taxonomy":"category","embeddable":true,"href":"https:\/\/www.europesays.com\/fr\/wp-json\/wp\/v2\/categories?post=649282"},{"taxonomy":"post_tag","embeddable":true,"href":"https:\/\/www.europesays.com\/fr\/wp-json\/wp\/v2\/tags?post=649282"}],"curies":[{"name":"wp","href":"https:\/\/api.w.org\/{rel}","templated":true}]}}