{"id":649284,"date":"2026-01-08T11:51:09","date_gmt":"2026-01-08T11:51:09","guid":{"rendered":"https:\/\/www.europesays.com\/fr\/649284\/"},"modified":"2026-01-08T11:51:09","modified_gmt":"2026-01-08T11:51:09","slug":"ca-va-souffler-fort-a-rennes-a-quoi-sattendre-ces-prochaines-heures","status":"publish","type":"post","link":"https:\/\/www.europesays.com\/fr\/649284\/","title":{"rendered":"\u00e7a va souffler fort \u00e0 Rennes, \u00e0 quoi s&rsquo;attendre ces prochaines heures"},"content":{"rendered":"<p>                    Par<br \/>\n        <strong><br \/>\n            <a href=\"https:\/\/actu.fr\/auteur\/clemence-pays02-actu-fr\" title=\"Consulter tous les articles de Cl\u00e9mence Pays\" target=\"_blank\" rel=\"noopener\">Cl\u00e9mence Pays<\/a><br \/>\n                    <\/strong><\/p>\n<p>        Publi\u00e9 le<\/p>\n<p>            8 janv. 2026 \u00e0 11h09        <\/p>\n<p>Les m\u00e9t\u00e9orologues la surveillent depuis plusieurs jours. La d\u00e9pression<strong> Goretti<\/strong> s\u2019est creus\u00e9e tr\u00e8s rapidement dans la nuit du mercredi\u00a07 au jeudi 8\u00a0janvier 2026. <a href=\"https:\/\/actu.fr\/bretagne\/rennes_35238\/tempete-goretti-apres-la-neige-et-le-verglas-des-rafales-jusqu-a-140km-h-vont-secouer-la-bretagne_63660167.html\" target=\"_blank\" rel=\"noopener\">C\u2019est ce qu\u2019on appelle \u00ab\u2009une cyclogen\u00e8se explosive\u2009\u00bb, souligne J\u00e9r\u00f4me Dr\u00e9ano<\/a>, m\u00e9t\u00e9orologue pour <a href=\"https:\/\/www.meteo.bzh\/\" target=\"_blank\" rel=\"noopener\">M\u00e9t\u00e9o Bretagne<\/a>.<\/p>\n<p class=\" wall-content\">Si cette d\u00e9pression se trouve en mer, la Bretagne va probablement se situer au sud du c\u0153ur d\u00e9pressionnaire. Goretti, premi\u00e8re temp\u00eate de l\u2019ann\u00e9e, va donc <strong>fortement toucher la r\u00e9gion. <\/strong>Voici \u00e0 quoi s\u2019attendre dans les prochaines heures et les cons\u00e9quences de la temp\u00eate attendues dans la r\u00e9gion de <a href=\"https:\/\/actu.fr\/rennes\/\" target=\"_blank\" rel=\"noopener\">Rennes<\/a>.<\/p>\n<p>Le littoral tr\u00e8s expos\u00e9<\/p>\n<p class=\" wall-content\">Le passage de la temp\u00eate se fera <strong>en \u00ab\u2009deux phases\u2009\u00bb,<\/strong> pr\u00e9cise J\u00e9r\u00f4me Dr\u00e9ano.<\/p>\n<p class=\" wall-content\">La premi\u00e8re correspond<strong> \u00ab\u2009au passage du front froid\u2009\u00bb.<\/strong> Celui-ci arrivera, d\u00e8s 15h ce jeudi 8\u00a0janvier, par la mer d\u2019Iroise et se dirigera vers le Finist\u00e8re, puis l\u2019est de la r\u00e9gion.<\/p>\n<p class=\" wall-content\">\u00ab\u2009Ce front froid atteindra les C\u00f4tes-d\u2019Armor et le Morbihan vers 17h et <strong>l\u2019Ille-et-Vilaine vers 18h.\u2009\u00bb<\/strong><\/p>\n<p class=\" wall-content\">Le vent va donc se lever avec \u00ab\u2009des rafales<strong> entre 120 et 140\u00a0km\/h<\/strong> sur les c\u00f4tes du Finist\u00e8re, du Morbihan et de la Manche\u2009\u00bb, pr\u00e9vient le m\u00e9t\u00e9orologue.<\/p>\n<p class=\" wall-content\">\u00c0 l\u2019int\u00e9rieur du Finist\u00e8re, le vent soufflera de 100 \u00e0 120\u00a0km\/h. <strong>Dans les terres<\/strong> des autres d\u00e9partements bretons, il restera fort avec des rafales allant <strong>de 90 \u00e0 110\u00a0km\/h.<\/strong><\/p>\n<p>Votre r\u00e9gion, votre actu !<\/p>\n<p>Recevez chaque jour les infos qui comptent pour vous.<\/p>\n<p>\t<a href=\"https:\/\/actu.fr\/newsletter\" class=\"ac-btn ac-btn--corner ac-btn--medium ac-btn--blue800\" target=\"_blank\" rel=\"noopener\">S&rsquo;incrire<\/a><\/p>\n<p class=\" wall-content\">C\u2019est donc bien <strong>le littoral qui sera le plus expos\u00e9.<\/strong> <a href=\"https:\/\/actu.fr\/bretagne\/saint-malo_35288\/une-tempete-explosive-va-frapper-la-bretagne-avec-des-vents-jusqua-160-km-h_63662696.html\" target=\"_blank\" rel=\"noopener\">En bord de mer, une houle de 5 \u00e0 7\u00a0m\u00e8tres est attendue, \u00ab\u2009avec une surcote qui pourrait d\u00e9passer un m\u00e8tre dans la baie de Saint-Malo\u2009\u00bb<\/a>, d\u00e9taille Le Pays Malouin.<\/p>\n<p>Les terres pas en reste<\/p>\n<p class=\" wall-content\">La<strong> deuxi\u00e8me phase<\/strong> de cet \u00e9pisode temp\u00e9tueux se d\u00e9roulera en soir\u00e9e,<strong> entre 18h et 23h.<\/strong> C\u2019est en Manche que ce sera plus violent. Sur les c\u00f4tes, \u00ab\u2009on pourrait avoir des rafales \u00e0 140 voire 150\u00a0km\/h, analyse J\u00e9r\u00f4me Dr\u00e9ano. Sur le nord L\u00e9on et nord Tr\u00e9gor particuli\u00e8rement.\u2009\u00bb<\/p>\n<blockquote class=\"ac-article-quote wall-content\">\n<p>Dans les terres, on ne peut pas exclure des rafales \u00e0 120-130 km\/h. <\/p>\n<p>    <strong>J\u00e9r\u00f4me Dr\u00e9ano<\/strong><br \/>\n        M\u00e9t\u00e9orologue pour M\u00e9t\u00e9o Bretagne    <\/p><\/blockquote>\n<p class=\" wall-content\"><strong>\u00c0 Rennes,<\/strong> J\u00e9r\u00f4me Dr\u00e9ano pr\u00e9voit des <strong>rafales \u00ab\u2009\u00e0 100\u00a0km\/h voire 110\u00a0km\/h\u2009\u00bb<\/strong> durant la soir\u00e9e de jeudi. \u00ab\u2009Ce sont des valeurs violentes.\u2009\u00bb Si la pluie est \u00e9galement pr\u00e9sente, les averses ne seront pas importantes.<\/p>\n<p class=\" wall-content\">Face \u00e0 ces pr\u00e9visions, <a href=\"https:\/\/actu.fr\/bretagne\/rennes_35238\/tempete-goretti-a-rennes-face-a-la-forte-vigilance-vents-violents-la-ville-prend-une-mesure-exceptionnelle_63667722.html\" target=\"_blank\" rel=\"noopener\">la Ville de Rennes a pris la d\u00e9cision de fermer les parcs et jardins publics<\/a>. De son c\u00f4t\u00e9, M\u00e9t\u00e9o France a plac\u00e9<strong> l\u2019Ille-et-Vilaine en vigilance orange<\/strong> pour vent et vagues-submersion.<\/p>\n<p>Et apr\u00e8s\u2009?<\/p>\n<p class=\" wall-content\">Dans la nuit de jeudi \u00e0 vendredi, <strong>\u00ab\u2009la tra\u00eene sera encore active\u2009\u00bb.<\/strong> Il faut donc s\u2019attendre \u00e0 une journ\u00e9e venteuse le 9\u00a0janvier. Sur la c\u00f4te, le vent soufflera jusqu\u2019\u00e0 120\u00a0km\/h.<\/p>\n<p class=\" wall-content\">Dans les terres, il faut s\u2019attendre \u00e0 <strong>des rafales \u00e0 80\u00a0km\/h.<\/strong> \u00c0 Rennes, \u00e7a soufflera bien encore (jusqu\u2019\u00e0 70\u00a0km\/h). Le vent perdra en intensit\u00e9 au cours du week-end. C\u00f4t\u00e9 temp\u00e9ratures, la journ\u00e9e de vendredi enregistrera une l\u00e9g\u00e8re baisse du mercure avec<strong> 8 \u00e0 9\u00a0\u00b0C.<\/strong><\/p>\n<p class=\" wall-content\">Personnalisez votre actualit\u00e9 en ajoutant vos villes et m\u00e9dias en favori avec <a href=\"https:\/\/moncompte.actu.fr\" title=\"D\u00e9couvez Mon Actu\" rel=\"nofollow noopener\" data-trk=\"{&quot;cta&quot;:{&quot;action&quot;:&quot;https:\\\/\\\/moncompte.actu.fr&quot;,&quot;category&quot;:&quot;mon compte&quot;,&quot;from&quot;:&quot;article footer&quot;,&quot;name&quot;:&quot;Mon actu&quot;,&quot;type&quot;:&quot;cta&quot;}}\" target=\"_blank\">Mon Actu<\/a>.<\/p>\n","protected":false},"excerpt":{"rendered":"Par Cl\u00e9mence Pays Publi\u00e9 le 8 janv. 2026 \u00e0 11h09 Les m\u00e9t\u00e9orologues la surveillent depuis plusieurs jours. La&hellip;\n","protected":false},"author":2,"featured_media":649285,"comment_status":"","ping_status":"","sticky":false,"template":"","format":"standard","meta":{"footnotes":""},"categories":[2821],"tags":[1111,11,829,1777,674,1011,27,2487,12,584,25,75296],"class_list":{"0":"post-649284","1":"post","2":"type-post","3":"status-publish","4":"format-standard","5":"has-post-thumbnail","7":"category-rennes","8":"tag-actu","9":"tag-actualites","10":"tag-bretagne","11":"tag-eu","12":"tag-europe","13":"tag-fr","14":"tag-france","15":"tag-meteo","16":"tag-news","17":"tag-rennes","18":"tag-republique-francaise","19":"tag-tempete-goretti"},"share_on_mastodon":{"url":"https:\/\/pubeurope.com\/@fr\/115859337110511362","error":""},"_links":{"self":[{"href":"https:\/\/www.europesays.com\/fr\/wp-json\/wp\/v2\/posts\/649284","targetHints":{"allow":["GET"]}}],"collection":[{"href":"https:\/\/www.europesays.com\/fr\/wp-json\/wp\/v2\/posts"}],"about":[{"href":"https:\/\/www.europesays.com\/fr\/wp-json\/wp\/v2\/types\/post"}],"author":[{"embeddable":true,"href":"https:\/\/www.europesays.com\/fr\/wp-json\/wp\/v2\/users\/2"}],"replies":[{"embeddable":true,"href":"https:\/\/www.europesays.com\/fr\/wp-json\/wp\/v2\/comments?post=649284"}],"version-history":[{"count":0,"href":"https:\/\/www.europesays.com\/fr\/wp-json\/wp\/v2\/posts\/649284\/revisions"}],"wp:featuredmedia":[{"embeddable":true,"href":"https:\/\/www.europesays.com\/fr\/wp-json\/wp\/v2\/media\/649285"}],"wp:attachment":[{"href":"https:\/\/www.europesays.com\/fr\/wp-json\/wp\/v2\/media?parent=649284"}],"wp:term":[{"taxonomy":"category","embeddable":true,"href":"https:\/\/www.europesays.com\/fr\/wp-json\/wp\/v2\/categories?post=649284"},{"taxonomy":"post_tag","embeddable":true,"href":"https:\/\/www.europesays.com\/fr\/wp-json\/wp\/v2\/tags?post=649284"}],"curies":[{"name":"wp","href":"https:\/\/api.w.org\/{rel}","templated":true}]}}