{"id":649298,"date":"2026-01-08T11:58:10","date_gmt":"2026-01-08T11:58:10","guid":{"rendered":"https:\/\/www.europesays.com\/fr\/649298\/"},"modified":"2026-01-08T11:58:10","modified_gmt":"2026-01-08T11:58:10","slug":"quatre-mois-apres-leur-mise-en-service-ces-deux-lignes-de-car-express-sont-modifiees-en-gironde","status":"publish","type":"post","link":"https:\/\/www.europesays.com\/fr\/649298\/","title":{"rendered":"Quatre mois apr\u00e8s leur mise en service, ces deux lignes de car express sont modifi\u00e9es en Gironde"},"content":{"rendered":"<p>                    Par<br \/>\n        <strong><br \/>\n            <a href=\"https:\/\/actu.fr\/auteur\/juliette-cardinale\" title=\"Consulter tous les articles de Juliette Cardinale\" target=\"_blank\" rel=\"noopener\">Juliette Cardinale<\/a><br \/>\n                    <\/strong><\/p>\n<p>        Publi\u00e9 le<\/p>\n<p>            8 janv. 2026 \u00e0 9h32        <\/p>\n<p><a href=\"https:\/\/actu.fr\/nouvelle-aquitaine\/bordeaux_33063\/bientot-en-service-cette-nouvelle-ligne-de-cars-dessert-le-nord-du-bassin-d-arcachon-depuis-bordeaux_62850493.html\" target=\"_blank\" rel=\"noopener\">Mises en service le 1er septembre dernier,<\/a> <strong>les lignes de car express<\/strong> 410 entre <a href=\"https:\/\/actu.fr\/bordeaux\/\" target=\"_blank\" rel=\"noopener\">Bordeaux<\/a> et Ar\u00e8s et 480 entre Beautiran et Le Haillan ont d\u00e9j\u00e0 \u00e9volu\u00e9 ce lundi 5 janvier 2026.<\/p>\n<p class=\" wall-content\">\u00ab\u00a0Pour r\u00e9pondre <strong>aux attentes des usagers,<\/strong> la R\u00e9gion, Bordeaux M\u00e9tropole, Nouvelle-Aquitaine Mobilit\u00e9s et leurs partenaires ont tenu \u00e0 proposer de <strong>nouveaux points arr\u00eats<\/strong> et ce, <strong>sans compromis sur le temps de parcours<\/strong> qui est optimis\u00e9\u00a0\u00bb, indique la R\u00e9gion dans un communiqu\u00e9 de presse avant de d\u00e9tailler les changements.<\/p>\n<p>Entre Bordeaux et le bassin d\u2019Arcachon<\/p>\n<p class=\" wall-content\">Entre Bordeaux et le bassin d\u2019Arcachon, la collectivit\u00e9 assure que les nouveaux horaires permettent \u00ab\u00a0un <strong>gain de temps de parcours<\/strong> entre 5 et 15 minutes selon les horaires de la journ\u00e9e\u00a0\u00bb. Les temps de correspondances sur les p\u00f4les d\u2019\u00e9changes sont aussi baiss\u00e9s pour atteindre en moyenne 5 \u00e0 8 minutes.\u00a0<\/p>\n<p class=\" wall-content\">\u00ab\u00a0La fr\u00e9quence de la ligne est quant \u00e0 elle maintenue avec<strong> un car toutes les 15 minutes<\/strong> en heure de pointe, de 5h30 \u00e0 22h en semaine et de 6h \u00e0 20h le samedi\u00a0\u00bb, pr\u00e9cise la R\u00e9gion.<\/p>\n<p class=\" wall-content\"><strong>Trois arr\u00eats ont \u00e9t\u00e9 cr\u00e9\u00e9s<\/strong> sur la ligne, accessibles aux usagers TBM avec leur abonnement ou titre en vigueur : Oscar Auriac \u00e0 M\u00e9rignac, Clinique Saint-Augustin ainsi que Saint-Bruno \u2013 H\u00f4tel de R\u00e9gion \u00e0 Bordeaux.\u00a0<\/p>\n<p class=\" wall-content\">\u00ab\u00a0Un travail a \u00e9galement \u00e9t\u00e9 r\u00e9alis\u00e9 pour <strong>am\u00e9liorer la qualit\u00e9 d\u2019attente<\/strong> dans les p\u00f4les d\u2019\u00e9changes entre le car express et le r\u00e9seau Alego de la Communaut\u00e9 d\u2019agglom\u00e9ration du bassin d\u2019Arcachon Nord\u00a0\u00bb, ajoute la R\u00e9gion.<\/p>\n<p class=\" wall-content\">Des nouveaux arr\u00eats qui ne r\u00e9pondent pas \u00e0 toutes les demandes des usagers, dont notamment <strong>plus d\u2019arr\u00eats sur le bassin d\u2019Arcachon.<\/strong> Le nouveau car express a remplac\u00e9 la ligne 412 qui allait jusqu\u2019\u00e0 la pointe du Cap Ferret. Une <a href=\"https:\/\/www.change.org\/p\/revoir-le-parcours-de-la-ligne-410-bordeaux-l%C3%A8ge-cap-ferret\" target=\"_blank\" rel=\"noopener\">p\u00e9tition avait \u00e9t\u00e9 lanc\u00e9e<\/a>\u00a0et\u00a0<a href=\"https:\/\/actu.fr\/nouvelle-aquitaine\/bordeaux_33063\/suppression-de-la-ligne-bordeaux-cap-ferret-un-car-express-source-de-stress-et-de-fatigue-denonce-cet-elu_63058151.html\" target=\"_blank\" rel=\"noopener\">un \u00e9lu avait d\u00e9nonc\u00e9 une d\u00e9cision \u00ab\u00a0source de stress et de fatigue\u00a0\u00bb.<\/a><\/p>\n<p>Votre r\u00e9gion, votre actu !<\/p>\n<p>Recevez chaque jour les infos qui comptent pour vous.<\/p>\n<p>\t<a href=\"https:\/\/actu.fr\/newsletter\" class=\"ac-btn ac-btn--corner ac-btn--medium ac-btn--blue800\" target=\"_blank\" rel=\"noopener\">S&rsquo;incrire<\/a><br \/>\nEntre Beautiran et Le Haillan<\/p>\n<p class=\" wall-content\">Les horaires de la ligne reliant <a href=\"https:\/\/actu.fr\/nouvelle-aquitaine\/le-haillan_33200\" target=\"_blank\" rel=\"noopener\">Le Haillan<\/a> \u00e0 Beautiran ont \u00e9galement \u00e9t\u00e9 modifi\u00e9s.\u00a0\u00ab\u00a0Apr\u00e8s quelques mois de mise en service, le temps de parcours a \u00e9t\u00e9 optimis\u00e9 de mani\u00e8re significative, permettant aux usagers de gagner <strong>jusqu\u2019\u00e0 20 minutes sur leur trajet, <\/strong>affirme la R\u00e9gion. Un habitant de L\u00e9ognan peut ainsi rejoindre la zone d\u2019emploi de l\u2019A\u00e9roparc \u00e0 M\u00e9rignac en 45 minutes.\u00a0\u00bb<\/p>\n<p class=\" wall-content\">La fr\u00e9quence de la ligne reste identique, avec<strong> un car toutes les 15 minutes<\/strong> en heure de pointe, de 5h30 \u00e0 22h en semaine.<\/p>\n<p class=\" wall-content\"><strong>Deux arr\u00eats ont \u00e9t\u00e9 cr\u00e9\u00e9s<\/strong> <a href=\"https:\/\/actu.fr\/nouvelle-aquitaine\/canejan_33090\" target=\"_blank\" rel=\"noopener\">\u00e0 Can\u00e9jan,<\/a> l\u2019un \u00e0 Rouillac et l\u2019autre \u00e0 La Briqueterie. \u00ab\u00a0La cr\u00e9ation de ces deux arr\u00eats permet de desservir des zones d\u2019activit\u00e9s (Briqueterie et Parc du Courneau) qui regroupent un potentiel de <strong>pr\u00e8s de 4 500 emplois\u00a0\u00bb,<\/strong> pr\u00e9cise la collectivit\u00e9. Une correspondance avec la ligne 411 Bordeaux CHU Pellegrin \u2013 Belin Beliet est possible \u00e0\u00a0l\u2019arr\u00eat R\u00e9jouit \u2013 Centre commercial.<\/p>\n<p class=\" wall-content\">Personnalisez votre actualit\u00e9 en ajoutant vos villes et m\u00e9dias en favori avec <a href=\"https:\/\/moncompte.actu.fr\" title=\"D\u00e9couvez Mon Actu\" rel=\"nofollow noopener\" data-trk=\"{&quot;cta&quot;:{&quot;action&quot;:&quot;https:\\\/\\\/moncompte.actu.fr&quot;,&quot;category&quot;:&quot;mon compte&quot;,&quot;from&quot;:&quot;article footer&quot;,&quot;name&quot;:&quot;Mon actu&quot;,&quot;type&quot;:&quot;cta&quot;}}\" target=\"_blank\">Mon Actu<\/a>.<\/p>\n","protected":false},"excerpt":{"rendered":"Par Juliette Cardinale Publi\u00e9 le 8 janv. 2026 \u00e0 9h32 Mises en service le 1er septembre dernier, les&hellip;\n","protected":false},"author":2,"featured_media":649299,"comment_status":"","ping_status":"","sticky":false,"template":"","format":"standard","meta":{"footnotes":""},"categories":[2817],"tags":[1111,11,33438,1997,2904,1777,674,1011,27,12,2219,25,104,2803],"class_list":{"0":"post-649298","1":"post","2":"type-post","3":"status-publish","4":"format-standard","5":"has-post-thumbnail","7":"category-bordeaux","8":"tag-actu","9":"tag-actualites","10":"tag-bassin-darcachon","11":"tag-bordeaux","12":"tag-bordeaux-metropole","13":"tag-eu","14":"tag-europe","15":"tag-fr","16":"tag-france","17":"tag-news","18":"tag-nouvelle-aquitaine","19":"tag-republique-francaise","20":"tag-societe","21":"tag-transport"},"share_on_mastodon":{"url":"https:\/\/pubeurope.com\/@fr\/115859364621873628","error":""},"_links":{"self":[{"href":"https:\/\/www.europesays.com\/fr\/wp-json\/wp\/v2\/posts\/649298","targetHints":{"allow":["GET"]}}],"collection":[{"href":"https:\/\/www.europesays.com\/fr\/wp-json\/wp\/v2\/posts"}],"about":[{"href":"https:\/\/www.europesays.com\/fr\/wp-json\/wp\/v2\/types\/post"}],"author":[{"embeddable":true,"href":"https:\/\/www.europesays.com\/fr\/wp-json\/wp\/v2\/users\/2"}],"replies":[{"embeddable":true,"href":"https:\/\/www.europesays.com\/fr\/wp-json\/wp\/v2\/comments?post=649298"}],"version-history":[{"count":0,"href":"https:\/\/www.europesays.com\/fr\/wp-json\/wp\/v2\/posts\/649298\/revisions"}],"wp:featuredmedia":[{"embeddable":true,"href":"https:\/\/www.europesays.com\/fr\/wp-json\/wp\/v2\/media\/649299"}],"wp:attachment":[{"href":"https:\/\/www.europesays.com\/fr\/wp-json\/wp\/v2\/media?parent=649298"}],"wp:term":[{"taxonomy":"category","embeddable":true,"href":"https:\/\/www.europesays.com\/fr\/wp-json\/wp\/v2\/categories?post=649298"},{"taxonomy":"post_tag","embeddable":true,"href":"https:\/\/www.europesays.com\/fr\/wp-json\/wp\/v2\/tags?post=649298"}],"curies":[{"name":"wp","href":"https:\/\/api.w.org\/{rel}","templated":true}]}}