{"id":649308,"date":"2026-01-08T12:05:13","date_gmt":"2026-01-08T12:05:13","guid":{"rendered":"https:\/\/www.europesays.com\/fr\/649308\/"},"modified":"2026-01-08T12:05:13","modified_gmt":"2026-01-08T12:05:13","slug":"un-bus-en-panne-en-plein-milieu-des-voies-provoque-des-bouchons-importants-sur-la-l2-et-la50-a-marseille","status":"publish","type":"post","link":"https:\/\/www.europesays.com\/fr\/649308\/","title":{"rendered":"Un bus en panne, en plein milieu des voies, provoque des bouchons importants sur la L2 et l&rsquo;A50 \u00e0 Marseille"},"content":{"rendered":"<p>Depuis quelques minutes, l\u2019A50 et la L2 sont satur\u00e9es \u00e0 Marseille. Et ce en raison d\u2019un bus tomb\u00e9 en panne en plein milieu des voies. \u00c0 hauteur de La Pomme et en direction d\u2019Aubagne. Ce qui fait que l\u2019on ne circule que sur une voie dans le secteur de l\u2019incident.<\/p>\n<p>Cons\u00e9quence\u00a0: sur l\u2019autoroute A50, c\u2019est pare-chocs contre pare-chocs d\u00e8s la premi\u00e8re entr\u00e9e dans la cit\u00e9 phoc\u00e9enne. La rocade L2 est aussi touch\u00e9e puisqu\u2019une retenue est en cours. Dans le sens oppos\u00e9, la circulation se fait normalement pour l\u2019heure. On constate juste un fort ralentissement, d\u00fb \u00e0 la curiosit\u00e9 des automobilistes, dans la direction de la cit\u00e9 phoc\u00e9enne.<\/p>\n<p><img alt=\"Des bouchons sont en cours\" loading=\"lazy\" decoding=\"async\" data-nimg=\"fill\" class=\" TwicCore_img__i9TC1 undefined  undefined\" style=\"position:absolute;height:100%;width:100%;left:0;top:0;right:0;bottom:0;color:transparent;background-size:cover;background-position:50% 50%;background-repeat:no-repeat;background-image:url(&quot;data:image\/svg+xml;charset=utf-8,%3Csvg xmlns='http:\/\/www.w3.org\/2000\/svg' %3E%3Cfilter id='b' color-interpolation-filters='sRGB'%3E%3CfeGaussianBlur stdDeviation='20'\/%3E%3CfeColorMatrix values='1 0 0 0 0 0 1 0 0 0 0 0 1 0 0 0 0 0 100 -1' result='s'\/%3E%3CfeFlood x='0' y='0' width='100%25' height='100%25'\/%3E%3CfeComposite operator='out' in='s'\/%3E%3CfeComposite in2='SourceGraphic'\/%3E%3CfeGaussianBlur stdDeviation='20'\/%3E%3C\/filter%3E%3Cimage width='100%25' height='100%25' x='0' y='0' preserveAspectRatio='none' style='filter: url(%23b);' href='https:\/\/pictures.laprovence.com\/cdn-cgi\/image\/blur=250\/media\/melody\/2026\/01\/08\/des-bouchons-sont-en-cours-1767862369_bb547d007f596ef547d007f59b3647v_.jpg'\/%3E%3C\/svg%3E&quot;)\"   src=\"https:\/\/www.europesays.com\/fr\/wp-content\/uploads\/2026\/01\/des-bouchons-sont-en-cours-1767862369_bb547d007f596ef547d007f59b3647v_.jpg\"\/>Des bouchons sont en cours Capture d&rsquo;\u00e9cran Tomtom<\/p>\n<p>Elle remonte au-del\u00e0 de Montolivet, dans le sens Aix-Aubagne. Par ricochet, les zones du 26e Centenaire et de Saint-Loup sont tr\u00e8s embouteill\u00e9es. Le Prado-Car\u00e9nage, sens Marseille-Aubagne commence aussi \u00e0 \u00eatre encombr\u00e9.<\/p>\n<p><img alt=\"\" loading=\"lazy\" width=\"18\" height=\"18\" decoding=\"async\" data-nimg=\"1\" class=\"mx-[8px]\" style=\"color:transparent\" src=\"https:\/\/www.laprovence.com\/_next\/static\/media\/comment.b95dda91.svg\"\/>D\u00e9marrez la conversation<\/p>\n<p class=\"text-[1.8rem] mt-[32px]\">Votre opinion compte pour nous. Rejoignez la communaut\u00e9 laprovence.com en r\u00e9agissant sur l&rsquo;article Un bus en panne, en plein milieu des voies, provoque des bouchons importants sur la L2 et l\u2019A50 \u00e0 Marseille.<\/p>\n","protected":false},"excerpt":{"rendered":"Depuis quelques minutes, l\u2019A50 et la L2 sont satur\u00e9es \u00e0 Marseille. Et ce en raison d\u2019un bus tomb\u00e9&hellip;\n","protected":false},"author":2,"featured_media":649309,"comment_status":"","ping_status":"","sticky":false,"template":"","format":"standard","meta":{"footnotes":""},"categories":[2814],"tags":[5734,1111,11,7048,154,1777,674,1011,27,884,12413,12,10899,11388,882,7481,16,25,32839],"class_list":{"0":"post-649308","1":"post","2":"type-post","3":"status-publish","4":"format-standard","5":"has-post-thumbnail","7":"category-marseille","8":"tag-5734","9":"tag-actu","10":"tag-actualites","11":"tag-bus","12":"tag-des","13":"tag-eu","14":"tag-europe","15":"tag-fr","16":"tag-france","17":"tag-marseille","18":"tag-milieu","19":"tag-news","20":"tag-panne","21":"tag-plein","22":"tag-provence-alpes-cote-dazur","23":"tag-provoque","24":"tag-region","25":"tag-republique-francaise","26":"tag-voies"},"share_on_mastodon":{"url":"https:\/\/pubeurope.com\/@fr\/115859392166635516","error":""},"_links":{"self":[{"href":"https:\/\/www.europesays.com\/fr\/wp-json\/wp\/v2\/posts\/649308","targetHints":{"allow":["GET"]}}],"collection":[{"href":"https:\/\/www.europesays.com\/fr\/wp-json\/wp\/v2\/posts"}],"about":[{"href":"https:\/\/www.europesays.com\/fr\/wp-json\/wp\/v2\/types\/post"}],"author":[{"embeddable":true,"href":"https:\/\/www.europesays.com\/fr\/wp-json\/wp\/v2\/users\/2"}],"replies":[{"embeddable":true,"href":"https:\/\/www.europesays.com\/fr\/wp-json\/wp\/v2\/comments?post=649308"}],"version-history":[{"count":0,"href":"https:\/\/www.europesays.com\/fr\/wp-json\/wp\/v2\/posts\/649308\/revisions"}],"wp:featuredmedia":[{"embeddable":true,"href":"https:\/\/www.europesays.com\/fr\/wp-json\/wp\/v2\/media\/649309"}],"wp:attachment":[{"href":"https:\/\/www.europesays.com\/fr\/wp-json\/wp\/v2\/media?parent=649308"}],"wp:term":[{"taxonomy":"category","embeddable":true,"href":"https:\/\/www.europesays.com\/fr\/wp-json\/wp\/v2\/categories?post=649308"},{"taxonomy":"post_tag","embeddable":true,"href":"https:\/\/www.europesays.com\/fr\/wp-json\/wp\/v2\/tags?post=649308"}],"curies":[{"name":"wp","href":"https:\/\/api.w.org\/{rel}","templated":true}]}}