{"id":649312,"date":"2026-01-08T12:07:12","date_gmt":"2026-01-08T12:07:12","guid":{"rendered":"https:\/\/www.europesays.com\/fr\/649312\/"},"modified":"2026-01-08T12:07:12","modified_gmt":"2026-01-08T12:07:12","slug":"lyon-des-supporters-algeriens-appellent-a-sen-prendre-aux-juifs-et-aux-marocains-la-video-choque","status":"publish","type":"post","link":"https:\/\/www.europesays.com\/fr\/649312\/","title":{"rendered":"Lyon. Des supporters alg\u00e9riens appellent \u00e0 s&rsquo;en prendre aux Juifs et aux Marocains, la vid\u00e9o choque"},"content":{"rendered":"<p>                    Par<br \/>\n        <strong><br \/>\n            <a href=\"https:\/\/actu.fr\/auteur\/emma-ressegaire\" title=\"Consulter tous les articles de Emma Ressegaire\" target=\"_blank\" rel=\"noopener\">Emma Ressegaire<\/a><br \/>\n                    <\/strong><\/p>\n<p>        Publi\u00e9 le<\/p>\n<p>            8 janv. 2026 \u00e0 10h40        <\/p>\n<p>Ce mercredi 7 janvier, \u00e0 <a href=\"https:\/\/actu.fr\/lyon\/\" target=\"_blank\" rel=\"noopener\">Lyon<\/a>, les supporters alg\u00e9riens sont descendus dans la rue pour f\u00eater <strong>la qualification de leur pays<\/strong> en quarts de finale de la Coupe d\u2019Afrique des Nations, apr\u00e8s une victoire arrach\u00e9e dans les derni\u00e8res minutes contre la R\u00e9publique d\u00e9mocratique du Congo.<\/p>\n<p class=\" wall-content\">Malheureusement, des <strong>d\u00e9bordements ont \u00e9clat\u00e9<\/strong>\u00a0notamment dans le quartier de la Guilloti\u00e8re n\u00e9cessitant l\u2019intervention des forces de l\u2019ordre. Mais ce n\u2019est pas tout.\u00a0<\/p>\n<p>Appel \u00e0 la violence<\/p>\n<p class=\" wall-content\">Dans une vid\u00e9o diffus\u00e9e sur les r\u00e9seaux sociaux, un groupe d\u2019individus ont entonn\u00e9 un chant appelant \u00e0 <strong>s\u2019en prendre aux Marocains et aux Juifs<\/strong>. \u00ab\u00a0Ouvrez les fronti\u00e8res, qu\u2019on puisse niquer les Marocains et les Juifs \u00bb, ont scand\u00e9 des supporters.<\/p>\n<p class=\" wall-content\">Des propos que la pr\u00e9f\u00e8te de la r\u00e9gion Auvergne-Rh\u00f4ne-Alpes, Fabienne Buccio, ne compte pas laisser passer. En effet, cette derni\u00e8re a signal\u00e9 cette vid\u00e9o appelant \u00e0 la violence au <strong>procureur de la R\u00e9publique de Lyon<\/strong> au titre de l\u2019article 40.<\/p>\n<p>D\u00e9j\u00e0 un signalement<\/p>\n<p class=\" wall-content\">Fin d\u00e9cembre, la pr\u00e9f\u00e8te avait <strong>d\u00e9j\u00e0 fait un signalement \u00e0 la justice<\/strong> apr\u00e8s la diffusion d\u2019une vid\u00e9o de l\u2019influenceuse franco-alg\u00e9rienne <a href=\"https:\/\/actu.fr\/auvergne-rhone-alpes\/lyon_69123\/lyon-vous-etes-dans-la-merde-l-influenceuse-sofia-benlemmane-fait-polemique-apres-la-victoire-de-l-algerie_63630557.html\" target=\"_blank\" rel=\"noopener\">Sofia Benlemmane<\/a>.<\/p>\n<p class=\" wall-content\">Cette derni\u00e8re, d\u00e9j\u00e0 condamn\u00e9e \u00e0 <strong>neuf mois de prison avec sursis<\/strong> apr\u00e8s des propos haineux, avait fait de nouveau parler d\u2019elle en scandant ces mots : \u00ab\u00a0Vous nous avez colonis\u00e9s, maintenant vous \u00eates dans la merde. Ce pays est le n\u00f4tre, on fait ce qu\u2019on veut\u00a0\u00bb.<\/p>\n<p class=\" wall-content\">Personnalisez votre actualit\u00e9 en ajoutant vos villes et m\u00e9dias en favori avec <a href=\"https:\/\/moncompte.actu.fr\" title=\"D\u00e9couvez Mon Actu\" rel=\"nofollow noopener\" data-trk=\"{&quot;cta&quot;:{&quot;action&quot;:&quot;https:\\\/\\\/moncompte.actu.fr&quot;,&quot;category&quot;:&quot;mon compte&quot;,&quot;from&quot;:&quot;article footer&quot;,&quot;name&quot;:&quot;Mon actu&quot;,&quot;type&quot;:&quot;cta&quot;}}\" target=\"_blank\">Mon Actu<\/a>.<\/p>\n","protected":false},"excerpt":{"rendered":"Par Emma Ressegaire Publi\u00e9 le 8 janv. 2026 \u00e0 10h40 Ce mercredi 7 janvier, \u00e0 Lyon, les supporters&hellip;\n","protected":false},"author":2,"featured_media":649313,"comment_status":"","ping_status":"","sticky":false,"template":"","format":"standard","meta":{"footnotes":""},"categories":[1889],"tags":[1111,11,2430,1777,674,118,1011,27,23173,303,2428,12,25,2949],"class_list":{"0":"post-649312","1":"post","2":"type-post","3":"status-publish","4":"format-standard","5":"has-post-thumbnail","7":"category-lyon","8":"tag-actu","9":"tag-actualites","10":"tag-auvergne-rhone-alpes","11":"tag-eu","12":"tag-europe","13":"tag-faits-divers","14":"tag-fr","15":"tag-france","16":"tag-guillotiere","17":"tag-justice","18":"tag-lyon","19":"tag-news","20":"tag-republique-francaise","21":"tag-violences"},"share_on_mastodon":{"url":"https:\/\/pubeurope.com\/@fr\/115859399994874370","error":""},"_links":{"self":[{"href":"https:\/\/www.europesays.com\/fr\/wp-json\/wp\/v2\/posts\/649312","targetHints":{"allow":["GET"]}}],"collection":[{"href":"https:\/\/www.europesays.com\/fr\/wp-json\/wp\/v2\/posts"}],"about":[{"href":"https:\/\/www.europesays.com\/fr\/wp-json\/wp\/v2\/types\/post"}],"author":[{"embeddable":true,"href":"https:\/\/www.europesays.com\/fr\/wp-json\/wp\/v2\/users\/2"}],"replies":[{"embeddable":true,"href":"https:\/\/www.europesays.com\/fr\/wp-json\/wp\/v2\/comments?post=649312"}],"version-history":[{"count":0,"href":"https:\/\/www.europesays.com\/fr\/wp-json\/wp\/v2\/posts\/649312\/revisions"}],"wp:featuredmedia":[{"embeddable":true,"href":"https:\/\/www.europesays.com\/fr\/wp-json\/wp\/v2\/media\/649313"}],"wp:attachment":[{"href":"https:\/\/www.europesays.com\/fr\/wp-json\/wp\/v2\/media?parent=649312"}],"wp:term":[{"taxonomy":"category","embeddable":true,"href":"https:\/\/www.europesays.com\/fr\/wp-json\/wp\/v2\/categories?post=649312"},{"taxonomy":"post_tag","embeddable":true,"href":"https:\/\/www.europesays.com\/fr\/wp-json\/wp\/v2\/tags?post=649312"}],"curies":[{"name":"wp","href":"https:\/\/api.w.org\/{rel}","templated":true}]}}