{"id":649314,"date":"2026-01-08T12:08:13","date_gmt":"2026-01-08T12:08:13","guid":{"rendered":"https:\/\/www.europesays.com\/fr\/649314\/"},"modified":"2026-01-08T12:08:13","modified_gmt":"2026-01-08T12:08:13","slug":"neige-a-lyon-galere-a-la-gare-sncf-part-dieu-et-a-laeroport-de-gros-retards-en-cours","status":"publish","type":"post","link":"https:\/\/www.europesays.com\/fr\/649314\/","title":{"rendered":"Neige \u00e0 Lyon. Gal\u00e8re \u00e0 la gare SNCF Part-Dieu et \u00e0 l&rsquo;a\u00e9roport, de gros retards en cours"},"content":{"rendered":"<p>                    Par<br \/>\n        <strong><br \/>\n            <a href=\"https:\/\/actu.fr\/auteur\/emma-ressegaire\" title=\"Consulter tous les articles de Emma Ressegaire\" target=\"_blank\" rel=\"noopener\">Emma Ressegaire<\/a><br \/>\n                    <\/strong><\/p>\n<p>        Publi\u00e9 le<\/p>\n<p>            8 janv. 2026 \u00e0 11h45        <\/p>\n<p>Attention, le trafic ferroviaire et le trafic a\u00e9rien sont perturb\u00e9s en ce jeudi 8 janvier 2026.\u00a0 La raison ? Les <a href=\"https:\/\/actu.fr\/auvergne-rhone-alpes\/lyon_69123\/lyon-neige-et-verglas-dans-le-rhone-ce-phenomene-tres-dangereux-va-toucher-nos-routes_63667509.html\" target=\"_blank\" rel=\"noopener\">chutes de neige<\/a> dans le <a href=\"https:\/\/actu.fr\/auvergne-rhone-alpes\/rhone_69\" target=\"_blank\" rel=\"noopener\">Rh\u00f4ne<\/a>. En effet, les <strong>conditions m\u00e9t\u00e9orologiques<\/strong> ne sont pas r\u00e9unies pour assurer certains d\u00e9parts mais aussi recevoir des arriv\u00e9es.\u00a0<\/p>\n<p>Jusqu\u2019\u00e0 1h40 de retard<\/p>\n<p class=\" wall-content\">Concernant le trafic ferroviaire, beaucoup de trains ont \u00e9t\u00e9 retard\u00e9s au d\u00e9part de <strong>la gare Lyon Part-Dieu<\/strong>, aussi bien dans le sens des d\u00e9parts que dans le sens des arriv\u00e9es. Les TER sont aussi bien concern\u00e9s que les TGV.<\/p>\n<p class=\" wall-content\">Les retards vont de 5 minutes \u00e0 <strong>1h40<\/strong>.\u00a0<\/p>\n<p class=\" wall-content\">Par exemple le train en provenance de Lyon et <strong>en direction de Marseille Saint-Charles<\/strong> est retard\u00e9 de 100 minutes. Au lieu d\u2019un d\u00e9part \u00e0 10h40, il ne partira qu\u2019\u00e0 12h20. Celui qui va \u00e0 Lille, avec un d\u00e9part initialement pr\u00e9vu \u00e0 11 heures, est retard\u00e9 de 40 minutes.\u00a0<\/p>\n<p class=\" wall-content\">De plus, des lignes de train ont \u00e9galement \u00e9t\u00e9 <strong>interrompues<\/strong> pendant un temps. Selon TER Aura, la ligne entre Lyon et Saint-Etienne a \u00e9t\u00e9 interrompue de 7h15 \u00e0 10h. Le trafic Roanne&lt;&gt;Saint-Etienne a \u00e9t\u00e9 aussi ralenti avant de revenir \u00e0 une circulation d\u00e9sormais normale.\u00a0<\/p>\n<p class=\" wall-content\">\u00c0 noter qu\u2019\u00e0 la Part-Dieu, le trafic est \u00e9galement perturb\u00e9 \u00e0 cause d\u2019<strong>incidents isol\u00e9s<\/strong> (aiguillage, d\u00e9rangement de mat\u00e9riel\u2026), selon la SNCF.<\/p>\n<p class=\" wall-content\">Pour plus d\u2019informations : rendez-vous sur la page du <a href=\"https:\/\/www.ter.sncf.com\/auvergne-rhone-alpes\/se-deplacer\/prochaines-arrivees\/lyon-part-dieu-87723197\" target=\"_blank\" rel=\"noopener\">site internet<\/a> de la SNCF d\u00e9di\u00e9e \u00e0 la\u00a0gare de Lyon Part-Dieu.\u00a0<\/p>\n<p>Votre r\u00e9gion, votre actu !<\/p>\n<p>Recevez chaque jour les infos qui comptent pour vous.<\/p>\n<p>\t<a href=\"https:\/\/actu.fr\/newsletter\" class=\"ac-btn ac-btn--corner ac-btn--medium ac-btn--blue800\" target=\"_blank\" rel=\"noopener\">S&rsquo;incrire<\/a><br \/>\nDes vols repouss\u00e9s dans l\u2019apr\u00e8s-midi<\/p>\n<p class=\" wall-content\">Du c\u00f4t\u00e9 de l\u2019a\u00e9roport de Lyon Saint-Exup\u00e9ry, <strong>de nombreux vols<\/strong> ont \u00e9t\u00e9 retard\u00e9s notamment t\u00f4t dans la matin\u00e9e. Certains d\u00e9parts n\u2019auront finalement lieu que dans l\u2019apr\u00e8s-midi.<\/p>\n<p class=\" wall-content\">C\u2019est le cas pour le vol \u00e0 destination de Limoges pr\u00e9vu \u00e0 8h35 et qui est retard\u00e9 <strong>\u00e0 15h35<\/strong> mais aussi celui vers Monastir (Tunisie) qui part \u00e0 18h au lieu de 9h25.<\/p>\n<p class=\" wall-content\"><strong>D\u2019autres retards sont plus l\u00e9gers<\/strong> comme le vol vers Istanbul qui a d\u00fb partir \u00e0 11h10 au lieu de 10h30.<\/p>\n<p class=\" wall-content\">Pour savoir si votre vol est retard\u00e9, plus d\u2019informations sur <a href=\"https:\/\/www.lyonaeroports.com\/vols-et-destinations\/les-vols-temps-reel?direction=A&amp;date=2026-01-08&amp;time=&amp;terminal=&amp;query=\" target=\"_blank\" rel=\"noopener\">ce lien<\/a>.<\/p>\n<p class=\" wall-content\">Personnalisez votre actualit\u00e9 en ajoutant vos villes et m\u00e9dias en favori avec <a href=\"https:\/\/moncompte.actu.fr\" title=\"D\u00e9couvez Mon Actu\" rel=\"nofollow noopener\" data-trk=\"{&quot;cta&quot;:{&quot;action&quot;:&quot;https:\\\/\\\/moncompte.actu.fr&quot;,&quot;category&quot;:&quot;mon compte&quot;,&quot;from&quot;:&quot;article footer&quot;,&quot;name&quot;:&quot;Mon actu&quot;,&quot;type&quot;:&quot;cta&quot;}}\" target=\"_blank\">Mon Actu<\/a>.<\/p>\n","protected":false},"excerpt":{"rendered":"Par Emma Ressegaire Publi\u00e9 le 8 janv. 2026 \u00e0 11h45 Attention, le trafic ferroviaire et le trafic a\u00e9rien&hellip;\n","protected":false},"author":2,"featured_media":649315,"comment_status":"","ping_status":"","sticky":false,"template":"","format":"standard","meta":{"footnotes":""},"categories":[1889],"tags":[1111,11,12526,2430,1777,674,1011,27,2428,6178,12,25,2215,104],"class_list":{"0":"post-649314","1":"post","2":"type-post","3":"status-publish","4":"format-standard","5":"has-post-thumbnail","7":"category-lyon","8":"tag-actu","9":"tag-actualites","10":"tag-aeroport-lyon-saint-exupery","11":"tag-auvergne-rhone-alpes","12":"tag-eu","13":"tag-europe","14":"tag-fr","15":"tag-france","16":"tag-lyon","17":"tag-lyon-part-dieu","18":"tag-news","19":"tag-republique-francaise","20":"tag-sncf","21":"tag-societe"},"share_on_mastodon":{"url":"https:\/\/pubeurope.com\/@fr\/115859403779786504","error":""},"_links":{"self":[{"href":"https:\/\/www.europesays.com\/fr\/wp-json\/wp\/v2\/posts\/649314","targetHints":{"allow":["GET"]}}],"collection":[{"href":"https:\/\/www.europesays.com\/fr\/wp-json\/wp\/v2\/posts"}],"about":[{"href":"https:\/\/www.europesays.com\/fr\/wp-json\/wp\/v2\/types\/post"}],"author":[{"embeddable":true,"href":"https:\/\/www.europesays.com\/fr\/wp-json\/wp\/v2\/users\/2"}],"replies":[{"embeddable":true,"href":"https:\/\/www.europesays.com\/fr\/wp-json\/wp\/v2\/comments?post=649314"}],"version-history":[{"count":0,"href":"https:\/\/www.europesays.com\/fr\/wp-json\/wp\/v2\/posts\/649314\/revisions"}],"wp:featuredmedia":[{"embeddable":true,"href":"https:\/\/www.europesays.com\/fr\/wp-json\/wp\/v2\/media\/649315"}],"wp:attachment":[{"href":"https:\/\/www.europesays.com\/fr\/wp-json\/wp\/v2\/media?parent=649314"}],"wp:term":[{"taxonomy":"category","embeddable":true,"href":"https:\/\/www.europesays.com\/fr\/wp-json\/wp\/v2\/categories?post=649314"},{"taxonomy":"post_tag","embeddable":true,"href":"https:\/\/www.europesays.com\/fr\/wp-json\/wp\/v2\/tags?post=649314"}],"curies":[{"name":"wp","href":"https:\/\/api.w.org\/{rel}","templated":true}]}}