{"id":649316,"date":"2026-01-08T12:10:11","date_gmt":"2026-01-08T12:10:11","guid":{"rendered":"https:\/\/www.europesays.com\/fr\/649316\/"},"modified":"2026-01-08T12:10:11","modified_gmt":"2026-01-08T12:10:11","slug":"paris-et-lile-de-france-en-vigilance-orange-plusieurs-lignes-de-trains-interrompues","status":"publish","type":"post","link":"https:\/\/www.europesays.com\/fr\/649316\/","title":{"rendered":"Paris et l\u2019\u00cele-de-France en vigilance orange, plusieurs lignes de trains interrompues"},"content":{"rendered":"<p>                    Par<br \/>\n        <strong><br \/>\n            <a href=\"https:\/\/actu.fr\/auteur\/redaction-paris\" title=\"Consulter tous les articles de R\u00e9daction Paris\" target=\"_blank\" rel=\"noopener\">R\u00e9daction Paris<\/a><br \/>\n                    <\/strong><\/p>\n<p>        Publi\u00e9 le<\/p>\n<p>            8 janv. 2026 \u00e0 8h51        <\/p>\n<p>\u00c7a va souffler fort \u00e0 Paris et en \u00cele-de-France ce jeudi 8 janvier 2026. La <a href=\"https:\/\/actu.fr\/tag\/tempete-goretti\" target=\"_blank\" rel=\"noopener\">temp\u00eate Goretti<\/a> et ses bourrasques <a href=\"https:\/\/actu.fr\/ile-de-france\/paris_75056\/meteo-la-tempete-goretti-s-apprete-a-frapper-paris-et-l-ile-de-france-a-quoi-s-attendre_63664842.html\" target=\"_blank\" rel=\"noopener\">arrivent tout droit de l\u2019ouest<\/a> de la Bretagne. Les premi\u00e8res rafales sont attendues en milieu d\u2019apr\u00e8s-midi. La <strong>vigilance orange<\/strong> d\u00e9clench\u00e9e par <a href=\"https:\/\/actu.fr\/tag\/meteo-france\" target=\"_blank\" rel=\"noopener\">M\u00e9t\u00e9o-France<\/a> sera active \u00e0 21 heures et prendra fin vendredi 9 janvier 2026 \u00e0 8 heures.<\/p>\n<p>\u00ab\u00a095 km\/h sur des zones \u00e9tendues\u00a0\u00bb<\/p>\n<p class=\" wall-content\">Dans le d\u00e9tail, la journ\u00e9e sera grise et pluvieuse. Termin\u00e9e la neige. Les flocons se sont transform\u00e9s en gouttes sous l\u2019effet des temp\u00e9ratures, qui sont \u00e0 nouveau positives. Il fait <strong>6\u00b0C<\/strong> \u00e0 8 heures et les thermom\u00e8tres monteront jusqu\u2019\u00e0 <strong>10<\/strong><strong>\u00b0C<\/strong> en d\u00e9but de soir\u00e9e, au moment o\u00f9 le vent se l\u00e8vera.<\/p>\n<p class=\" wall-content\">La nuit de jeudi \u00e0 vendredi 9 janvier 2026 sera donc marqu\u00e9e par des rafales pouvant atteindre \u00ab 95 km\/h sur des zones \u00e9tendues et <strong>100 km\/h localement<\/strong> \u00bb, annonce M\u00e9t\u00e9o-France. Le lendemain, la journ\u00e9e restera venteuse jusqu\u2019\u00e0 la lev\u00e9e de la vigilance orange pr\u00e9vue, pour l\u2019instant, aux alentours de 8 heures. La pluie sera toujours pr\u00e9sente et, c\u00f4t\u00e9 temp\u00e9ratures, il fera entre 5\u00b0C et 7\u00b0C.<\/p>\n<p class=\" wall-content\">La <a href=\"https:\/\/actu.fr\/tag\/sncf\" target=\"_blank\" rel=\"noopener\">SNCF<\/a> annonce d\u00e9j\u00e0 que les lignes Paris \u2013 Lisieux \u2013 Caen \u2013 Cherbourg, Paris \u2013 L\u2019Aigle \u2013 Argentan-Granville et Caen \u2013 Granville \u2013 Rennes seront interrompues d\u00e8s 19 heures. M\u00eame situation pour les lignes entre Paris, Rouen et Le Havre \u00e0 partir de 2 heures, d\u00e9taille <a href=\"https:\/\/www.franceinfo.fr\/environnement\/evenements-meteorologiques-extremes\/tempete-goretti-la-sncf-met-a-l-arret-plusieurs-lignes-de-train-jeudi-soir-des-perturbations-a-prevoir-jusqu-a-vendredi_7727965.html\" target=\"_blank\" rel=\"noopener\">franceinfo<\/a>.<\/p>\n<p class=\" wall-content\">Tout le quart ouest de la France est plac\u00e9 en vigilance orange d\u00e8s 15 heures ce jeudi. Le d\u00e9partement de la Manche passera en <strong>vigilance rouge<\/strong> \u00e0 21 heures.<\/p>\n<p class=\" wall-content\">Les municipalit\u00e9s prendront peut-\u00eatre des <strong>mesures de s\u00e9curit\u00e9<\/strong>, comme la fermeture des parcs et des cimeti\u00e8res.<\/p>\n<p class=\" wall-content\">Personnalisez votre actualit\u00e9 en ajoutant vos villes et m\u00e9dias en favori avec <a href=\"https:\/\/moncompte.actu.fr\" title=\"D\u00e9couvez Mon Actu\" rel=\"nofollow noopener\" data-trk=\"{&quot;cta&quot;:{&quot;action&quot;:&quot;https:\\\/\\\/moncompte.actu.fr&quot;,&quot;category&quot;:&quot;mon compte&quot;,&quot;from&quot;:&quot;article footer&quot;,&quot;name&quot;:&quot;Mon actu&quot;,&quot;type&quot;:&quot;cta&quot;}}\" target=\"_blank\">Mon Actu<\/a>.<\/p>\n","protected":false},"excerpt":{"rendered":"Par R\u00e9daction Paris Publi\u00e9 le 8 janv. 2026 \u00e0 8h51 \u00c7a va souffler fort \u00e0 Paris et en&hellip;\n","protected":false},"author":2,"featured_media":649317,"comment_status":"","ping_status":"","sticky":false,"template":"","format":"standard","meta":{"footnotes":""},"categories":[1592],"tags":[1111,11,1777,674,1011,27,662,2487,2357,12,626,25,75296],"class_list":{"0":"post-649316","1":"post","2":"type-post","3":"status-publish","4":"format-standard","5":"has-post-thumbnail","7":"category-ile-de-france","8":"tag-actu","9":"tag-actualites","10":"tag-eu","11":"tag-europe","12":"tag-fr","13":"tag-france","14":"tag-ile-de-france","15":"tag-meteo","16":"tag-meteo-france","17":"tag-news","18":"tag-paris","19":"tag-republique-francaise","20":"tag-tempete-goretti"},"share_on_mastodon":{"url":"https:\/\/pubeurope.com\/@fr\/115859411723399558","error":""},"_links":{"self":[{"href":"https:\/\/www.europesays.com\/fr\/wp-json\/wp\/v2\/posts\/649316","targetHints":{"allow":["GET"]}}],"collection":[{"href":"https:\/\/www.europesays.com\/fr\/wp-json\/wp\/v2\/posts"}],"about":[{"href":"https:\/\/www.europesays.com\/fr\/wp-json\/wp\/v2\/types\/post"}],"author":[{"embeddable":true,"href":"https:\/\/www.europesays.com\/fr\/wp-json\/wp\/v2\/users\/2"}],"replies":[{"embeddable":true,"href":"https:\/\/www.europesays.com\/fr\/wp-json\/wp\/v2\/comments?post=649316"}],"version-history":[{"count":0,"href":"https:\/\/www.europesays.com\/fr\/wp-json\/wp\/v2\/posts\/649316\/revisions"}],"wp:featuredmedia":[{"embeddable":true,"href":"https:\/\/www.europesays.com\/fr\/wp-json\/wp\/v2\/media\/649317"}],"wp:attachment":[{"href":"https:\/\/www.europesays.com\/fr\/wp-json\/wp\/v2\/media?parent=649316"}],"wp:term":[{"taxonomy":"category","embeddable":true,"href":"https:\/\/www.europesays.com\/fr\/wp-json\/wp\/v2\/categories?post=649316"},{"taxonomy":"post_tag","embeddable":true,"href":"https:\/\/www.europesays.com\/fr\/wp-json\/wp\/v2\/tags?post=649316"}],"curies":[{"name":"wp","href":"https:\/\/api.w.org\/{rel}","templated":true}]}}