{"id":649318,"date":"2026-01-08T12:11:14","date_gmt":"2026-01-08T12:11:14","guid":{"rendered":"https:\/\/www.europesays.com\/fr\/649318\/"},"modified":"2026-01-08T12:11:14","modified_gmt":"2026-01-08T12:11:14","slug":"neige-en-ile-de-france-y-a-t-il-vraiment-eu-deux-fois-en-trois-jours-1-000-km-de-bouchons-en-ile-de-france","status":"publish","type":"post","link":"https:\/\/www.europesays.com\/fr\/649318\/","title":{"rendered":"Neige en \u00cele-de-France\u00a0: y a-t-il vraiment eu, deux fois en trois jours, 1\u00a0000\u00a0km de \u00ab\u00a0bouchons\u00a0\u00bb en \u00cele-de-France\u00a0?"},"content":{"rendered":"<p class=\"paragraph text_align_left lp-f-body-02\">\u00c0 deux reprises, lundi en d\u00e9but d\u2019apr\u00e8s-midi puis mercredi en d\u00e9but de matin\u00e9e, la m\u00eame courbe noire grimpe \u00e0 la verticale sans sembler s\u2019arr\u00eater. Elle culminera finalement <a href=\"https:\/\/www.leparisien.fr\/meteo\/neige-comment-expliquer-cet-enorme-pic-de-bouchons-malgre-les-appels-a-ne-pas-prendre-la-route-07-01-2026-TMKNAG5SGJEK7BB6CMAUABYNHM.php\" target=\"_blank\" rel=\"noreferrer noopener\">autour de 1\u00a0000\u00a0km de \u00ab\u00a0bouchons\u00a0\u00bb en \u00cele-de-France<\/a>, qui semblait alors <a href=\"https:\/\/www.leparisien.fr\/meteo\/neige-ce-que-la-france-peut-ou-non-apprendre-des-pays-habitues-au-froid-07-01-2026-JVSHSLV2BZAR7I54HN7Y5DHSCI.php\" target=\"_blank\" rel=\"noreferrer noopener\">paralys\u00e9e par la douzaine de centim\u00e8tres de neige<\/a> tomb\u00e9s en 48\u00a0heures.<\/p>\n<p class=\"\">Une telle valeur recens\u00e9e par le site Sytadin, g\u00e9r\u00e9 par la Direction des routes d\u2019\u00cele-de-France (Dirif), est in\u00e9dite. Elle est plus \u00e9lev\u00e9e que le denier record connu (autour de 740\u00a0km de \u00ab\u00a0bouchons\u00a0\u00bb) et repr\u00e9sente deux fois et demie le cumul \u00ab\u00a0exceptionnel\u00a0\u00bb pour un jour de semaine.<\/p>\n<p><img decoding=\"async\" class=\"image \" loading=\"lazy\" src=\"https:\/\/www.europesays.com\/fr\/wp-content\/uploads\/2026\/01\/JWCKDORWXREYVAOSOJIW5UVZDE.jpg\" alt=\"\" align=\"\" data-rubrique-principale=\"\" data-article-type=\"\" fetchpriority=\"auto\"\/><\/p>\n<p class=\"\">Et pourtant, plusieurs automobilistes ont t\u00e9moign\u00e9 du fait que la circulation \u00e9tait certes au ralenti ce mercredi matin\u2026 mais fluide. Et pour cause\u00a0: ces \u00ab\u00a0bouchons\u00a0\u00bb, tels qu\u2019ils sont affich\u00e9s par Sytadin, peuvent \u00eatre en r\u00e9alit\u00e9\u2026 de simples \u00ab\u00a0ralentissements\u00a0\u00bb\u00a0!<\/p>\n<p>Capteurs et donn\u00e9es GPS<\/p>\n<p class=\"\">La vitesse est calcul\u00e9e \u00e0 partir de capteurs \u00e9lectriques au sol et de donn\u00e9es GPS. \u00ab\u00a0D\u00e8s que vous \u00eates \u00e0 moins de 30\u00a0km\/h, c\u2019est consid\u00e9r\u00e9 comme un bouchon. Et ce n\u2019est plus le cas au-dessus de 60\u00a0km\/h\u00a0\u00bb, a indiqu\u00e9 <a href=\"https:\/\/www.francebleu.fr\/infos\/transports\/des-bouchons-qui-n-en-etaient-pas-la-direction-des-routes-d-ile-de-france-relative-le-record-enregistre-lundi-2940933\" target=\"_blank\" rel=\"noreferrer noopener\">mardi matin sur France Bleu<\/a> Sophie Dupas, responsable de la Dirif. \u00ab\u00a0Quand le capteur ne fonctionne pas, on donne aussi l\u2019indication bouchon sans donner le temps de parcours\u00a0\u00bb, <a href=\"https:\/\/www.leparisien.fr\/info-paris-ile-de-france-oise\/transports\/bouchons-en-ile-de-france-comment-fonctionnent-sytadin-et-ses-panneaux-dinformation-22-09-2022-472RJPJSY5BKFAVASVOUHN7MVA.php\" target=\"_blank\" rel=\"noreferrer noopener\">ajoutait en 2022 un agent interrog\u00e9 par Le Parisien<\/a>.<\/p>\n<p class=\"\">Il faut donc que les v\u00e9hicules repassent au-dessus de 60\u00a0km\/h sur un tron\u00e7on d\u2019un km pour que ce dernier ne soit plus consid\u00e9r\u00e9 comme un \u00ab\u00a0bouchon\u00a0\u00bb par Sytadin. Or, <a href=\"https:\/\/www.leparisien.fr\/info-paris-ile-de-france-oise\/transports\/neige-en-ile-de-france-le-rer-b-perturbe-plus-aucun-bus-moins-de-monde-sur-les-routes-le-point-sur-la-situation-07-01-2026-IPA2KG3UEJEBDEOXFN4E2Y4H5Y.php\" target=\"_blank\" rel=\"noreferrer noopener\">la neige a largement compliqu\u00e9 les conditions de circulation<\/a> et incit\u00e9 nombre d\u2019automobilistes \u00e0 lever le pied. Beaucoup d\u2019entre eux ont roul\u00e9 \u00e0 une vitesse proche de 50\u00a0km\/h, sur un trac\u00e9 qui \u00e9tait donc consid\u00e9r\u00e9 comme un \u00ab\u00a0bouchon\u00a0\u00bb, en particulier ce mercredi matin.<\/p>\n<p>Peu de tr\u00e8s faibles vitesses mercredi matin<\/p>\n<p class=\"\">D\u2019ailleurs, la carte Sytadin de l\u2019\u00e9tat des vitesses affichait tr\u00e8s peu de tron\u00e7ons en rouge, c\u2019est-\u00e0-dire \u00e0 une allure tr\u00e8s faible, tout au long de la matin\u00e9e. Il y en avait beaucoup plus lundi apr\u00e8s-midi, soit beaucoup plus de v\u00e9hicules v\u00e9ritablement \u00e0 l\u2019arr\u00eat ou quasiment. Alors m\u00eame que le pic de \u00ab\u00a0bouchons\u00a0\u00bb cumul\u00e9s est semblable sur les deux jours\u00a0!<\/p>\n<p class=\"\">Contact\u00e9e \u00e0 plusieurs reprises pour comprendre l\u2019\u00e9cart entre les cumuls de cette semaine et ceux lors de pr\u00e9c\u00e9dents \u00e9pisodes de neige, parfois encore plus intenses, la Dirif ne nous a pas r\u00e9pondu. Comparer les valeurs de ces derniers jours avec les pr\u00e9c\u00e9dents records n\u2019a pas vraiment de sens non plus. Car certains jours, notamment ceux de retour de vacances sans le moindre flocon ou juste avant le confinement de mars\u00a02020, il s\u2019agit souvent de v\u00e9ritables \u00ab\u00a0bouchons\u00a0\u00bb avec des automobilistes contraints de jouer l\u2019accord\u00e9on et d\u2019alterner des phases \u00e0 l\u2019arr\u00eat et d\u2019autres \u00e0 tr\u00e8s faible allure.<\/p>\n","protected":false},"excerpt":{"rendered":"\u00c0 deux reprises, lundi en d\u00e9but d\u2019apr\u00e8s-midi puis mercredi en d\u00e9but de matin\u00e9e, la m\u00eame courbe noire grimpe&hellip;\n","protected":false},"author":2,"featured_media":552403,"comment_status":"","ping_status":"","sticky":false,"template":"","format":"standard","meta":{"footnotes":""},"categories":[1888],"tags":[1111,1928,11,1927,1777,674,1011,27,1944,12,1926,626,1925,25,104,2382],"class_list":{"0":"post-649318","1":"post","2":"type-post","3":"status-publish","4":"format-standard","5":"has-post-thumbnail","7":"category-paris","8":"tag-actu","9":"tag-actu-paris","10":"tag-actualites","11":"tag-actualites-paris","12":"tag-eu","13":"tag-europe","14":"tag-fr","15":"tag-france","16":"tag-ma-ville","17":"tag-news","18":"tag-news-paris","19":"tag-paris","20":"tag-paris-news","21":"tag-republique-francaise","22":"tag-societe","23":"tag-transport-idf-oise"},"share_on_mastodon":{"url":"https:\/\/pubeurope.com\/@fr\/115859415749658559","error":""},"_links":{"self":[{"href":"https:\/\/www.europesays.com\/fr\/wp-json\/wp\/v2\/posts\/649318","targetHints":{"allow":["GET"]}}],"collection":[{"href":"https:\/\/www.europesays.com\/fr\/wp-json\/wp\/v2\/posts"}],"about":[{"href":"https:\/\/www.europesays.com\/fr\/wp-json\/wp\/v2\/types\/post"}],"author":[{"embeddable":true,"href":"https:\/\/www.europesays.com\/fr\/wp-json\/wp\/v2\/users\/2"}],"replies":[{"embeddable":true,"href":"https:\/\/www.europesays.com\/fr\/wp-json\/wp\/v2\/comments?post=649318"}],"version-history":[{"count":0,"href":"https:\/\/www.europesays.com\/fr\/wp-json\/wp\/v2\/posts\/649318\/revisions"}],"wp:featuredmedia":[{"embeddable":true,"href":"https:\/\/www.europesays.com\/fr\/wp-json\/wp\/v2\/media\/552403"}],"wp:attachment":[{"href":"https:\/\/www.europesays.com\/fr\/wp-json\/wp\/v2\/media?parent=649318"}],"wp:term":[{"taxonomy":"category","embeddable":true,"href":"https:\/\/www.europesays.com\/fr\/wp-json\/wp\/v2\/categories?post=649318"},{"taxonomy":"post_tag","embeddable":true,"href":"https:\/\/www.europesays.com\/fr\/wp-json\/wp\/v2\/tags?post=649318"}],"curies":[{"name":"wp","href":"https:\/\/api.w.org\/{rel}","templated":true}]}}