{"id":649319,"date":"2026-01-08T12:12:12","date_gmt":"2026-01-08T12:12:12","guid":{"rendered":"https:\/\/www.europesays.com\/fr\/649319\/"},"modified":"2026-01-08T12:12:12","modified_gmt":"2026-01-08T12:12:12","slug":"tempete-goretti-paris-et-lile-de-france-en-vigilance-orange-des-trains-deja-a-larret","status":"publish","type":"post","link":"https:\/\/www.europesays.com\/fr\/649319\/","title":{"rendered":"Temp\u00eate Goretti\u00a0: Paris et l\u2019\u00cele-de-France en vigilance orange, des trains d\u00e9j\u00e0 \u00e0 l\u2019arr\u00eat"},"content":{"rendered":"<p class=\"p1\">Attention, \u00e7a risque bien de d\u00e9coiffer ce jeudi 8 janvier 2026. La <a href=\"https:\/\/www.lebonbon.fr\/paris\/news\/meteo-bombe-meteorologique-capitale-demain\/\" target=\"_blank\" rel=\"noopener\"><strong>temp\u00eate Goretti<\/strong> arrive tout droit de <strong>l\u2019ouest de la Bretagne<\/strong> et <strong>touchera l\u2019\u00cele-de-France \u00e0 partir du milieu d\u2019apr\u00e8s-midi<\/strong><\/a>. M\u00e9t\u00e9o-France a d\u00e9clench\u00e9 une vigilance orange vent, active <strong>\u00e0 partir de 21 heures ce jeudi<\/strong> et <strong>jusqu\u2019\u00e0 vendredi 9 janvier 2026 \u00e0 8 heures<\/strong>.<\/p>\n<p>&#13;<\/p>\n<p class=\"p1\">La journ\u00e9e s\u2019annonce <strong>grise et pluvieuse<\/strong>, avec des temp\u00e9ratures redevenues positives. <strong>Fini la neige<\/strong>\u00a0: les flocons ont laiss\u00e9 place \u00e0 la pluie sous l\u2019effet d\u2019un mercure en hausse. Il faisait d\u00e9j\u00e0 6\u00b0C au petit matin et <strong>les thermom\u00e8tres grimperont jusqu\u2019\u00e0 10\u00b0C<\/strong> en d\u00e9but de soir\u00e9e, au moment o\u00f9 les rafales se renforceront.<\/p>\n<p>&#13;<\/p>\n<blockquote class=\"instagram-media\" data-instgrm-permalink=\"https:\/\/www.instagram.com\/p\/DTNu0zojWkb\/?utm_source=ig_embed&amp;utm_campaign=loading\" data-instgrm-version=\"14\" style=\"background: #FFF; border: 0; border-radius: 3px; box-shadow: 0 0 1px 0 rgba(0,0,0,0.5),0 1px 10px 0 rgba(0,0,0,0.15); margin: 1px; max-width: 540px; min-width: 326px; padding: 0; width: calc(100% - 2px);\"><p>&#13;<br \/>\n&#13;\n<\/p><\/blockquote>\n<p>&#13;<br \/>\n&#13;<\/p>\n<p class=\"p1\">Selon M\u00e9t\u00e9o-France, <strong>la nuit de jeudi \u00e0 vendredi sera la plus agit\u00e9e<\/strong>, avec des <strong>vents pouvant atteindre \u00ab\u00a095 km\/h sur des zones \u00e9tendues et 100 km\/h localement\u00a0\u00bb<\/strong>. Vendredi matin, le vent restera soutenu, accompagn\u00e9 de pluie et de <strong>temp\u00e9ratures comprises entre 5\u00b0C et 7\u00b0C<\/strong>. <\/p>\n<p>&#13;<br \/>\n<b><br \/>Trafic ferroviaire fortement perturb\u00e9 d\u00e8s ce jeudi soir<\/b>&#13;<\/p>\n<p class=\"p1\">Cons\u00e9quence directe de cet \u00e9pisode venteux\u00a0: <strong>de nombreuses perturbations sont \u00e0 pr\u00e9voir sur le r\u00e9seau ferroviaire<\/strong>. La SNCF annonce l\u2019interruption de plusieurs lignes d\u00e8s la soir\u00e9e de jeudi. Les trains <strong>Paris \u2013 Lisieux \u2013 Caen \u2013 Cherbourg<\/strong>, <strong>Paris \u2013 L\u2019Aigle \u2013 Argentan \u2013 Granville<\/strong> ainsi que <strong>Caen \u2013 Granville \u2013 Rennes<\/strong> seront <strong>\u00e0 l\u2019arr\u00eat \u00e0 partir de 19 heures<\/strong>.<\/p>\n<p>&#13;<\/p>\n<p class=\"p1\">M\u00eame sc\u00e9nario pour les <strong>lignes reliant Paris \u00e0 Rouen et au Havre<\/strong>, interrompues <strong>\u00e0 partir de 2 heures du matin<\/strong>. Les voyageurs sont par ailleurs invit\u00e9s \u00e0 reporter leurs d\u00e9placements et \u00e0 <strong>consulter r\u00e9guli\u00e8rement les informations trafic <\/strong>avant de se rendre en gare. <\/p>\n<p>&#13;<\/p>\n<blockquote class=\"twitter-tweet\"><p>&#13;<\/p>\n<p lang=\"fr\" dir=\"ltr\">\ud83d\udd34 TEMPETE GORETTI \ud83d\udca8 JEUDI 08 ET VENDREDI 09 JANVIER<a href=\"https:\/\/twitter.com\/meteofrance?ref_src=twsrc%5Etfw\" target=\"_blank\" rel=\"noopener\">@meteofrance<\/a> place la Normandie en alerte vents violents \u00e0 partir de jeudi 19h, avec des rafales pouvant atteindre jusqu\u2019\u00e0 140km\/h.<br \/>Afin de garantir la s\u00e9curit\u00e9 des voyageurs et du personnel, <a href=\"https:\/\/twitter.com\/SNCFReseau?ref_src=twsrc%5Etfw\" target=\"_blank\" rel=\"noopener\">@SNCFReseau<\/a> a d\u00e9cid\u00e9 de suspendre\u2026 <a href=\"https:\/\/t.co\/EslBXvI0ct\">pic.twitter.com\/EslBXvI0ct<\/a><\/p>\n<p>&#13;<br \/>\n\u2014 SNCF NOMAD TRAIN (@train_nomad) <a href=\"https:\/\/twitter.com\/train_nomad\/status\/2008948385902928175?ref_src=twsrc%5Etfw\" target=\"_blank\" rel=\"noopener\">January 7, 2026<\/a><\/p><\/blockquote>\n<p>&#13;<br \/>\n&#13;<br \/>\n<b><br \/>Vigilance renforc\u00e9e et possibles mesures de s\u00e9curit\u00e9<\/b>&#13;<\/p>\n<p class=\"p1\">La temp\u00eate Goretti ne concerne pas uniquement l\u2019\u00cele-de-France. <strong>D\u00e8s 15 heures ce jeudi, tout le quart ouest de la France est plac\u00e9 en vigilance orange vent<\/strong>. Le d\u00e9partement de la <strong>Manche<\/strong> passera m\u00eame en <strong>vigilance rouge \u00e0 partir de 21 heures<\/strong>, signe d\u2019un \u00e9pisode particuli\u00e8rement violent.<\/p>\n<p>&#13;<\/p>\n<p class=\"p1\">\u00c0 Paris et en banlieue, les municipalit\u00e9s pourraient prendre des <strong>mesures de pr\u00e9caution<\/strong>, comme la <strong>fermeture temporaire des parcs, jardins <\/strong>et<strong> cimeti\u00e8res<\/strong>. Les autorit\u00e9s recommandent \u00e9galement de <strong>limiter les d\u00e9placements<\/strong>, de <strong>s\u00e9curiser les objets susceptibles de s\u2019envoler<\/strong> et <strong>d\u2019\u00e9viter les zones bois\u00e9es durant la nuit<\/strong>.<\/p>\n<p><script async src=\"https:\/\/platform.twitter.com\/widgets.js\" charset=\"utf-8\"><\/script><script async src=\"\/\/www.instagram.com\/embed.js\"><\/script><\/p>\n","protected":false},"excerpt":{"rendered":"Attention, \u00e7a risque bien de d\u00e9coiffer ce jeudi 8 janvier 2026. La temp\u00eate Goretti arrive tout droit de&hellip;\n","protected":false},"author":2,"featured_media":649320,"comment_status":"","ping_status":"","sticky":false,"template":"","format":"standard","meta":{"footnotes":""},"categories":[1888],"tags":[1111,1928,11,1927,1777,674,1011,27,12,1926,626,1925,25],"class_list":{"0":"post-649319","1":"post","2":"type-post","3":"status-publish","4":"format-standard","5":"has-post-thumbnail","7":"category-paris","8":"tag-actu","9":"tag-actu-paris","10":"tag-actualites","11":"tag-actualites-paris","12":"tag-eu","13":"tag-europe","14":"tag-fr","15":"tag-france","16":"tag-news","17":"tag-news-paris","18":"tag-paris","19":"tag-paris-news","20":"tag-republique-francaise"},"share_on_mastodon":{"url":"https:\/\/pubeurope.com\/@fr\/115859419553128619","error":""},"_links":{"self":[{"href":"https:\/\/www.europesays.com\/fr\/wp-json\/wp\/v2\/posts\/649319","targetHints":{"allow":["GET"]}}],"collection":[{"href":"https:\/\/www.europesays.com\/fr\/wp-json\/wp\/v2\/posts"}],"about":[{"href":"https:\/\/www.europesays.com\/fr\/wp-json\/wp\/v2\/types\/post"}],"author":[{"embeddable":true,"href":"https:\/\/www.europesays.com\/fr\/wp-json\/wp\/v2\/users\/2"}],"replies":[{"embeddable":true,"href":"https:\/\/www.europesays.com\/fr\/wp-json\/wp\/v2\/comments?post=649319"}],"version-history":[{"count":0,"href":"https:\/\/www.europesays.com\/fr\/wp-json\/wp\/v2\/posts\/649319\/revisions"}],"wp:featuredmedia":[{"embeddable":true,"href":"https:\/\/www.europesays.com\/fr\/wp-json\/wp\/v2\/media\/649320"}],"wp:attachment":[{"href":"https:\/\/www.europesays.com\/fr\/wp-json\/wp\/v2\/media?parent=649319"}],"wp:term":[{"taxonomy":"category","embeddable":true,"href":"https:\/\/www.europesays.com\/fr\/wp-json\/wp\/v2\/categories?post=649319"},{"taxonomy":"post_tag","embeddable":true,"href":"https:\/\/www.europesays.com\/fr\/wp-json\/wp\/v2\/tags?post=649319"}],"curies":[{"name":"wp","href":"https:\/\/api.w.org\/{rel}","templated":true}]}}