{"id":649327,"date":"2026-01-08T12:16:17","date_gmt":"2026-01-08T12:16:17","guid":{"rendered":"https:\/\/www.europesays.com\/fr\/649327\/"},"modified":"2026-01-08T12:16:17","modified_gmt":"2026-01-08T12:16:17","slug":"guerre-en-ukraine-la-russie-considerera-toute-presence-militaire-occidentale-comme-une-cible-legitime","status":"publish","type":"post","link":"https:\/\/www.europesays.com\/fr\/649327\/","title":{"rendered":"Guerre en Ukraine\u00a0: la Russie consid\u00e9rera toute pr\u00e9sence militaire occidentale comme une \u00ab\u00a0cible l\u00e9gitime\u00a0\u00bb"},"content":{"rendered":"<p class=\"paragraph text_align_left lp-f-body-02\">Moscou menace. La diplomatie russe a d\u00e9clar\u00e9 ce jeudi 8 janvier que la Russie consid\u00e9rera toute pr\u00e9sence militaire occidentale <a href=\"https:\/\/www.leparisien.fr\/international\/ukraine\/\" target=\"_blank\" rel=\"noreferrer noopener\">en Ukraine<\/a> comme une \u00ab cible l\u00e9gitime \u00bb.<\/p>\n<p class=\"\">Dans cette premi\u00e8re r\u00e9action depuis le sommet mardi \u00e0 Paris entre Kiev et ses alli\u00e9s pour sceller des garanties de s\u00e9curit\u00e9 \u00e0 l\u2019Ukraine, Moscou semble doucher les espoirs de succ\u00e8s des efforts diplomatiques qui se sont intensifi\u00e9s depuis novembre sous l\u2019impulsion du pr\u00e9sident am\u00e9ricain Donald Trump.<\/p>\n<p class=\"title-embed-dailymotion lp-color-text lp-f-subtitle-04\">Vid\u00e9oVolodymyr Zelensky annonce que l&rsquo;accord de paix \u00ab est pr\u00eat \u00e0 90% \u00bb<\/p>\n<p class=\"\">\u00ab Toutes ces unit\u00e9s et installations seront consid\u00e9r\u00e9es comme des cibles militaires l\u00e9gitimes pour les forces arm\u00e9es de la Russie. Ces avertissements ont \u00e9t\u00e9 r\u00e9p\u00e9t\u00e9s \u00e0 plusieurs reprises au plus haut niveau et restent d\u2019actualit\u00e9 \u00bb, a indiqu\u00e9 la porte-parole de la diplomatie russe, Maria Zakharova, dans un communiqu\u00e9.<\/p>\n<p class=\"\">Et d\u2019ajouter : \u00ab Les nouvelles d\u00e9clarations militaristes de la soi-disant Coalition des volontaires et du r\u00e9gime de Kiev font d\u2019eux un v\u00e9ritable axe de la guerre \u00bb.<\/p>\n<p>Mettre la pression sur l\u2019Europe<\/p>\n<p class=\"\">Cette d\u00e9claration intervient alors la Russie a revendiqu\u00e9 jeudi <a href=\"https:\/\/www.leparisien.fr\/international\/ukraine\/lennemi-a-mene-une-attaque-massive-une-partie-de-lukraine-privee-delectricite-apres-des-frappes-russes-08-01-2026-ZDVMXYACSVHQRGWMJ2PPWOB42I.php\" target=\"_blank\" rel=\"noreferrer noopener\">la prise de la localit\u00e9 de Bratsk\u00e9<\/a> dans le sud de la r\u00e9gion de Dnipropetrovsk, vis\u00e9e par des frappes massives russes sur les infrastructures \u00e9nerg\u00e9tiques qui ont laiss\u00e9 <a href=\"https:\/\/www.leparisien.fr\/international\/ukraine\/guerre-en-ukraine-plus-dun-million-de-foyers-sans-chauffage-ni-eau-apres-des-frappes-russes-annonce-kiev-08-01-2026-B37CIJRV3FGIXCVU6QBYOW6KSE.php\" target=\"_blank\" rel=\"noreferrer noopener\">plus d\u2019un million de personnes sans \u00e9lectricit\u00e9<\/a>.<\/p>\n<p class=\"\">Le Royaume-Uni et la France ont sign\u00e9 \u00e0 cette occasion une d\u00e9claration d\u2019intention avec l\u2019Ukraine, dans laquelle ils se disent pr\u00eats \u00e0 d\u00e9ployer des soldats britanniques et fran\u00e7ais pour maintenir la paix en cas de cessez-le-feu.<\/p>\n<p class=\"\">\u00ab Toutes ces unit\u00e9s et installations seront consid\u00e9r\u00e9es comme des cibles militaires l\u00e9gitimes pour les forces arm\u00e9es de la Russie. Ces avertissements ont \u00e9t\u00e9 r\u00e9p\u00e9t\u00e9s \u00e0 plusieurs reprises au plus haut niveau et restent d\u2019actualit\u00e9 \u00bb, a d\u00e9clar\u00e9 Maria Zakharova. La Russie a pr\u00e9venu \u00e0 plusieurs reprises que tout d\u00e9ploiement militaire en Ukraine constituait pour elle une ligne rouge.<\/p>\n","protected":false},"excerpt":{"rendered":"Moscou menace. La diplomatie russe a d\u00e9clar\u00e9 ce jeudi 8 janvier que la Russie consid\u00e9rera toute pr\u00e9sence militaire&hellip;\n","protected":false},"author":2,"featured_media":30684,"comment_status":"","ping_status":"","sticky":false,"template":"","format":"standard","meta":{"footnotes":""},"categories":[1590],"tags":[11,1777,674,14,12,220],"class_list":{"0":"post-649327","1":"post","2":"type-post","3":"status-publish","4":"format-standard","5":"has-post-thumbnail","7":"category-ukraine","8":"tag-actualites","9":"tag-eu","10":"tag-europe","11":"tag-international","12":"tag-news","13":"tag-ukraine"},"share_on_mastodon":{"url":"https:\/\/pubeurope.com\/@fr\/115859435277595124","error":""},"_links":{"self":[{"href":"https:\/\/www.europesays.com\/fr\/wp-json\/wp\/v2\/posts\/649327","targetHints":{"allow":["GET"]}}],"collection":[{"href":"https:\/\/www.europesays.com\/fr\/wp-json\/wp\/v2\/posts"}],"about":[{"href":"https:\/\/www.europesays.com\/fr\/wp-json\/wp\/v2\/types\/post"}],"author":[{"embeddable":true,"href":"https:\/\/www.europesays.com\/fr\/wp-json\/wp\/v2\/users\/2"}],"replies":[{"embeddable":true,"href":"https:\/\/www.europesays.com\/fr\/wp-json\/wp\/v2\/comments?post=649327"}],"version-history":[{"count":0,"href":"https:\/\/www.europesays.com\/fr\/wp-json\/wp\/v2\/posts\/649327\/revisions"}],"wp:featuredmedia":[{"embeddable":true,"href":"https:\/\/www.europesays.com\/fr\/wp-json\/wp\/v2\/media\/30684"}],"wp:attachment":[{"href":"https:\/\/www.europesays.com\/fr\/wp-json\/wp\/v2\/media?parent=649327"}],"wp:term":[{"taxonomy":"category","embeddable":true,"href":"https:\/\/www.europesays.com\/fr\/wp-json\/wp\/v2\/categories?post=649327"},{"taxonomy":"post_tag","embeddable":true,"href":"https:\/\/www.europesays.com\/fr\/wp-json\/wp\/v2\/tags?post=649327"}],"curies":[{"name":"wp","href":"https:\/\/api.w.org\/{rel}","templated":true}]}}