{"id":649328,"date":"2026-01-08T12:17:14","date_gmt":"2026-01-08T12:17:14","guid":{"rendered":"https:\/\/www.europesays.com\/fr\/649328\/"},"modified":"2026-01-08T12:17:14","modified_gmt":"2026-01-08T12:17:14","slug":"les-etats-unis-saffranchissent-des-regles-internationales-affirme-emmanuel-macron-devant-les-ambassadeurs","status":"publish","type":"post","link":"https:\/\/www.europesays.com\/fr\/649328\/","title":{"rendered":"Les Etats-Unis \u00abs&rsquo;affranchissent des r\u00e8gles internationales\u00bb, affirme Emmanuel Macron devant les ambassadeurs"},"content":{"rendered":"<p>\n                                            Europe 1<\/p>\n<p>                    13h12 . le 8 janvier 2026<\/p>\n<p>            <img decoding=\"async\" alt=\"Les Etats-Unis \u00abs'affranchissent des r\u00e8gles internationales\u00bb, affirme Emmanuel Macron devant les ambassadeurs\" src=\"https:\/\/www.europesays.com\/fr\/wp-content\/uploads\/2026\/01\/000_89zr7mq-1.jpg\" width=\"343\" height=\"228\" loading=\"lazy\"\/><\/p>\n<p>\n            Les Etats-Unis \u00abs&rsquo;affranchissent des r\u00e8gles internationales\u00bb, affirme Emmanuel Macron devant les ambassadeurs<\/p>\n<p>                                                    \u00a9 Michel Euler \/ POOL \/ AFP<\/p>\n<p class=\"intro \">Emmanuel Macron a alert\u00e9, lors de son discours annuel devant les ambassadeurs, sur le recul du multilat\u00e9ralisme et le durcissement des rapports de force internationaux, d\u00e9non\u00e7ant un d\u00e9sengagement progressif des \u00c9tats-Unis vis-\u00e0-vis de certains alli\u00e9s et une mont\u00e9e des logiques de puissance et d'\u00a0\u00bbagressivit\u00e9 n\u00e9ocoloniale\u00a0\u00bb sur la sc\u00e8ne mondiale.<\/p>\n<p>Les Etats-Unis \u00ab\u00a0se d\u00e9tournent progressivement\u00a0\u00bb de certains alli\u00e9s et \u00ab\u00a0s&rsquo;affranchissent des r\u00e8gles internationales\u00a0\u00bb, a d\u00e9plor\u00e9 jeudi Emmanuel Macron dans son discours annuel devant les ambassadeurs fran\u00e7ais, \u00e9voquant aussi \u00ab\u00a0une agressivit\u00e9 n\u00e9ocoloniale\u00a0\u00bb de plus en plus en vigueur dans les relations diplomatiques.<\/p>\n<p>    La suite apr\u00e8s cette publicit\u00e9<\/p>\n<p>    La suite apr\u00e8s cette publicit\u00e9<\/p>\n<p>\u00ab\u00a0Les instances du multilat\u00e9ralisme fonctionnent de moins en moins bien. Nous \u00e9voluons dans un monde de grandes puissances avec une vraie tentation de se partager le monde\u00a0\u00bb, estime le pr\u00e9sident fran\u00e7ais.<\/p>\n<p><strong>&gt;&gt; Plus d&rsquo;informations \u00e0 suivre&#8230;<\/strong><\/p>\n","protected":false},"excerpt":{"rendered":"Europe 1 13h12 . le 8 janvier 2026 Les Etats-Unis \u00abs&rsquo;affranchissent des r\u00e8gles internationales\u00bb, affirme Emmanuel Macron devant&hellip;\n","protected":false},"author":2,"featured_media":649329,"comment_status":"","ping_status":"","sticky":false,"template":"","format":"standard","meta":{"footnotes":""},"categories":[1589],"tags":[11,73,1866,12,1864,1865,1863,308],"class_list":{"0":"post-649328","1":"post","2":"type-post","3":"status-publish","4":"format-standard","5":"has-post-thumbnail","7":"category-etats-unis","8":"tag-actualites","9":"tag-etats-unis","10":"tag-etats-unis-damerique","11":"tag-news","12":"tag-united-states","13":"tag-united-states-of-america","14":"tag-us","15":"tag-usa"},"share_on_mastodon":{"url":"https:\/\/pubeurope.com\/@fr\/115859439290113360","error":""},"_links":{"self":[{"href":"https:\/\/www.europesays.com\/fr\/wp-json\/wp\/v2\/posts\/649328","targetHints":{"allow":["GET"]}}],"collection":[{"href":"https:\/\/www.europesays.com\/fr\/wp-json\/wp\/v2\/posts"}],"about":[{"href":"https:\/\/www.europesays.com\/fr\/wp-json\/wp\/v2\/types\/post"}],"author":[{"embeddable":true,"href":"https:\/\/www.europesays.com\/fr\/wp-json\/wp\/v2\/users\/2"}],"replies":[{"embeddable":true,"href":"https:\/\/www.europesays.com\/fr\/wp-json\/wp\/v2\/comments?post=649328"}],"version-history":[{"count":0,"href":"https:\/\/www.europesays.com\/fr\/wp-json\/wp\/v2\/posts\/649328\/revisions"}],"wp:featuredmedia":[{"embeddable":true,"href":"https:\/\/www.europesays.com\/fr\/wp-json\/wp\/v2\/media\/649329"}],"wp:attachment":[{"href":"https:\/\/www.europesays.com\/fr\/wp-json\/wp\/v2\/media?parent=649328"}],"wp:term":[{"taxonomy":"category","embeddable":true,"href":"https:\/\/www.europesays.com\/fr\/wp-json\/wp\/v2\/categories?post=649328"},{"taxonomy":"post_tag","embeddable":true,"href":"https:\/\/www.europesays.com\/fr\/wp-json\/wp\/v2\/tags?post=649328"}],"curies":[{"name":"wp","href":"https:\/\/api.w.org\/{rel}","templated":true}]}}