{"id":649332,"date":"2026-01-08T12:19:13","date_gmt":"2026-01-08T12:19:13","guid":{"rendered":"https:\/\/www.europesays.com\/fr\/649332\/"},"modified":"2026-01-08T12:19:13","modified_gmt":"2026-01-08T12:19:13","slug":"economie-la-plateforme-zalando-va-fermer-un-site-en-allemagne-2-700-emplois-supprimes","status":"publish","type":"post","link":"https:\/\/www.europesays.com\/fr\/649332\/","title":{"rendered":"\u00c9conomie. La plateforme Zalando va\u00a0fermer un site en Allemagne, 2 700 emplois supprim\u00e9s"},"content":{"rendered":"<p>Le g\u00e9ant allemand de la mode en ligne Zalando a annonc\u00e9 ce jeudi la fermeture de son site d&rsquo;Erfurt, dans l&rsquo;est du pays, qui emploie 2 700 personnes, afin de remodeler son r\u00e9seau logistique europ\u00e9en face \u00e0 la rude concurrence chinoise.<\/p>\n<p>Ce centre de distribution, qui repr\u00e9sente pr\u00e8s d&rsquo;un sixi\u00e8me des employ\u00e9s de Zalando, cessera toute activit\u00e9 d&rsquo;ici fin septembre, selon un communiqu\u00e9. Trois autres entrep\u00f4ts \u00e0 l&rsquo;\u00e9tranger, exploit\u00e9s par des prestataires externes, seront aussi ferm\u00e9s.<\/p>\n","protected":false},"excerpt":{"rendered":"Le g\u00e9ant allemand de la mode en ligne Zalando a annonc\u00e9 ce jeudi la fermeture de son site&hellip;\n","protected":false},"author":2,"featured_media":649333,"comment_status":"","ping_status":"","sticky":false,"template":"","format":"standard","meta":{"footnotes":""},"categories":[1587],"tags":[11,672,1804,130,1805,1803,33,341,1777,674,107,329,1801,693,12,1802,801],"class_list":{"0":"post-649332","1":"post","2":"type-post","3":"status-publish","4":"format-standard","5":"has-post-thumbnail","7":"category-allemagne","8":"tag-actualites","9":"tag-allemagne","10":"tag-bundesrepublik-deutschland","11":"tag-consommation","12":"tag-de","13":"tag-deutschland","14":"tag-economie","15":"tag-emploi","16":"tag-eu","17":"tag-europe","18":"tag-fil-info","19":"tag-france-monde","20":"tag-germany","21":"tag-industrie","22":"tag-news","23":"tag-republique-federale-dallemagne","24":"tag-social"},"share_on_mastodon":{"url":"https:\/\/pubeurope.com\/@fr\/115859447148961129","error":""},"_links":{"self":[{"href":"https:\/\/www.europesays.com\/fr\/wp-json\/wp\/v2\/posts\/649332","targetHints":{"allow":["GET"]}}],"collection":[{"href":"https:\/\/www.europesays.com\/fr\/wp-json\/wp\/v2\/posts"}],"about":[{"href":"https:\/\/www.europesays.com\/fr\/wp-json\/wp\/v2\/types\/post"}],"author":[{"embeddable":true,"href":"https:\/\/www.europesays.com\/fr\/wp-json\/wp\/v2\/users\/2"}],"replies":[{"embeddable":true,"href":"https:\/\/www.europesays.com\/fr\/wp-json\/wp\/v2\/comments?post=649332"}],"version-history":[{"count":0,"href":"https:\/\/www.europesays.com\/fr\/wp-json\/wp\/v2\/posts\/649332\/revisions"}],"wp:featuredmedia":[{"embeddable":true,"href":"https:\/\/www.europesays.com\/fr\/wp-json\/wp\/v2\/media\/649333"}],"wp:attachment":[{"href":"https:\/\/www.europesays.com\/fr\/wp-json\/wp\/v2\/media?parent=649332"}],"wp:term":[{"taxonomy":"category","embeddable":true,"href":"https:\/\/www.europesays.com\/fr\/wp-json\/wp\/v2\/categories?post=649332"},{"taxonomy":"post_tag","embeddable":true,"href":"https:\/\/www.europesays.com\/fr\/wp-json\/wp\/v2\/tags?post=649332"}],"curies":[{"name":"wp","href":"https:\/\/api.w.org\/{rel}","templated":true}]}}