{"id":649336,"date":"2026-01-08T12:21:20","date_gmt":"2026-01-08T12:21:20","guid":{"rendered":"https:\/\/www.europesays.com\/fr\/649336\/"},"modified":"2026-01-08T12:21:20","modified_gmt":"2026-01-08T12:21:20","slug":"mercosur-lirlande-rejoint-la-liste-des-pays-qui-voteront-contre-laccord-de-lue","status":"publish","type":"post","link":"https:\/\/www.europesays.com\/fr\/649336\/","title":{"rendered":"Mercosur\u00a0: l\u2019Irlande rejoint la liste des pays qui voteront contre l\u2019accord de l\u2019UE"},"content":{"rendered":"<p>L\u2019Irlande votera contre l\u2019accord commercial de l\u2019Union europ\u00e9enne avec le Mercosur lors d\u2019un vote vendredi, a annonc\u00e9, ce jeudi, son vice-Premier ministre Simon Harris, rejoignant l\u2019opposition de plusieurs pays dont la France. \u00ab Bien que l\u2019UE ait accept\u00e9 un certain nombre de mesures suppl\u00e9mentaires, elles ne sont pas suffisantes pour satisfaire nos concitoyens. Notre position demeure donc inchang\u00e9e. Nous voterons contre l\u2019accord \u00bb, a d\u00e9clar\u00e9 Harris dans un communiqu\u00e9.<\/p>\n<p>Feu vert d\u2019une majorit\u00e9 d\u2019\u00c9tats membres<\/p>\n<p>Cette d\u00e9cision s\u2019ajoute \u00e0 l\u2019opposition de la France, de la Pologne ou de la Hongrie, mais ne devrait cependant pas emp\u00eacher la Commission europ\u00e9enne d\u2019obtenir le feu vert d\u2019une majorit\u00e9 d\u2019\u00c9tats membres lors de ce vote \u00e0 la majorit\u00e9 qualifi\u00e9e vendredi \u00e0 Bruxelles.<\/p>\n<p>La France, dont les agriculteurs manifestent jeudi, notamment contre la concurrence accrue des pays latino-am\u00e9ricains, s\u2019oppose depuis des mois \u00e0 cet accord. Mais une position d\u00e9finitive est toujours attendue de la part du pr\u00e9sident Emmanuel Macron et du Premier ministre S\u00e9bastien Lecornu. Une abstention est \u00e9galement \u00e9voqu\u00e9e.<\/p>\n<p>N\u00e9goci\u00e9 depuis plus de 25 ans, ce trait\u00e9 de libre-\u00e9change avec les pays du Mercosur (Argentine, Br\u00e9sil, Paraguay et Uruguay) est contest\u00e9 par plusieurs pays, qui r\u00e9clament notamment des garanties sur le respect des normes europ\u00e9ennes dans les produits sud-am\u00e9ricains.<\/p>\n<p>Si Bruxelles obtenait l\u2019aval des \u00c9tats europ\u00e9ens, une signature pourrait avoir lieu d\u00e8s lundi au Paraguay.<\/p>\n","protected":false},"excerpt":{"rendered":"L\u2019Irlande votera contre l\u2019accord commercial de l\u2019Union europ\u00e9enne avec le Mercosur lors d\u2019un vote vendredi, a annonc\u00e9, ce&hellip;\n","protected":false},"author":2,"featured_media":649337,"comment_status":"","ping_status":"","sticky":false,"template":"","format":"standard","meta":{"footnotes":""},"categories":[1586],"tags":[11,5825,33,765,1777,674,1779,1011,27,21426,74,12,75441,25,1778,364],"class_list":{"0":"post-649336","1":"post","2":"type-post","3":"status-publish","4":"format-standard","5":"has-post-thumbnail","7":"category-europe","8":"tag-actualites","9":"tag-agroalimentaire","10":"tag-economie","11":"tag-en-continu","12":"tag-eu","13":"tag-europe","14":"tag-european-union","15":"tag-fr","16":"tag-france","17":"tag-mercosur","18":"tag-monde","19":"tag-news","20":"tag-republique-dirlande","21":"tag-republique-francaise","22":"tag-ue","23":"tag-union-europeenne"},"share_on_mastodon":{"url":"https:\/\/pubeurope.com\/@fr\/115859454957688134","error":""},"_links":{"self":[{"href":"https:\/\/www.europesays.com\/fr\/wp-json\/wp\/v2\/posts\/649336","targetHints":{"allow":["GET"]}}],"collection":[{"href":"https:\/\/www.europesays.com\/fr\/wp-json\/wp\/v2\/posts"}],"about":[{"href":"https:\/\/www.europesays.com\/fr\/wp-json\/wp\/v2\/types\/post"}],"author":[{"embeddable":true,"href":"https:\/\/www.europesays.com\/fr\/wp-json\/wp\/v2\/users\/2"}],"replies":[{"embeddable":true,"href":"https:\/\/www.europesays.com\/fr\/wp-json\/wp\/v2\/comments?post=649336"}],"version-history":[{"count":0,"href":"https:\/\/www.europesays.com\/fr\/wp-json\/wp\/v2\/posts\/649336\/revisions"}],"wp:featuredmedia":[{"embeddable":true,"href":"https:\/\/www.europesays.com\/fr\/wp-json\/wp\/v2\/media\/649337"}],"wp:attachment":[{"href":"https:\/\/www.europesays.com\/fr\/wp-json\/wp\/v2\/media?parent=649336"}],"wp:term":[{"taxonomy":"category","embeddable":true,"href":"https:\/\/www.europesays.com\/fr\/wp-json\/wp\/v2\/categories?post=649336"},{"taxonomy":"post_tag","embeddable":true,"href":"https:\/\/www.europesays.com\/fr\/wp-json\/wp\/v2\/tags?post=649336"}],"curies":[{"name":"wp","href":"https:\/\/api.w.org\/{rel}","templated":true}]}}