{"id":649338,"date":"2026-01-08T12:22:12","date_gmt":"2026-01-08T12:22:12","guid":{"rendered":"https:\/\/www.europesays.com\/fr\/649338\/"},"modified":"2026-01-08T12:22:12","modified_gmt":"2026-01-08T12:22:12","slug":"on-est-gere-par-des-irresponsables-a-crans-montana-une-semaine-apres-lincendie-le-deuil-laisse-doucement-place-a-la-colere-le-figaro","status":"publish","type":"post","link":"https:\/\/www.europesays.com\/fr\/649338\/","title":{"rendered":"\u00abOn est g\u00e9r\u00e9 par des irresponsables\u00bb : \u00e0 Crans-Montana une semaine apr\u00e8s l\u2019incendie, le deuil laisse doucement place \u00e0 la col\u00e8re &#8211; Le Figaro"},"content":{"rendered":"<ol>\n<li><a href=\"https:\/\/news.google.com\/rss\/articles\/CBMi_wFBVV95cUxPcXJxUFlRUGNnZElrRkxCUzhtdEJ6NkVucmk2bXFQRTY5eThZdFlBbUx3XzNITWllQjExcVc1Mm1hdnplNlY3eDB6ZFBEYmVGTmdGa0lXd1JvQlJrNWtDa2JjMmZvWXpiMzlqaS10VnNLUEFnNVRxWnZfT3FNSlg1ak1vMWt3amdxb1BudDUya1hsaFFRdUt4TFBKdE0wTnNqaWNjaEo4SWdFTEptUTFsc3VvVHdacmotWklpSXFRVjFRQmNwcGRsRUxfWXZnX0xveWhsc0dUYldBaElTek1SX3FySnZpRkwzNGsxV0stX2xMZzFRZjA3dHZHZzg3MUU?oc=5\" target=\"_blank\" rel=\"noopener\">\u00abOn est g\u00e9r\u00e9 par des irresponsables\u00bb : \u00e0 Crans-Montana une semaine apr\u00e8s l\u2019incendie, le deuil laisse doucement place \u00e0 la col\u00e8re<\/a>&nbsp;&nbsp;Le Figaro<\/li>\n<li><a href=\"https:\/\/news.google.com\/rss\/articles\/CBMitgFBVV95cUxQOVZVcklSNjdIel9wN1AyZEQwT1Bsb3RsckdYYkI4MFFIZDVySHBvaDNZSGFaZjFOeGREWC16cDB4XzJRUVlpN2N0TWxMT2toRUVZRXpmSl9iN0RvRGRFcUJoX19YMEFSVDZtSnFXQVY5MVFlSWNVVGFkQmF2LXBVYXhhV3VFTUFlWUQxWVI2WmFyUDFQVWJnM1c4cHRYTEFBTll1RXdMY0hSWS1RTFZxZnlxR0NLUQ?oc=5\" target=\"_blank\" rel=\"noopener\">Incendie \u00e0 Crans-Montana : La g\u00e9rante du bar ravag\u00e9 en Suisse aurait fui les flammes avec la caisse<\/a>&nbsp;&nbsp;20 Minutes<\/li>\n<li><a href=\"https:\/\/news.google.com\/rss\/articles\/CBMi-wFBVV95cUxNenBaSFlHM2ZfRGtaa01XOEV2RFlTOU9qNlgzYllBdkdQQ1BmdTZ4Qkp3Z0FtMjdoTkEweFU4WE5YRG9XQVUyaG5UeG90cF8yUktiY0hoN2JuTDVyQVNWWTBDbnNxZHd4S2ljVEZqSkh6R3owWExreEw5dXpNaEpwV3dWcDZLMTVYLXdna1IySThldUZnal8yMXdKc012TUZGTkFrNHZWbVFhZnlUUmFMRHZJOUtmcmpMM3NCajZpNWdfWGtQZHJjeElLb1dtQm1mOGVlTXR5bnh6aDFuUExWWlVUaEZXRmtrWU5jTjNCeEhZa3ZILXk4QTg4Zw?oc=5\" target=\"_blank\" rel=\"noopener\">\u00abCassez-vous de l\u00e0\u00bb : plusieurs journalistes agress\u00e9s et menac\u00e9s par des proches des g\u00e9rants du Constellation \u00e0 Crans-Montana<\/a>&nbsp;&nbsp;Le Figaro<\/li>\n<li><a href=\"https:\/\/news.google.com\/rss\/articles\/CBMixwJBVV95cUxPWW1mb05lWFk1TndmcVNpMy0xeWVCcHRFcTN2V05hM2d6MzBfTWpqMWhlZTlLbU1KOHc3eXN1UkZyeGJlblV4WHhNVzUzaTVHMVk5N3ZFRDFMa1ZBTzVScTMtNEo3Qm1OdU9QUGZMc0FyYVdZMGpxcUloNUxhWnlQZ1BPLW1xMkhjMzdFUlhtd0JaR3RaVVpUdXROMVBmcXB4Z1ZqSFZiQ0FnY0JiTEhwaXNPVV84a09wWVMzWkc2ZExjVHFXbEZ1VW9VNjNFTU5Cc21iRGRxdjEtMlNtMklZcFhCUnBhYndVNVZ2UDlzbXQ1OVk0QU5zRUJWT2phbHNsd2tXOGdXb3pJeEpPRWhHWVVxZ181MGdkZlRycWtMR0pYQ1VxN1FYN3hrS1E1UmFtRXc2X0ZkeVFlT1hnZ3NqSkFiZVFsaUk?oc=5\" target=\"_blank\" rel=\"noopener\">\u00ab\u00a0Faites gaffe \u00e0 la mousse !\u00a0\u00bb : une vid\u00e9o film\u00e9e en 2019 \u00e0 Crans-Montana r\u00e9v\u00e8le les risques d&rsquo;incendie dans le bar \u00ab\u00a0Le Constellation\u00a0\u00bb<\/a>&nbsp;&nbsp;Franceinfo<\/li>\n<li><a href=\"https:\/\/news.google.com\/rss\/articles\/CBMiswFBVV95cUxONXVCTkQ1OXZ0ZjYxaGlnQ2lhWG9lNFJER0tZcjZESUxzQWd4bUIyT0FJUDJFb0JtQm13ajZ5eHk1TWtQVjRTSkFYd2NWVDhNSzBDQ2FLLVJSZlNCS1RMaXVkR25aYWsxTjI1azVTcExFa2RTV1NiNUtsZEVsbGZSc3NvOW50SUdNTW9MOFB4UUk5RElBM2V1OXNJaFFYVm5HaWExOVBDSExETUJyWDMwNzltYw?oc=5\" target=\"_blank\" rel=\"noopener\">On a des nouvelles du jeune barman varois, gri\u00e8vement br\u00fbl\u00e9 dans l\u2019incendie meurtrier de Crans-Montana<\/a>&nbsp;&nbsp;Nice-Matin<\/li>\n<\/ol>\n","protected":false},"excerpt":{"rendered":"\u00abOn est g\u00e9r\u00e9 par des irresponsables\u00bb : \u00e0 Crans-Montana une semaine apr\u00e8s l\u2019incendie, le deuil laisse doucement place&hellip;\n","protected":false},"author":2,"featured_media":395849,"comment_status":"","ping_status":"","sticky":false,"template":"","format":"standard","meta":{"footnotes":""},"categories":[2],"tags":[11,1011,27,12,25],"class_list":{"0":"post-649338","1":"post","2":"type-post","3":"status-publish","4":"format-standard","5":"has-post-thumbnail","7":"category-actualites","8":"tag-actualites","9":"tag-fr","10":"tag-france","11":"tag-news","12":"tag-republique-francaise"},"share_on_mastodon":{"url":"https:\/\/pubeurope.com\/@fr\/115859458846319234","error":""},"_links":{"self":[{"href":"https:\/\/www.europesays.com\/fr\/wp-json\/wp\/v2\/posts\/649338","targetHints":{"allow":["GET"]}}],"collection":[{"href":"https:\/\/www.europesays.com\/fr\/wp-json\/wp\/v2\/posts"}],"about":[{"href":"https:\/\/www.europesays.com\/fr\/wp-json\/wp\/v2\/types\/post"}],"author":[{"embeddable":true,"href":"https:\/\/www.europesays.com\/fr\/wp-json\/wp\/v2\/users\/2"}],"replies":[{"embeddable":true,"href":"https:\/\/www.europesays.com\/fr\/wp-json\/wp\/v2\/comments?post=649338"}],"version-history":[{"count":0,"href":"https:\/\/www.europesays.com\/fr\/wp-json\/wp\/v2\/posts\/649338\/revisions"}],"wp:featuredmedia":[{"embeddable":true,"href":"https:\/\/www.europesays.com\/fr\/wp-json\/wp\/v2\/media\/395849"}],"wp:attachment":[{"href":"https:\/\/www.europesays.com\/fr\/wp-json\/wp\/v2\/media?parent=649338"}],"wp:term":[{"taxonomy":"category","embeddable":true,"href":"https:\/\/www.europesays.com\/fr\/wp-json\/wp\/v2\/categories?post=649338"},{"taxonomy":"post_tag","embeddable":true,"href":"https:\/\/www.europesays.com\/fr\/wp-json\/wp\/v2\/tags?post=649338"}],"curies":[{"name":"wp","href":"https:\/\/api.w.org\/{rel}","templated":true}]}}