{"id":649354,"date":"2026-01-08T12:34:10","date_gmt":"2026-01-08T12:34:10","guid":{"rendered":"https:\/\/www.europesays.com\/fr\/649354\/"},"modified":"2026-01-08T12:34:10","modified_gmt":"2026-01-08T12:34:10","slug":"mort-de-brigitte-bardot-le-coup-de-gueule-ose-de-mireille-matthieu-en-direct-des-obseques","status":"publish","type":"post","link":"https:\/\/www.europesays.com\/fr\/649354\/","title":{"rendered":"Mort de Brigitte Bardot : le coup de gueule os\u00e9 de Mireille Matthieu en direct des obs\u00e8ques"},"content":{"rendered":"<p>Brigitte Bardot <a href=\"https:\/\/www.public.fr\/urgent-brigitte-bardot-est-morte\" target=\"_blank\" rel=\"noopener\">s\u2019est \u00e9teinte le <strong>28 D\u00e9cembre 2025<\/strong><\/a> \u00e0 l\u2019\u00e2ge de 91 ans, laissant derri\u00e8re elle une carri\u00e8re qui a marqu\u00e9 l\u2019histoire du cin\u00e9ma fran\u00e7ais et le combat pour la protection des animaux. Ses obs\u00e8ques ont eu lieu le mercredi 7 janvier 2026 au cimeti\u00e8re marin de Saint-Tropez, dans le Var. Parmi les rares personnalit\u00e9s invit\u00e9es \u00e0 se produire lors de la c\u00e9r\u00e9monie, <a href=\"https:\/\/vsd.fr\/66059-mireille-mathieu-fetera-ses-60-ans-de-carriere-en-2025-avec-trois-representations-a-lolympia\/\" target=\"_blank\" rel=\"noopener\"><strong>Mireille Mathieu<\/strong>, \u00e2g\u00e9e de 79 ans<\/a>, a interpr\u00e9t\u00e9 le chant sacr\u00e9 <strong>Panis Angelicus<\/strong> aux c\u00f4t\u00e9s de Chico et les Gypsies et <a href=\"https:\/\/www.public.fr\/tag\/vincent-niclo\" target=\"_blank\" rel=\"noopener\">Vincent Niclo<\/a>.\u00a0<\/p>\n<p>La chanteuse, tr\u00e8s \u00e9mue, a \u00e9voqu\u00e9 la relation qu\u2019elle entretenait avec <a href=\"https:\/\/www.public.fr\/tag\/brigitte-bardot\" target=\"_blank\" rel=\"noopener\">l\u2019ancienne Marianne<\/a> et son admiration pour l\u2019actrice : \u00ab\u00a0Aujourd\u2019hui je suis all\u00e9e dire au revoir \u00e0 ma grande s\u0153ur. Elle restera toujours dans mon c\u0153ur et ma m\u00e9moire.\u202f\u00a0\u00bb<\/p>\n<p>Pr\u00e9sente lors de ces adieux, Mireille Mathieu, dans les colonnes du <a href=\"https:\/\/www.leparisien.fr\/culture-loisirs\/cinema\/obseques-de-brigitte-bardot-ou-etaient-les-gens-du-cinema-sagace-mireille-mathieu-07-01-2026-IGME33UNRJALPILJWS5EIPZDKQ.php?at_variant=photo&amp;at_creation=Le%20Parisien&amp;at_campaign=Partage%20Twitter%20CM&amp;at_medium=Social%20media\" target=\"_blank\" rel=\"noopener\">Parisien<\/a>, a partag\u00e9 ses impressions et ses \u00e9motions apr\u00e8s avoir rendu hommage \u00e0 Brigitte Bardot, dont la carri\u00e8re et la personnalit\u00e9 ont profond\u00e9ment marqu\u00e9 la France et le monde.<\/p>\n<p><strong>Mireille Mathieu raconte ses derniers \u00e9changes avec Brigitte Bardot<\/strong><\/p>\n<p>Mireille Mathieu a reconnu que sa relation avec Brigitte Bardot \u00e9tait r\u00e9cente mais, malgr\u00e9 tout, remplie de sinc\u00e9rit\u00e9. \u00ab\u00a0Aussi \u00e9tonnant que cela puisse para\u00eetre, c\u2019\u00e9tait la premi\u00e8re fois. Gr\u00e2ce \u00e0 madame la maire de Saint-Tropez, Sylvie Siri, j\u2019ai enfin pu lui dire au t\u00e9l\u00e9phone toute mon admiration. <strong>C\u2019\u00e9tait extraordinaire de lui parler, d\u2019entendre sa voix sublime et unique<\/strong>, pleine de sourires et de joie. Je lui ai dit combien elle \u00e9tait aim\u00e9e dans le monde mais elle \u00e9tait tr\u00e8s humble. Nous avons surtout discut\u00e9 des animaux\u2026 Apr\u00e8s je lui ai dit je suis gaulliste et elle m\u2019a r\u00e9pondu moi aussi ! En se quittant, elle m\u2019a dit \u2018<a href=\"https:\/\/www.public.fr\/elle-ma-appelee-sa-petite-soeur-mireille-mathieu-bouleversee-elle-a-enfin-pu-discuter-avec-brigitte-bardot\" target=\"_blank\" rel=\"noopener\">je vous embrasse ma petite s\u0153ur\u2019<\/a>, je lui ai dit \u2018si vous le permettez, je vous embrasse ma grande s\u0153ur\u2019\u00a0\u00bb, se souvient Mireille Mathieu.<\/p>\n<p>L\u2019artiste a \u00e9galement rappel\u00e9 ce qui liait les deux anciennes Marianne : \u00ab\u00a0C\u2019est la plus belle femme du monde, avec un c\u0153ur immense. <strong>Elle \u00e9tait et elle est la France<\/strong>. Le monde entier la conna\u00eet. Elle a \u00e9t\u00e9 la premi\u00e8re symbole de Marianne, j\u2019ai \u00e9t\u00e9 la deuxi\u00e8me. J\u2019\u00e9tais tr\u00e8s fi\u00e8re de lui succ\u00e9der. Le plus bel hommage qu\u2019on puisse lui rendre, c\u2019est de cr\u00e9er un minist\u00e8re ou un secr\u00e9tariat d\u2019\u00c9tat pour les animaux. C\u2019\u00e9tait son souhait.\u202f\u00a0\u00bb<\/p>\n<p>Pour la chanteuse, l\u2019invitation \u00e0 chanter aux obs\u00e8ques a fait office de surprise : \u00ab\u00a0Surprise oui car je la connaissais depuis peu. Mais j\u2019ai appris aujourd\u2019hui que Brigitte avait \u00e9t\u00e9 tr\u00e8s touch\u00e9e que lors de mon dernier concert \u00e0 Marseille, le 22 novembre, je parle au public d\u2019elle et de sa Fondation\u00a0\u00bb.<\/p>\n<p><strong>Une \u00e9motion m\u00eal\u00e9e de coup de gueule<\/strong><\/p>\n<p>Lors de la c\u00e9r\u00e9monie, Mireille Mathieu a interpr\u00e9t\u00e9 le chant sacr\u00e9 <strong>Panis Angelicus<\/strong>, choisi \u00e0 la demande de la Fondation Brigitte Bardot. \u00ab\u00a0C\u2019est un chant c\u00e9leste de Saint-Thomas d\u2019Aquin que j\u2019aime beaucoup. C\u2019est Bruno Jacquelin, de la Fondation Brigitte Bardot, qui m\u2019a transmis cette demande de Brigitte. Je n\u2019aurais pas pu chanter l\u2019Ave Maria, que j\u2019avais d\u00e9j\u00e0 interpr\u00e9t\u00e9 aux obs\u00e8ques de ma maman. J\u2019aurais pleur\u00e9\u00a0\u00bb, confie la chanteuse au Parisien.<\/p>\n<p>Si elle a salu\u00e9 l\u2019organisation et l\u2019\u00e9motion des obs\u00e8ques, la chanteuse a exprim\u00e9 son \u00e9tonnement face \u00e0 l\u2019absence des figures du cin\u00e9ma fran\u00e7ais : \u00ab\u00a0Tr\u00e8s \u00e9mouvants et parfaitement organis\u00e9s. Il y avait \u00e9norm\u00e9ment de monde dans Saint-Tropez, beaucoup de remerciements. Mais <strong>je me permets de m\u2019interroger<\/strong>. <strong>Alors qu\u2019elle a tant repr\u00e9sent\u00e9 le cin\u00e9ma fran\u00e7ais dans le monde, o\u00f9 \u00e9taient les gens du cin\u00e9ma\u202f? <\/strong>\u00c0 part M. Pierre Arditi, personne n\u2019a rendu hommage \u00e0 Brigitte Bardot. On peut ne pas \u00eatre d\u2019accord avec certaines choses qu\u2019elle a dites, mais elle \u00e9tait hors du commun\u00a0\u00bb, d\u00e9plore-t-elle.<\/p>\n<p>Par cette d\u00e9claration, Mireille Mathieu exprime son regret de ne pas avoir observer plus de personnalit\u00e9s issues du cin\u00e9ma aux obs\u00e8ques de Brigitte Bardot. Outre ce regret, et malgr\u00e9 ses liens r\u00e9cents avec Brigitte Bardot, elle a tenu \u00e0 rendre un dernier hommage fid\u00e8le \u00e0 la personnalit\u00e9 et aux convictions de l\u2019ic\u00f4ne.<\/p>\n<p>\n          Hits &amp; People en continu\n        <\/p>\n<p>\n          Public Radio\n        <\/p>\n<p>      Mentionn\u00e9s dans cet article<\/p>\n<p>      Sur le m\u00eame sujet<\/p>\n","protected":false},"excerpt":{"rendered":"Brigitte Bardot s\u2019est \u00e9teinte le 28 D\u00e9cembre 2025 \u00e0 l\u2019\u00e2ge de 91 ans, laissant derri\u00e8re elle une carri\u00e8re&hellip;\n","protected":false},"author":2,"featured_media":649355,"comment_status":"","ping_status":"","sticky":false,"template":"","format":"standard","meta":{"footnotes":""},"categories":[1359],"tags":[20224,58,59,1011,27,19707,973,34612,20592],"class_list":{"0":"post-649354","1":"post","2":"type-post","3":"status-publish","4":"format-standard","5":"has-post-thumbnail","7":"category-people","8":"tag-brigitte-bardot","9":"tag-divertissement","10":"tag-entertainment","11":"tag-fr","12":"tag-france","13":"tag-mireille-mathieu","14":"tag-people","15":"tag-pierre-arditi","16":"tag-saint-tropez"},"share_on_mastodon":{"url":"https:\/\/pubeurope.com\/@fr\/115859506102633623","error":""},"_links":{"self":[{"href":"https:\/\/www.europesays.com\/fr\/wp-json\/wp\/v2\/posts\/649354","targetHints":{"allow":["GET"]}}],"collection":[{"href":"https:\/\/www.europesays.com\/fr\/wp-json\/wp\/v2\/posts"}],"about":[{"href":"https:\/\/www.europesays.com\/fr\/wp-json\/wp\/v2\/types\/post"}],"author":[{"embeddable":true,"href":"https:\/\/www.europesays.com\/fr\/wp-json\/wp\/v2\/users\/2"}],"replies":[{"embeddable":true,"href":"https:\/\/www.europesays.com\/fr\/wp-json\/wp\/v2\/comments?post=649354"}],"version-history":[{"count":0,"href":"https:\/\/www.europesays.com\/fr\/wp-json\/wp\/v2\/posts\/649354\/revisions"}],"wp:featuredmedia":[{"embeddable":true,"href":"https:\/\/www.europesays.com\/fr\/wp-json\/wp\/v2\/media\/649355"}],"wp:attachment":[{"href":"https:\/\/www.europesays.com\/fr\/wp-json\/wp\/v2\/media?parent=649354"}],"wp:term":[{"taxonomy":"category","embeddable":true,"href":"https:\/\/www.europesays.com\/fr\/wp-json\/wp\/v2\/categories?post=649354"},{"taxonomy":"post_tag","embeddable":true,"href":"https:\/\/www.europesays.com\/fr\/wp-json\/wp\/v2\/tags?post=649354"}],"curies":[{"name":"wp","href":"https:\/\/api.w.org\/{rel}","templated":true}]}}