{"id":649358,"date":"2026-01-08T12:37:10","date_gmt":"2026-01-08T12:37:10","guid":{"rendered":"https:\/\/www.europesays.com\/fr\/649358\/"},"modified":"2026-01-08T12:37:10","modified_gmt":"2026-01-08T12:37:10","slug":"audiences-20h45-carton-pour-linterview-de-la-deputee-europeenne-sarah-knafo-qui-a-annonce-sa-candidature-a-la-mairie-de-paris-avec-54-millions-de-telespectateurs-hier-sur-tf1","status":"publish","type":"post","link":"https:\/\/www.europesays.com\/fr\/649358\/","title":{"rendered":"Audiences 20h45: Carton pour l\u2019interview de la d\u00e9put\u00e9e europ\u00e9enne Sarah Knafo, qui a annonc\u00e9 sa candidature \u00e0 la Mairie de Paris, avec 5,4 millions de t\u00e9l\u00e9spectateurs hier sur TF1"},"content":{"rendered":"<p>Sur France 2, les t\u00e9l\u00e9spectateurs ont pu retrouver la 2e partie du journal de 20h, pr\u00e9sent\u00e9 par L\u00e9a Salam\u00e9. Sur France 3, un nouvel \u00e9pisode de la s\u00e9rie \u00ab\u00a0Un si grand soleil\u00a0\u00bb \u00e9tait programm\u00e9 face \u00e0 \u00ab\u00a0Sc\u00e8nes de m\u00e9nages\u00a0\u00bb sur M6.\u00a0<\/p>\n<p>Sur France 5, Anne-Elisabeth Lemoine, entour\u00e9e de son \u00e9quipe, proposait un num\u00e9ro de \u00ab\u00a0C \u00e0 vous\u00a0\u00bb. Cette saison, la journaliste sera aux commandes du programme du lundi au jeudi, laissant sa place \u00e0 Mohamed Bouhafsi le vendredi et le samedi.<\/p>\n<p>En face, c&rsquo;est Yann Barth\u00e8s et son \u00e9quipe qui occupaient l&rsquo;access de TMC pour une nouvelle saison de \u00ab\u00a0Quotidien\u00a0\u00bb. Chaque soir, Yann Barth\u00e8s \u00e9voque l\u2019actualit\u00e9 du jour avec ses journalistes, des invit\u00e9s et des reportages pour \u00e9clairer le monde qui nous entoure.<\/p>\n<p>A 18H45 chaque jour, Cyril Hanouna donne rendez-vous \u00e0 ses \u00ab\u00a0fanzouzes\u00a0\u00bb pour son \u00e9mission \u00ab\u00a0Tout beau tout 9\u00a0\u00bb sur W9. L&rsquo;animateur est accompagn\u00e9 de chroniqueurs sur son plateau.\u00a0<\/p>\n<p>        Interview de Sarah Knafo<br \/>\n        26.5 % de PDA\n        <\/p>\n<p>        5 400 000<\/p>\n<p>        Le JT de 20h &#8211; 2\u00e8me partie<br \/>\n        18.8 % de PDA\n        <\/p>\n<p>        3 807 000<\/p>\n<p>        Sc\u00e8nes de m\u00e9nages<br \/>\n        10.7 % de PDA\n        <\/p>\n<p>        2 170 000<\/p>\n<p>        Quotidien &#8211; 3e partie<br \/>\n        10.3 % de PDA\n        <\/p>\n<p>        2 003 000<\/p>\n<p>        Un si grand soleil<br \/>\n        10 % de PDA\n        <\/p>\n<p>        2 001 000<\/p>\n<p>        Tout beau tout 9 &#8211; 3e partie<br \/>\n        9.4 % de PDA\n        <\/p>\n<p>        1 829 000<\/p>\n<p>        C \u00e0 vous, la suite &#8211; 2e partie<br \/>\n        5 % de PDA\n        <\/p>\n<p>        1 007 000<\/p>\n<p>  Le Top des parts de march\u00e9<\/p>\n","protected":false},"excerpt":{"rendered":"Sur France 2, les t\u00e9l\u00e9spectateurs ont pu retrouver la 2e partie du journal de 20h, pr\u00e9sent\u00e9 par L\u00e9a&hellip;\n","protected":false},"author":2,"featured_media":649359,"comment_status":"","ping_status":"","sticky":false,"template":"","format":"standard","meta":{"footnotes":""},"categories":[1356],"tags":[2367,58,59,1011,27,1404,252,8648,1364,2395],"class_list":{"0":"post-649358","1":"post","2":"type-post","3":"status-publish","4":"format-standard","5":"has-post-thumbnail","7":"category-television","8":"tag-audiences","9":"tag-divertissement","10":"tag-entertainment","11":"tag-fr","12":"tag-france","13":"tag-quotidien","14":"tag-television","15":"tag-tmc","16":"tag-tv","17":"tag-w9"},"share_on_mastodon":{"url":"https:\/\/pubeurope.com\/@fr\/115859518252147917","error":""},"_links":{"self":[{"href":"https:\/\/www.europesays.com\/fr\/wp-json\/wp\/v2\/posts\/649358","targetHints":{"allow":["GET"]}}],"collection":[{"href":"https:\/\/www.europesays.com\/fr\/wp-json\/wp\/v2\/posts"}],"about":[{"href":"https:\/\/www.europesays.com\/fr\/wp-json\/wp\/v2\/types\/post"}],"author":[{"embeddable":true,"href":"https:\/\/www.europesays.com\/fr\/wp-json\/wp\/v2\/users\/2"}],"replies":[{"embeddable":true,"href":"https:\/\/www.europesays.com\/fr\/wp-json\/wp\/v2\/comments?post=649358"}],"version-history":[{"count":0,"href":"https:\/\/www.europesays.com\/fr\/wp-json\/wp\/v2\/posts\/649358\/revisions"}],"wp:featuredmedia":[{"embeddable":true,"href":"https:\/\/www.europesays.com\/fr\/wp-json\/wp\/v2\/media\/649359"}],"wp:attachment":[{"href":"https:\/\/www.europesays.com\/fr\/wp-json\/wp\/v2\/media?parent=649358"}],"wp:term":[{"taxonomy":"category","embeddable":true,"href":"https:\/\/www.europesays.com\/fr\/wp-json\/wp\/v2\/categories?post=649358"},{"taxonomy":"post_tag","embeddable":true,"href":"https:\/\/www.europesays.com\/fr\/wp-json\/wp\/v2\/tags?post=649358"}],"curies":[{"name":"wp","href":"https:\/\/api.w.org\/{rel}","templated":true}]}}