{"id":649360,"date":"2026-01-08T12:38:10","date_gmt":"2026-01-08T12:38:10","guid":{"rendered":"https:\/\/www.europesays.com\/fr\/649360\/"},"modified":"2026-01-08T12:38:10","modified_gmt":"2026-01-08T12:38:10","slug":"est-ce-quon-peut-au-plumard-sa-partenaire-a-ose-limpensable","status":"publish","type":"post","link":"https:\/\/www.europesays.com\/fr\/649360\/","title":{"rendered":"\u00ab\u00a0Est-ce qu&rsquo;on peut\u2026?\u00a0\u00bb au plumard, sa partenaire a os\u00e9 l&rsquo;impensable"},"content":{"rendered":"<p>Par <a class=\"author_recette\" id=\"author_name\" href=\"https:\/\/www.nextplz.fr\/auteur\/noelle-binet\" target=\"_blank\" rel=\"noopener\">No\u00eblle<br \/>\nBinet<\/a> &#8211;<br \/>\nPubli\u00e9 le 08 Jan 2026 \u00e0<br \/>\n11:03 &#8211; Modifi\u00e9 le 08 Jan 2026 \u00e0 11:03<\/p>\n<p class=\"article-intro excerpt\">Pascal Obispo a d\u00e9voil\u00e9 les choses<br \/>\ntotalement lunaires que des partenaires lui ont demand\u00e9es en plein<br \/>\n\u00e9bat\u2026 Et l\u2019une d\u2019elles vaut le d\u00e9tour !<\/p>\n<p>Joyeux anniversaire Pascal Obispo ! Ce jeudi 8 janvier 2026, le<br \/>\nc\u00e9l\u00e8bre chanteur f\u00eate son 61\u1d49 anniversaire. Visage phare de la<br \/>\nsc\u00e8ne musicale fran\u00e7aise, le grand ami de Florent Pagny a offert<br \/>\nplusieurs tubes \u00e0 son public durant son incroyable carri\u00e8re.<\/p>\n<p>Pascal<br \/>\nObispo : Qui sont les femmes qui ont partag\u00e9 sa vie ?<\/p>\n<p>On lui doit notamment Lucie, Fan, Tomb\u00e9<br \/>\npour elle, Mill\u00e9simes ou encore Personne, pour ne<br \/>\nciter que ces embl\u00e9matiques compositions ! Chanteur et compositeur<br \/>\nau talent exceptionnel, <a href=\"https:\/\/www.nextplz.fr\/personnalite\/pascal-obispo\/\" target=\"_blank\" rel=\"noopener\">Pascal Obispo<br \/>\nfait<\/a> virevolter les m\u00e9lomanes depuis plus de 30 ans. C\u00f4t\u00e9 c\u0153ur,<br \/>\nle natif de Bergerac a partag\u00e9 la vie d\u00a0\u00bbIsabelle Funaro, l&rsquo;actuelle<br \/>\ncompagne de Micha\u00ebl Youn, avec qui il a eu un fils pr\u00e9nomm\u00e9 Sean en<br \/>\n2000. Bien des ann\u00e9es plus tard, l&rsquo;interpr\u00e8te de L&rsquo;important<br \/>\nc&rsquo;est d&rsquo;aimer a officialis\u00e9 sa belle romance avec Julie<br \/>\nHantson, qui n&rsquo;est d\u00e9sormais plus d&rsquo;actualit\u00e9.<\/p>\n<p>Pendant l&rsquo;amour, l&rsquo;artiste a eu de sacr\u00e9es surprises avec ses<br \/>\npartenaires<\/p>\n<p>En parall\u00e8le, Pascal Obispo a naturellement v\u00e9cu d&rsquo;autres<br \/>\nidylles beaucoup plus discr\u00e8tes. En 2019, sur le plateau de<br \/>\nl&rsquo;\u00e9mission Je t&rsquo;aime etc diffus\u00e9e sur la 2, <a href=\"https:\/\/www.gala.fr\/l_actu\/news_de_stars\/video-pascal-obispo-cette-demande-improbable-quune-femme-lui-a-faite-pendant-lamour_436533\" target=\"_blank\" rel=\"noreferrer noopener nofollow\">comme l&rsquo;a<br \/>\nnotifi\u00e9 Gala<\/a>, l&rsquo;int\u00e9ress\u00e9 a accept\u00e9 de lever le voile<br \/>\nsur son intimit\u00e9. Dans ce programme phare, le d\u00e9sir, l&rsquo;amour et<br \/>\nnaturellement la sexualit\u00e9 ont toujours \u00e9t\u00e9 des th\u00e8mes mis en<br \/>\navant. Face cam\u00e9ra, Alexandra Hubin a alors \u00e9voqu\u00e9 les confidences<br \/>\net actes qui pouvaient mettre mal \u00e0 l&rsquo;aise sous la couette. \u00ab\u00a0Tu<br \/>\nes superbe mais avec les seins de ta s\u0153ur, tu serais un niveau<br \/>\nau-dessus\u00a0\u00bb, \u00ab\u00a0Est-ce que je peux t&rsquo;appeler avec le pr\u00e9nom<br \/>\nde ma m\u00e8re ?\u00a0\u00bb, ont par exemple soulign\u00e9 des internautes.<\/p>\n<p>\u00ab\u00a0Est-ce qu&rsquo;on<br \/>\npeut \u00e9couter une de tes chansons ?\u00a0\u00bb<\/p>\n<p>De fil en aiguille, Pascal Obispo a fini par r\u00e9v\u00e9ler qu&rsquo;il lui<br \/>\n\u00e9tait aussi <a href=\"https:\/\/www.nextplz.fr\/people\/468986-pascal-obispo-face-a-des-demandes-sexuelles-genantes-il-brise-le-silence\" target=\"_blank\" rel=\"noopener\"><br \/>\narriv\u00e9 des \u00ab\u00a0trucs bizarres\u00a0\u00bb<\/a> en plein \u00e9bat. Au plumard,<br \/>\nl&rsquo;une de ses partenaires lui aurait d&rsquo;ailleurs demand\u00e9 de<br \/>\n\u00ab\u00a0chanter une chanson en m\u00eame temps\u00a0\u00bb. Une confidence<br \/>\ninattendue qui a eu le m\u00e9rite de faire mouche. Et ce n&rsquo;est pas tout<br \/>\n! Une autre de ses conqu\u00eates lui aurait m\u00eame sugg\u00e9r\u00e9 : \u00ab\u00a0Est-ce<br \/>\nqu&rsquo;on peut \u00e9couter une de tes chansons ?!\u00a0\u00bb. Toutefois, leurs<br \/>\naudacieuses demandes l&rsquo;ont totalement refroidi puisqu&rsquo;il leur<br \/>\naurait tout bonnement montr\u00e9 \u00ab\u00a0la porte !\u00a0\u00bb. Aupr\u00e8s de la<br \/>\ngent f\u00e9minine, Pascal Obispo peut se targuer d&rsquo;avoir un certain<br \/>\nsucc\u00e8s.<\/p>\n<p>Une<br \/>\nfemme mari\u00e9e l&rsquo;a ouvertement dragu\u00e9 devant son mari<\/p>\n<p>Dans les Enfants de la t\u00e9l\u00e9, en 2021, <a href=\"https:\/\/www.nextplz.fr\/people\/187293-pascal-obispo-revele-enfin-pourquoi-il-a-quitte-the-voice\" target=\"_blank\" rel=\"noopener\"><br \/>\nl&rsquo;ex-coach de The Voice<\/a> a pris plaisir \u00e0<br \/>\nred\u00e9couvrir d&rsquo;anciennes images de son passage dans Stars \u00e0<br \/>\ndomicile. Pour faire plaisir \u00e0 une admiratrice, Pascal Obispo<br \/>\nlui avait fait la surprise de chanter \u00e0 son mariage. Mais rien ne<br \/>\ns&rsquo;est pass\u00e9 comme pr\u00e9vu ! Litt\u00e9ralement charm\u00e9e, la principale<br \/>\nconcern\u00e9e ne l&rsquo;a plus quitt\u00e9 d&rsquo;une semelle\u2026 Au point d&rsquo;en oublier<br \/>\nsa moiti\u00e9. \u00ab\u00a0C&rsquo;\u00e9tait vraiment chaud parce que l\u00e0, c&rsquo;est ce qui<br \/>\nest livr\u00e9 (diffus\u00e9, ndlr) mais c&rsquo;est vrai que je lui disais :<br \/>\n&lsquo;\u00e9coute tu te maries, sois avec ton mari quand m\u00eame, c&rsquo;est un peu<br \/>\ncompliqu\u00e9\u00a0\u00bb, avait confi\u00e9 la star encore marqu\u00e9e par la<br \/>\ns\u00e9quence. Chantant \u00e0 ses c\u00f4t\u00e9s, la mari\u00e9e a m\u00eame l\u00e2ch\u00e9 en parlant<br \/>\nde lui : \u00ab\u00a0C&rsquo;est mon mari !\u00a0\u00bb. Ambiance&#8230;<\/p>\n","protected":false},"excerpt":{"rendered":"Par No\u00eblle Binet &#8211; Publi\u00e9 le 08 Jan 2026 \u00e0 11:03 &#8211; Modifi\u00e9 le 08 Jan 2026 \u00e0&hellip;\n","protected":false},"author":2,"featured_media":649361,"comment_status":"","ping_status":"","sticky":false,"template":"","format":"standard","meta":{"footnotes":""},"categories":[1355],"tags":[21303,58,59,1011,27,1361,873],"class_list":{"0":"post-649360","1":"post","2":"type-post","3":"status-publish","4":"format-standard","5":"has-post-thumbnail","7":"category-musique","8":"tag-buzz_nonli","9":"tag-divertissement","10":"tag-entertainment","11":"tag-fr","12":"tag-france","13":"tag-music","14":"tag-musique"},"share_on_mastodon":{"url":"https:\/\/pubeurope.com\/@fr\/115859521872510417","error":""},"_links":{"self":[{"href":"https:\/\/www.europesays.com\/fr\/wp-json\/wp\/v2\/posts\/649360","targetHints":{"allow":["GET"]}}],"collection":[{"href":"https:\/\/www.europesays.com\/fr\/wp-json\/wp\/v2\/posts"}],"about":[{"href":"https:\/\/www.europesays.com\/fr\/wp-json\/wp\/v2\/types\/post"}],"author":[{"embeddable":true,"href":"https:\/\/www.europesays.com\/fr\/wp-json\/wp\/v2\/users\/2"}],"replies":[{"embeddable":true,"href":"https:\/\/www.europesays.com\/fr\/wp-json\/wp\/v2\/comments?post=649360"}],"version-history":[{"count":0,"href":"https:\/\/www.europesays.com\/fr\/wp-json\/wp\/v2\/posts\/649360\/revisions"}],"wp:featuredmedia":[{"embeddable":true,"href":"https:\/\/www.europesays.com\/fr\/wp-json\/wp\/v2\/media\/649361"}],"wp:attachment":[{"href":"https:\/\/www.europesays.com\/fr\/wp-json\/wp\/v2\/media?parent=649360"}],"wp:term":[{"taxonomy":"category","embeddable":true,"href":"https:\/\/www.europesays.com\/fr\/wp-json\/wp\/v2\/categories?post=649360"},{"taxonomy":"post_tag","embeddable":true,"href":"https:\/\/www.europesays.com\/fr\/wp-json\/wp\/v2\/tags?post=649360"}],"curies":[{"name":"wp","href":"https:\/\/api.w.org\/{rel}","templated":true}]}}