{"id":649374,"date":"2026-01-08T12:45:10","date_gmt":"2026-01-08T12:45:10","guid":{"rendered":"https:\/\/www.europesays.com\/fr\/649374\/"},"modified":"2026-01-08T12:45:10","modified_gmt":"2026-01-08T12:45:10","slug":"moscou-considerera-toute-presence-militaire-occidentale-en-ukraine-comme-une-cible-legitime","status":"publish","type":"post","link":"https:\/\/www.europesays.com\/fr\/649374\/","title":{"rendered":"Moscou consid\u00e9rera toute pr\u00e9sence militaire occidentale en Ukraine comme une \u00abcible l\u00e9gitime\u00bb"},"content":{"rendered":"<p>\n    \u00abLes nouvelles d\u00e9clarations militaristes de la soi-disant Coalition des volontaires et du r\u00e9gime de Kiev font d\u2019eux un v\u00e9ritable axe de la guerre\u00bb, a indiqu\u00e9 la porte-parole de la diplomatie russe, Maria Zakharova, dans un communiqu\u00e9.<\/p>\n<p class=\"fig-paragraph\">La\u00a0<a href=\"http:\/\/www.lefigaro.fr\/conjoncture\/washington-envisage-l-interception-armee-d-un-petrolier-de-la-flotte-fantome-russe-selon-les-medias-americains-20260106\" data-fig-type=\"NewsFlash\" data-gtm-custom-categorie=\"navigation\" data-gtm-custom-action=\"crossclick\" data-gtm-custom-label=\"Contextuel\" data-gtm-event=\"customEventSPE\" data-fig-domain=\"LEFIGARO\" target=\"_blank\" rel=\"noopener\">Russie<\/a>\u00a0a averti jeudi qu&rsquo;elle consid\u00e9rera toute pr\u00e9sence occidentale en\u00a0<a href=\"http:\/\/www.lefigaro.fr\/international\/guerre-en-ukraine-plus-d-un-million-de-foyers-sans-chauffage-ni-eau-apres-des-frappes-russes-20260108\" data-fig-type=\"NewsFlash\" data-gtm-custom-categorie=\"navigation\" data-gtm-custom-action=\"crossclick\" data-gtm-custom-label=\"Contextuel\" data-gtm-event=\"customEventSPE\" data-fig-domain=\"LEFIGARO\" target=\"_blank\" rel=\"noopener\">Ukraine<\/a>\u00a0comme une \u00abcible l\u00e9gitime\u00bb pour ses forces arm\u00e9es, apr\u00e8s l&rsquo;annonce par les Europ\u00e9ens de leur intention de d\u00e9ployer des milliers de soldats dans ce pays apr\u00e8s la guerre.<\/p>\n<p class=\"fig-paragraph\">\u00abToutes ces unit\u00e9s et installations seront consid\u00e9r\u00e9es comme des cibles militaires l\u00e9gitimes pour les forces arm\u00e9es de la Russie. Ces avertissements ont \u00e9t\u00e9 r\u00e9p\u00e9t\u00e9s \u00e0 plusieurs reprises au plus haut niveau et restent d&rsquo;actualit\u00e9\u00bb, a indiqu\u00e9 la porte-parole de la diplomatie russe, Maria Zakharova, dans un communiqu\u00e9.<\/p>\n<p>                                            <a class=\"fig-a11y-skip\" href=\"#fig-a11y-skip-main-inarticle\" data-module=\"a11y-skip\" data-context=\"was @visible\"><br \/>\n    Passer la publicit\u00e9<br \/>\n<\/a>            <\/p>\n<p class=\"fig-paragraph\">\u00abLes nouvelles d\u00e9clarations militaristes de la soi-disant Coalition des volontaires et du r\u00e9gime de Kiev font d\u2019eux un v\u00e9ritable axe de la guerre\u00bb, a-t-elle \u00e9galement soulign\u00e9. Dans cette premi\u00e8re r\u00e9action depuis le sommet mardi \u00e0 Paris entre Kiev et ses alli\u00e9s pour sceller des garanties de s\u00e9curit\u00e9 \u00e0 l\u2019Ukraine, Moscou semble doucher les espoirs de succ\u00e8s des efforts diplomatiques qui se sont intensifi\u00e9s depuis novembre sous l\u2019impulsion du pr\u00e9sident am\u00e9ricain Donald Trump.<\/p>\n<p class=\"fig-paragraph\">Les 35 pays membres de la\u00a0<a href=\"http:\/\/www.lefigaro.fr\/international\/guerre-en-ukraine-comment-la-coalition-des-volontaires-prepare-ses-missions-de-reassurance-20260107\" data-fig-type=\"Article\" data-gtm-custom-categorie=\"navigation\" data-gtm-custom-action=\"crossclick\" data-gtm-custom-label=\"Contextuel\" data-gtm-event=\"customEventSPE\" data-fig-domain=\"LEFIGARO\" target=\"_blank\" rel=\"noopener\">\u00abcoalition des volontaires\u00bb<\/a>, essentiellement europ\u00e9ens, se sont accord\u00e9s mardi \u00e0 Paris pour d\u00e9ployer une force multinationale en Ukraine et participer \u00e0 la surveillance d\u2019un potentiel cessez-le-feu sous \u00ableadership\u00bb am\u00e9ricain, une fois conclu un hypoth\u00e9tique accord avec la Russie. Le Royaume-Uni et la France ont sign\u00e9 \u00e0 cette occasion une d\u00e9claration d\u2019intention avec l\u2019Ukraine, dans laquelle ils se disent pr\u00eats \u00e0 d\u00e9ployer des soldats britanniques et fran\u00e7ais pour maintenir la paix en cas de cessez-le-feu.<\/p>\n","protected":false},"excerpt":{"rendered":"\u00abLes nouvelles d\u00e9clarations militaristes de la soi-disant Coalition des volontaires et du r\u00e9gime de Kiev font d\u2019eux un&hellip;\n","protected":false},"author":2,"featured_media":649375,"comment_status":"","ping_status":"","sticky":false,"template":"","format":"standard","meta":{"footnotes":""},"categories":[5],"tags":[11,1011,27,131,14,12,132,28],"class_list":{"0":"post-649374","1":"post","2":"type-post","3":"status-publish","4":"format-standard","5":"has-post-thumbnail","7":"category-international","8":"tag-actualites","9":"tag-fr","10":"tag-france","11":"tag-guerre-en-ukraine","12":"tag-international","13":"tag-news","14":"tag-russie","15":"tag-world"},"share_on_mastodon":{"url":"https:\/\/pubeurope.com\/@fr\/115859549282445994","error":""},"_links":{"self":[{"href":"https:\/\/www.europesays.com\/fr\/wp-json\/wp\/v2\/posts\/649374","targetHints":{"allow":["GET"]}}],"collection":[{"href":"https:\/\/www.europesays.com\/fr\/wp-json\/wp\/v2\/posts"}],"about":[{"href":"https:\/\/www.europesays.com\/fr\/wp-json\/wp\/v2\/types\/post"}],"author":[{"embeddable":true,"href":"https:\/\/www.europesays.com\/fr\/wp-json\/wp\/v2\/users\/2"}],"replies":[{"embeddable":true,"href":"https:\/\/www.europesays.com\/fr\/wp-json\/wp\/v2\/comments?post=649374"}],"version-history":[{"count":0,"href":"https:\/\/www.europesays.com\/fr\/wp-json\/wp\/v2\/posts\/649374\/revisions"}],"wp:featuredmedia":[{"embeddable":true,"href":"https:\/\/www.europesays.com\/fr\/wp-json\/wp\/v2\/media\/649375"}],"wp:attachment":[{"href":"https:\/\/www.europesays.com\/fr\/wp-json\/wp\/v2\/media?parent=649374"}],"wp:term":[{"taxonomy":"category","embeddable":true,"href":"https:\/\/www.europesays.com\/fr\/wp-json\/wp\/v2\/categories?post=649374"},{"taxonomy":"post_tag","embeddable":true,"href":"https:\/\/www.europesays.com\/fr\/wp-json\/wp\/v2\/tags?post=649374"}],"curies":[{"name":"wp","href":"https:\/\/api.w.org\/{rel}","templated":true}]}}