{"id":649378,"date":"2026-01-08T12:47:14","date_gmt":"2026-01-08T12:47:14","guid":{"rendered":"https:\/\/www.europesays.com\/fr\/649378\/"},"modified":"2026-01-08T12:47:14","modified_gmt":"2026-01-08T12:47:14","slug":"inegalites-sociales-sommes-nous-tous-devenus-egoistes","status":"publish","type":"post","link":"https:\/\/www.europesays.com\/fr\/649378\/","title":{"rendered":"In\u00e9galit\u00e9s sociales\u00a0: sommes-nous tous devenus \u00e9go\u00efstes\u00a0?"},"content":{"rendered":"<p class=\"PopSlotParagraph qg-tx2 qg-xtra-lh svelte-1r0pyek\">Dans le m\u00eame temps, le 13 janvier, le Parlement devrait reprendre l&rsquo;examen du budget 2026 qui pr\u00e9voyait initialement de geler le RSA, les APL et les retraites pour \u00e9conomiser 3,6 milliards d&rsquo;euros. La mesure a \u00e9t\u00e9 abandonn\u00e9e en d\u00e9cembre sous pression parlementaire. Mais ces tensions budg\u00e9taires, loin d&rsquo;\u00eatre de simples arbitrages techniques, r\u00e9v\u00e8lent une question politique plus profonde. Sommes-nous tous devenus \u00e9go\u00efstes\u00a0? L&rsquo;ascenseur social est-il d\u00e9finitivement en panne\u00a0?<\/p>\n","protected":false},"excerpt":{"rendered":"Dans le m\u00eame temps, le 13 janvier, le Parlement devrait reprendre l&rsquo;examen du budget 2026 qui pr\u00e9voyait initialement&hellip;\n","protected":false},"author":2,"featured_media":649379,"comment_status":"","ping_status":"","sticky":false,"template":"","format":"standard","meta":{"footnotes":""},"categories":[2],"tags":[11,1011,27,12],"class_list":{"0":"post-649378","1":"post","2":"type-post","3":"status-publish","4":"format-standard","5":"has-post-thumbnail","7":"category-actualites","8":"tag-actualites","9":"tag-fr","10":"tag-france","11":"tag-news"},"share_on_mastodon":{"url":"https:\/\/pubeurope.com\/@fr\/115859557156481871","error":""},"_links":{"self":[{"href":"https:\/\/www.europesays.com\/fr\/wp-json\/wp\/v2\/posts\/649378","targetHints":{"allow":["GET"]}}],"collection":[{"href":"https:\/\/www.europesays.com\/fr\/wp-json\/wp\/v2\/posts"}],"about":[{"href":"https:\/\/www.europesays.com\/fr\/wp-json\/wp\/v2\/types\/post"}],"author":[{"embeddable":true,"href":"https:\/\/www.europesays.com\/fr\/wp-json\/wp\/v2\/users\/2"}],"replies":[{"embeddable":true,"href":"https:\/\/www.europesays.com\/fr\/wp-json\/wp\/v2\/comments?post=649378"}],"version-history":[{"count":0,"href":"https:\/\/www.europesays.com\/fr\/wp-json\/wp\/v2\/posts\/649378\/revisions"}],"wp:featuredmedia":[{"embeddable":true,"href":"https:\/\/www.europesays.com\/fr\/wp-json\/wp\/v2\/media\/649379"}],"wp:attachment":[{"href":"https:\/\/www.europesays.com\/fr\/wp-json\/wp\/v2\/media?parent=649378"}],"wp:term":[{"taxonomy":"category","embeddable":true,"href":"https:\/\/www.europesays.com\/fr\/wp-json\/wp\/v2\/categories?post=649378"},{"taxonomy":"post_tag","embeddable":true,"href":"https:\/\/www.europesays.com\/fr\/wp-json\/wp\/v2\/tags?post=649378"}],"curies":[{"name":"wp","href":"https:\/\/api.w.org\/{rel}","templated":true}]}}