{"id":649380,"date":"2026-01-08T12:48:10","date_gmt":"2026-01-08T12:48:10","guid":{"rendered":"https:\/\/www.europesays.com\/fr\/649380\/"},"modified":"2026-01-08T12:48:10","modified_gmt":"2026-01-08T12:48:10","slug":"en-2026-saint-etienne-accueillera-les-championnats-de-france-de-natation","status":"publish","type":"post","link":"https:\/\/www.europesays.com\/fr\/649380\/","title":{"rendered":"En 2026, Saint-Etienne accueillera les championnats de France de natation"},"content":{"rendered":"<p>Du 27 juin au 2 juillet 2026, la piscine olympique Raymond Sommet accueillera les championnats de France Elite de natation. Les meilleurs nageurs du pays devraient \u00eatre pr\u00e9sents, dont au moins cinq St\u00e9phanois\u2026<\/p>\n<p><img fetchpriority=\"high\" decoding=\"async\" width=\"1024\" height=\"576\" src=\"https:\/\/www.europesays.com\/fr\/wp-content\/uploads\/2026\/01\/IMG_4042-1024x576.jpg\" alt=\"Natation\" class=\"wp-image-81257\"  \/>Du 27 juin et le 2 juillet 2026, les championnats de France \u00e9lite de natation auront lieu \u00e0 la piscine Raymond Sommet de Saint-Etienne. \u00a9JT\/ If Saint-Etienne<\/p>\n<p>La derni\u00e8re fois que les <a href=\"https:\/\/www.if-saint-etienne.fr\/breves\/natation-saint-etienne-accueillera-les-championnats-de-france-elite\" target=\"_blank\" rel=\"noreferrer noopener\">championnats de France<\/a> Elite de natation en grand bassin se sont d\u00e9roul\u00e9s \u00e0 Saint-Etienne, c\u2019\u00e9tait en 2003. 23 ans plus tard, les bassins st\u00e9phanois accueillent \u00e0 nouveau l\u2019\u00e9v\u00e9nement du 27 juin au 2 juillet, \u00e0 la piscine Raymond Sommet. \u00ab\u00a0Beaucoup de clubs aimeraient avoir des conditions de pratiques comme le Saint-Etienne Aquatic M\u00e9tropole, estimait Jean-Luc Manaudou, vice-pr\u00e9sident de la <a href=\"https:\/\/www.ffnatation.fr\/\" target=\"_blank\" rel=\"noreferrer noopener\">F\u00e9d\u00e9ration fran\u00e7aise de natation<\/a> et Pr\u00e9sident de la ligue Auvergne Rh\u00f4ne-Alpes de natation. Pour la premi\u00e8re fois, nous avons plusieurs clubs qui se sont propos\u00e9s pour accueillir les championnats. Heureusement, car l\u2019engagement financier n\u2019est pas neutre\u00a0\u00bb. <\/p>\n<p>En effet, le budget total s\u2019\u00e9l\u00e8ve \u00e0 500 000 euros, dont pr\u00e8s de la moiti\u00e9 est port\u00e9 par la Ville. Le D\u00e9partement de la Loire et la R\u00e9gion Auvergne-Rh\u00f4ne-Alpes devraient eux aussi participer au financement, mais pour l\u2019heure, on ne sait pas \u00e0 combien s\u2019\u00e9l\u00e8ve leur participation.<\/p>\n<p>600 nageurs attendus<\/p>\n<p>En parall\u00e8le, la Municipalit\u00e9 n\u2019exclut pas d\u2019installer une fan zone au sein du parc Fran\u00e7ois-Mitterrand, pour un investissement suppl\u00e9mentaire avoisinant les 100 000 euros. Dans les gradins, ce sont environ 1 000 spectateurs qui sont attendus chaque jour, d\u2019autant que ces \u00e9preuves sont qualificatives pour les championnats d\u2019Europe de Paris.<\/p>\n<p>A la mi-novembre, la direction technique de la F\u00e9d\u00e9ration fran\u00e7aise de natation s\u2019est rendue sur place pour superviser le bassin et d\u00e9finir d\u2019\u00e9ventuels am\u00e9nagements \u00e0 r\u00e9aliser. Durant ces six jours de comp\u00e9tition, les St\u00e9phanois sont invit\u00e9s \u00e0 utiliser les piscines Grouchy et Yves Nayme, avant la r\u00e9ouverture de Raymond Sommet, pr\u00e9vue pour le 11 juillet. 600 nageurs Fran\u00e7ais sont attendus \u00e0 Saint-Etienne, dont potentiellement le champion olympique L\u00e9on Marchand, mais aussi cinq nageurs St\u00e9phanois pour le moment. \u00ab\u00a0On esp\u00e8re m\u00eame deux nageurs de plus d\u2019ici l\u00e0\u00a0\u00bb, ajoute Djamila Contrino, pr\u00e9sidente du Saint-Etienne Aquatic M\u00e9tropole.<\/p>\n","protected":false},"excerpt":{"rendered":"Du 27 juin au 2 juillet 2026, la piscine olympique Raymond Sommet accueillera les championnats de France Elite&hellip;\n","protected":false},"author":2,"featured_media":649381,"comment_status":"","ping_status":"","sticky":false,"template":"","format":"standard","meta":{"footnotes":""},"categories":[9653],"tags":[1111,11,2430,3233,75442,1777,674,1011,27,5216,12,75443,25,4001,7499],"class_list":{"0":"post-649380","1":"post","2":"type-post","3":"status-publish","4":"format-standard","5":"has-post-thumbnail","7":"category-saint-etienne","8":"tag-actu","9":"tag-actualites","10":"tag-auvergne-rhone-alpes","11":"tag-championnat","12":"tag-championnats-de-france-elite-de-natation","13":"tag-eu","14":"tag-europe","15":"tag-fr","16":"tag-france","17":"tag-natation","18":"tag-news","19":"tag-piscine-raymond-sommet","20":"tag-republique-francaise","21":"tag-saint-etienne","22":"tag-sportif"},"share_on_mastodon":{"url":"https:\/\/pubeurope.com\/@fr\/115859561189782436","error":""},"_links":{"self":[{"href":"https:\/\/www.europesays.com\/fr\/wp-json\/wp\/v2\/posts\/649380","targetHints":{"allow":["GET"]}}],"collection":[{"href":"https:\/\/www.europesays.com\/fr\/wp-json\/wp\/v2\/posts"}],"about":[{"href":"https:\/\/www.europesays.com\/fr\/wp-json\/wp\/v2\/types\/post"}],"author":[{"embeddable":true,"href":"https:\/\/www.europesays.com\/fr\/wp-json\/wp\/v2\/users\/2"}],"replies":[{"embeddable":true,"href":"https:\/\/www.europesays.com\/fr\/wp-json\/wp\/v2\/comments?post=649380"}],"version-history":[{"count":0,"href":"https:\/\/www.europesays.com\/fr\/wp-json\/wp\/v2\/posts\/649380\/revisions"}],"wp:featuredmedia":[{"embeddable":true,"href":"https:\/\/www.europesays.com\/fr\/wp-json\/wp\/v2\/media\/649381"}],"wp:attachment":[{"href":"https:\/\/www.europesays.com\/fr\/wp-json\/wp\/v2\/media?parent=649380"}],"wp:term":[{"taxonomy":"category","embeddable":true,"href":"https:\/\/www.europesays.com\/fr\/wp-json\/wp\/v2\/categories?post=649380"},{"taxonomy":"post_tag","embeddable":true,"href":"https:\/\/www.europesays.com\/fr\/wp-json\/wp\/v2\/tags?post=649380"}],"curies":[{"name":"wp","href":"https:\/\/api.w.org\/{rel}","templated":true}]}}