{"id":649382,"date":"2026-01-08T12:49:09","date_gmt":"2026-01-08T12:49:09","guid":{"rendered":"https:\/\/www.europesays.com\/fr\/649382\/"},"modified":"2026-01-08T12:49:09","modified_gmt":"2026-01-08T12:49:09","slug":"video-le-tgv-sncf-saint-etienne","status":"publish","type":"post","link":"https:\/\/www.europesays.com\/fr\/649382\/","title":{"rendered":"VIDEO. Le TGV SNCF Saint-Etienne"},"content":{"rendered":"<p>                    Par<br \/>\n        <strong><br \/>\n            <a href=\"https:\/\/actu.fr\/auteur\/mathias-souteyrat\" title=\"Consulter tous les articles de Mathias Souteyrat\" target=\"_blank\" rel=\"noopener\">Mathias Souteyrat<\/a><br \/>\n                    <\/strong><\/p>\n<p>        Publi\u00e9 le<\/p>\n<p>            8 janv. 2026 \u00e0 12h05        <\/p>\n<p>Ce jeudi 8\u00a0janvier vers 7h25, un <a href=\"https:\/\/actu.fr\/auvergne-rhone-alpes\/saint-etienne_42218\/un-tgv-percute-une-voiture-la-ligne-sncf-interrompue-entre-saint-etienne-et-lyon_63667680.html\" target=\"_blank\" rel=\"noopener\">TGV<\/a> au d\u00e9part de <a href=\"https:\/\/actu.fr\/saint-etienne\/\" target=\"_blank\" rel=\"noopener\">Saint-Etienne<\/a> en direction de <a href=\"https:\/\/actu.fr\/paris\/\" target=\"_blank\" rel=\"noopener\">Paris<\/a>, en passant par <a href=\"https:\/\/actu.fr\/paris\/\" target=\"_blank\" rel=\"noopener\">Lyon<\/a>, a percut\u00e9 un v\u00e9hicule sur le passage \u00e0 niveau de Saint-Romain-en-Gier (Rh\u00f4ne) entre Rive-de-Gier et Givors.<\/p>\n<p>Une camionnette blanche au milieu des voies<\/p>\n<p class=\" wall-content\">Les images sont impressionnantes. On y voit une camionnette blanche au milieu des voies, apr\u00e8s la barri\u00e8re de signalisation, puis le klaxon du train avant la collision. Le TGV SNCF s\u2019est immobilis\u00e9 quelques m\u00e8tres plus loin.<\/p>\n<p class=\" wall-content\">\n<p class=\" wall-content\">Fort heureusement, il n\u2019y a pas de bless\u00e9, que ce soit dans le train ou dans la voiture. <strong>Le conducteur de la fourgonnette a pu sortir \u00e0 temps.<\/strong><\/p>\n<p class=\" wall-content\">On ignore les causes de cet accident, m\u00eame si les chauss\u00e9es \u00e9taient enneig\u00e9es.<\/p>\n<p>Le trafic ferroviaire Saint-\u00c9tienne \u2013 Lyon coup\u00e9 jusqu\u2019\u00e0 10\u00a0heures<\/p>\n<p class=\" wall-content\">Mais le train est endommag\u00e9. Le TGV a \u00e9t\u00e9 remorqu\u00e9 jusqu\u2019\u00e0 Rive-de-Gier o\u00f9 ont \u00e9t\u00e9 pris en charge les voyageurs. Ils \u00e9taient 44 \u00e0 bord.<\/p>\n<p class=\" wall-content\">La ligne SNCF entre Saint-\u00c9tienne et Lyon a \u00e9t\u00e9 arr\u00eat\u00e9e jusqu\u2019\u00e0 10 heures ce matin. Le v\u00e9hicule accident\u00e9 a \u00e9t\u00e9 d\u00e9gag\u00e9 des voies. Le trafic a repris progressivement entre les deux villes.<\/p>\n<p class=\" wall-content\">Contact\u00e9e, la SNCF n\u2019a pas encore r\u00e9pondu \u00e0 nos sollicitations.<\/p>\n<p class=\" wall-content\">Personnalisez votre actualit\u00e9 en ajoutant vos villes et m\u00e9dias en favori avec <a href=\"https:\/\/moncompte.actu.fr\" title=\"D\u00e9couvez Mon Actu\" rel=\"nofollow noopener\" data-trk=\"{&quot;cta&quot;:{&quot;action&quot;:&quot;https:\\\/\\\/moncompte.actu.fr&quot;,&quot;category&quot;:&quot;mon compte&quot;,&quot;from&quot;:&quot;article footer&quot;,&quot;name&quot;:&quot;Mon actu&quot;,&quot;type&quot;:&quot;cta&quot;}}\" target=\"_blank\">Mon Actu<\/a>.<\/p>\n","protected":false},"excerpt":{"rendered":"Par Mathias Souteyrat Publi\u00e9 le 8 janv. 2026 \u00e0 12h05 Ce jeudi 8\u00a0janvier vers 7h25, un TGV au&hellip;\n","protected":false},"author":2,"featured_media":649383,"comment_status":"","ping_status":"","sticky":false,"template":"","format":"standard","meta":{"footnotes":""},"categories":[9653],"tags":[119,1111,11,2430,1777,674,118,1011,27,12,25,4001,2215,2214],"class_list":{"0":"post-649382","1":"post","2":"type-post","3":"status-publish","4":"format-standard","5":"has-post-thumbnail","7":"category-saint-etienne","8":"tag-accident","9":"tag-actu","10":"tag-actualites","11":"tag-auvergne-rhone-alpes","12":"tag-eu","13":"tag-europe","14":"tag-faits-divers","15":"tag-fr","16":"tag-france","17":"tag-news","18":"tag-republique-francaise","19":"tag-saint-etienne","20":"tag-sncf","21":"tag-tgv"},"share_on_mastodon":{"url":"https:\/\/pubeurope.com\/@fr\/115859565074155932","error":""},"_links":{"self":[{"href":"https:\/\/www.europesays.com\/fr\/wp-json\/wp\/v2\/posts\/649382","targetHints":{"allow":["GET"]}}],"collection":[{"href":"https:\/\/www.europesays.com\/fr\/wp-json\/wp\/v2\/posts"}],"about":[{"href":"https:\/\/www.europesays.com\/fr\/wp-json\/wp\/v2\/types\/post"}],"author":[{"embeddable":true,"href":"https:\/\/www.europesays.com\/fr\/wp-json\/wp\/v2\/users\/2"}],"replies":[{"embeddable":true,"href":"https:\/\/www.europesays.com\/fr\/wp-json\/wp\/v2\/comments?post=649382"}],"version-history":[{"count":0,"href":"https:\/\/www.europesays.com\/fr\/wp-json\/wp\/v2\/posts\/649382\/revisions"}],"wp:featuredmedia":[{"embeddable":true,"href":"https:\/\/www.europesays.com\/fr\/wp-json\/wp\/v2\/media\/649383"}],"wp:attachment":[{"href":"https:\/\/www.europesays.com\/fr\/wp-json\/wp\/v2\/media?parent=649382"}],"wp:term":[{"taxonomy":"category","embeddable":true,"href":"https:\/\/www.europesays.com\/fr\/wp-json\/wp\/v2\/categories?post=649382"},{"taxonomy":"post_tag","embeddable":true,"href":"https:\/\/www.europesays.com\/fr\/wp-json\/wp\/v2\/tags?post=649382"}],"curies":[{"name":"wp","href":"https:\/\/api.w.org\/{rel}","templated":true}]}}