{"id":649384,"date":"2026-01-08T12:50:11","date_gmt":"2026-01-08T12:50:11","guid":{"rendered":"https:\/\/www.europesays.com\/fr\/649384\/"},"modified":"2026-01-08T12:50:11","modified_gmt":"2026-01-08T12:50:11","slug":"bois-de-haye-coup-de-coeur-du-jury-la-commune-gagne-son-panneau-trois-libellules","status":"publish","type":"post","link":"https:\/\/www.europesays.com\/fr\/649384\/","title":{"rendered":"Bois-de-Haye. Coup de c\u0153ur du jury, la commune gagne son panneau \u00ab\u00a0trois libellules\u00a0\u00bb"},"content":{"rendered":"<p>Seules une dizaine de communes ont re\u00e7u le prix \u00ab\u00a0coup de c\u0153ur\u00a0\u00bb attribu\u00e9 par la r\u00e9gion Grand Est et l\u2019agence de l\u2019eau Rhin Meuse dans le cadre de l\u2019op\u00e9ration annuelle Commune nature. Une c\u00e9r\u00e9monie \u00e9tait organis\u00e9e mi d\u00e9cembre pour la remise des prix aux communes issues des d\u00e9partements de Meurthe-et-Moselle, Moselle et Vosges.<\/p>\n<p>Franck Leroy, pr\u00e9sident de la r\u00e9gion Grand Est, a remis \u00e0 l\u2019\u00e9quipe de Bois-de-Haye le panneau aux trois libellules pour ses entr\u00e9es de ville.<\/p>\n<p>Celui-ci salue et concr\u00e9tise les efforts men\u00e9s par la commune depuis plusieurs ann\u00e9es en faveur de l\u2019environnement et de la biodiversit\u00e9, avec la coop\u00e9ration de la Fredon lorraine (organisme \u00e0 vocation sanitaire, missionn\u00e9 par l\u2019\u00c9tat pour des actions en faveur de la sant\u00e9 des v\u00e9g\u00e9taux.<\/p>\n<p>  R\u00e9alisations concr\u00e8tes<\/p>\n<p>Les efforts concernent aussi le champ de la sant\u00e9 publique en lien avec l\u2019Agence r\u00e9gionale de sant\u00e9 notamment pour une aide technique aux collectivit\u00e9s sur l\u2019adaptation au changement climatique).<\/p>\n<p>Les r\u00e9alisations concr\u00e8tes comprennent le fauchage tardif des espaces enherb\u00e9s, la cr\u00e9ation d\u2019un verger plant\u00e9 \u00e0 l\u2019entr\u00e9e de Velaine-en-Haye avec l\u2019aide des \u00e9coliers, la v\u00e9g\u00e9talisation des all\u00e9es des cimeti\u00e8res \u00e0 Velaine-en-Haye mais aussi \u00e0 Sexey-les-Bois, des plantations de vivaces, l\u2019abandon progressif des massifs d\u2019annuelles gourmandes en arrosage.<\/p>\n","protected":false},"excerpt":{"rendered":"Seules une dizaine de communes ont re\u00e7u le prix \u00ab\u00a0coup de c\u0153ur\u00a0\u00bb attribu\u00e9 par la r\u00e9gion Grand Est&hellip;\n","protected":false},"author":2,"featured_media":649385,"comment_status":"","ping_status":"","sticky":false,"template":"","format":"standard","meta":{"footnotes":""},"categories":[9635],"tags":[1111,11,11734,11735,1705,436,1777,674,1011,27,775,1702,12,25],"class_list":{"0":"post-649384","1":"post","2":"type-post","3":"status-publish","4":"format-standard","5":"has-post-thumbnail","7":"category-nancy","8":"tag-actu","9":"tag-actualites","10":"tag-bois-de-haye","11":"tag-cc-terres-touloises-54d","12":"tag-edition-toul","13":"tag-environnement","14":"tag-eu","15":"tag-europe","16":"tag-fr","17":"tag-france","18":"tag-grand-est","19":"tag-nancy","20":"tag-news","21":"tag-republique-francaise"},"share_on_mastodon":{"url":"https:\/\/pubeurope.com\/@fr\/115859569057781477","error":""},"_links":{"self":[{"href":"https:\/\/www.europesays.com\/fr\/wp-json\/wp\/v2\/posts\/649384","targetHints":{"allow":["GET"]}}],"collection":[{"href":"https:\/\/www.europesays.com\/fr\/wp-json\/wp\/v2\/posts"}],"about":[{"href":"https:\/\/www.europesays.com\/fr\/wp-json\/wp\/v2\/types\/post"}],"author":[{"embeddable":true,"href":"https:\/\/www.europesays.com\/fr\/wp-json\/wp\/v2\/users\/2"}],"replies":[{"embeddable":true,"href":"https:\/\/www.europesays.com\/fr\/wp-json\/wp\/v2\/comments?post=649384"}],"version-history":[{"count":0,"href":"https:\/\/www.europesays.com\/fr\/wp-json\/wp\/v2\/posts\/649384\/revisions"}],"wp:featuredmedia":[{"embeddable":true,"href":"https:\/\/www.europesays.com\/fr\/wp-json\/wp\/v2\/media\/649385"}],"wp:attachment":[{"href":"https:\/\/www.europesays.com\/fr\/wp-json\/wp\/v2\/media?parent=649384"}],"wp:term":[{"taxonomy":"category","embeddable":true,"href":"https:\/\/www.europesays.com\/fr\/wp-json\/wp\/v2\/categories?post=649384"},{"taxonomy":"post_tag","embeddable":true,"href":"https:\/\/www.europesays.com\/fr\/wp-json\/wp\/v2\/tags?post=649384"}],"curies":[{"name":"wp","href":"https:\/\/api.w.org\/{rel}","templated":true}]}}