{"id":649386,"date":"2026-01-08T12:51:15","date_gmt":"2026-01-08T12:51:15","guid":{"rendered":"https:\/\/www.europesays.com\/fr\/649386\/"},"modified":"2026-01-08T12:51:15","modified_gmt":"2026-01-08T12:51:15","slug":"stage-atelier-art-plastique-a-nancy-31","status":"publish","type":"post","link":"https:\/\/www.europesays.com\/fr\/649386\/","title":{"rendered":"Stage, atelier Art plastique a Nancy"},"content":{"rendered":"<p>\t\t\t\t\t\t\t\t\t<a href=\"https:\/\/www.estrepublicain.fr\/pour-sortir\/loisirs\/Stage-ateliers-cours\/Arts-plastiques\/Lorraine\/Meurthe-et-moselle\/Nancy\/2026\/01\/19\/javascript:history.back();\" rel=\"nofollow noopener\" class=\"backToSearch\" target=\"_blank\">Retour \u00e0 la recherche<\/a><\/p>\n<p class=\"media-desc\" itemprop=\"description\">&#13;<br \/>\n\t\t\t\t\tLaura Pi, artiste sculpteur et ma\u00eetre verrier, est berc\u00e9e par le courant surr\u00e9aliste et la beaut\u00e9 du corps humain dans sa forme anatomique voire scientifique. Avec passion elle partagera son attrait pour le corps humain et pour la sculpture sur argile avec ce stage en sculpture anatomique.&#13;<br \/>\n\t\t\t\t\t\t\t\t\t\t\t&#13;<br \/>\n\t\t\t\t\t\t\t\t\t\tLa base de la sculpture, le modelage de la terre, est un exercice direct d\u2019observation. Lors de ce stage, des illustrations, photographies, dessins vous servent de mod\u00e8les pour comprendre et faire la premi\u00e8re mise en volume. Vous apprenez \u00e0 observer et \u00e0 sculpter les proportions du corps humain dans ses vides et dans ses pleins. L&rsquo;argile s&rsquo;offre \u00e0 nous comme une p\u00e2te \u00e0 modeler.<br \/>\nIl s\u2019agit en une ou plusieurs s\u00e9ances de cr\u00e9er votre sculpture.<br \/>\nDurant ces 3 h, Laura est disponible pour vous guider dans cet apprentissage&#8230; La forme g\u00e9n\u00e9rale, le mouvement, est d&rsquo;abord travaill\u00e9 \u00e0 la main. Puis, vous d\u00e9couvrez les techniques et les outils de modelages pour apporter le d\u00e9tail&#8230; Apr\u00e8s un temps de s\u00e9chage, il est possible d&rsquo;\u00e9vider la pi\u00e8ce puis de la cuire dans un four c\u00e9ramique. Vous r\u00e9cup\u00e9rerez votre objet en terre cuite une fois refroidi. Tous niveaux accept\u00e9s.&#13;\n\t\t\t\t  <\/p>\n","protected":false},"excerpt":{"rendered":"Retour \u00e0 la recherche &#13; Laura Pi, artiste sculpteur et ma\u00eetre verrier, est berc\u00e9e par le courant surr\u00e9aliste&hellip;\n","protected":false},"author":2,"featured_media":649387,"comment_status":"","ping_status":"","sticky":false,"template":"","format":"standard","meta":{"footnotes":""},"categories":[9635],"tags":[1111,11,1777,674,1011,27,775,1702,12,25],"class_list":{"0":"post-649386","1":"post","2":"type-post","3":"status-publish","4":"format-standard","5":"has-post-thumbnail","7":"category-nancy","8":"tag-actu","9":"tag-actualites","10":"tag-eu","11":"tag-europe","12":"tag-fr","13":"tag-france","14":"tag-grand-est","15":"tag-nancy","16":"tag-news","17":"tag-republique-francaise"},"share_on_mastodon":{"url":"https:\/\/pubeurope.com\/@fr\/115859573061626731","error":""},"_links":{"self":[{"href":"https:\/\/www.europesays.com\/fr\/wp-json\/wp\/v2\/posts\/649386","targetHints":{"allow":["GET"]}}],"collection":[{"href":"https:\/\/www.europesays.com\/fr\/wp-json\/wp\/v2\/posts"}],"about":[{"href":"https:\/\/www.europesays.com\/fr\/wp-json\/wp\/v2\/types\/post"}],"author":[{"embeddable":true,"href":"https:\/\/www.europesays.com\/fr\/wp-json\/wp\/v2\/users\/2"}],"replies":[{"embeddable":true,"href":"https:\/\/www.europesays.com\/fr\/wp-json\/wp\/v2\/comments?post=649386"}],"version-history":[{"count":0,"href":"https:\/\/www.europesays.com\/fr\/wp-json\/wp\/v2\/posts\/649386\/revisions"}],"wp:featuredmedia":[{"embeddable":true,"href":"https:\/\/www.europesays.com\/fr\/wp-json\/wp\/v2\/media\/649387"}],"wp:attachment":[{"href":"https:\/\/www.europesays.com\/fr\/wp-json\/wp\/v2\/media?parent=649386"}],"wp:term":[{"taxonomy":"category","embeddable":true,"href":"https:\/\/www.europesays.com\/fr\/wp-json\/wp\/v2\/categories?post=649386"},{"taxonomy":"post_tag","embeddable":true,"href":"https:\/\/www.europesays.com\/fr\/wp-json\/wp\/v2\/tags?post=649386"}],"curies":[{"name":"wp","href":"https:\/\/api.w.org\/{rel}","templated":true}]}}