{"id":649388,"date":"2026-01-08T12:52:10","date_gmt":"2026-01-08T12:52:10","guid":{"rendered":"https:\/\/www.europesays.com\/fr\/649388\/"},"modified":"2026-01-08T12:52:10","modified_gmt":"2026-01-08T12:52:10","slug":"plus-de-23-000-euros-deja-recoltes-pour-financer-la-renovation-de-lopera-de-toulon","status":"publish","type":"post","link":"https:\/\/www.europesays.com\/fr\/649388\/","title":{"rendered":"Plus de 23 000 euros d\u00e9j\u00e0 r\u00e9colt\u00e9s pour financer la r\u00e9novation de l&rsquo;op\u00e9ra de Toulon"},"content":{"rendered":"<p>                    Par<br \/>\n        <strong><br \/>\n            <a href=\"https:\/\/actu.fr\/auteur\/laetitia-soula-gmail-com\" title=\"Consulter tous les articles de Laetitia Soula\" target=\"_blank\" rel=\"noopener\">Laetitia Soula<\/a><br \/>\n                    <\/strong><\/p>\n<p>        Publi\u00e9 le<\/p>\n<p>            8 janv. 2026 \u00e0 11h55        <\/p>\n<p>La <strong>Fondation du Patrimoine<\/strong> affiche le chiffre de <strong>23\u2009690\u00a0\u20ac<\/strong> pour la collecte de dons visant \u00e0 financer la <strong>r\u00e9novation de l\u2019op\u00e9ra de <a href=\"https:\/\/actu.fr\/provence-alpes-cote-d-azur\/toulon_83137\" target=\"_blank\" rel=\"noopener\">Toulon<\/a><\/strong>, dans le d\u00e9partement du <a href=\"https:\/\/actu.fr\/provence-alpes-cote-d-azur\/var_83\" target=\"_blank\" rel=\"noopener\"><strong>Var<\/strong><\/a>, ce 8\u00a0janvier 2026.<\/p>\n<p class=\" wall-content\">Nous faisons le point sur ce <strong>projet ambitieux<\/strong> qui a pour but de <strong>r\u00e9habiliter<\/strong> en profondeur cet <strong>op\u00e9ra italien<\/strong> de style classique, ferm\u00e9 depuis <strong>2023<\/strong>.<\/p>\n<p>    <a href=\"https:\/\/www.facebook.com\/plugins\/video.php?height=476&amp;href=https%3A%2F%2Fwww.facebook.com%2Freel%2F1182146487375952%2F&amp;show_text=false&amp;width=350&amp;t=0\" title=\"Ouvrie le lien\" target=\"_blank\" rel=\"noopener\">Cliquez ici pour visualiser le contenu<\/a><\/p>\n<p>Une r\u00e9habilitation globale<\/p>\n<p class=\" wall-content\"><strong>Patrimoine historique<\/strong> et monumental de Toulon, l\u2019op\u00e9ra inaugur\u00e9 <strong>en 1862<\/strong> a amorc\u00e9 sa <strong>r\u00e9habilitation globale<\/strong>.<\/p>\n<p class=\" wall-content\">Cette <strong>restauration d\u2019envergure<\/strong> concerne les sculptures, les peintures, les <strong>dorures<\/strong>, les lustres, les fauteuils, ou encore la <strong>toile maroufl\u00e9e du plafond<\/strong> r\u00e9alis\u00e9e par le peintre <strong>Louis Duveau<\/strong>, qui est menac\u00e9e par la poussi\u00e8re et les <strong>fissures<\/strong>.<\/p>\n<blockquote class=\"ac-article-quote wall-content\">\n<p>C&rsquo;est un chantier colossal autant dans sa complexit\u00e9 que dans son co\u00fbt. Ce sont 38 millions d\u2019euros qui ont \u00e9t\u00e9 budg\u00e9t\u00e9s, tout en poursuivant la programmation de l&rsquo;Op\u00e9ra hors les murs.<\/p>\n<p>    <strong>Yann Tanguy<\/strong><br \/>\n        Pr\u00e9sident de l&rsquo;Op\u00e9ra de Toulon    <\/p><\/blockquote>\n<p class=\" wall-content\">Les travaux de <strong>r\u00e9novation<\/strong> pr\u00e9voient \u00e9galement l\u2019am\u00e9lioration de l\u2019<strong>accueil du public<\/strong> et de l\u2019accessibilit\u00e9, la refonte des <strong>installations sc\u00e9niques<\/strong> et des \u00e9quipements techniques, tout en maintenant le <strong>niveau acoustique<\/strong> de qualit\u00e9 de l\u2019op\u00e9ra.<\/p>\n<p>La campagne de m\u00e9c\u00e9nat<br \/>\n    <img   decoding=\"async\" loading=\"lazy\" src=\"https:\/\/www.europesays.com\/fr\/wp-content\/uploads\/2026\/01\/opera-de-toulon2-credit-metropole-tpm-960x640.jpg\" alt=\"L'op\u00e9ra de Toulon a \u00e9t\u00e9 inaugur\u00e9 en 1862.\" width=\"960\" height=\"640\"\/><br \/>\n    L\u2019op\u00e9ra de Toulon a \u00e9t\u00e9 inaugur\u00e9 en 1862. (\u00a9M\u00e9tropole TPM)<\/p>\n<p>Votre r\u00e9gion, votre actu !<\/p>\n<p>Recevez chaque jour les infos qui comptent pour vous.<\/p>\n<p>\t<a href=\"https:\/\/actu.fr\/newsletter\" class=\"ac-btn ac-btn--corner ac-btn--medium ac-btn--blue800\" target=\"_blank\" rel=\"noopener\">S&rsquo;incrire<\/a><\/p>\n<p class=\" wall-content\">\u00ab\u2009La collecte a d\u00e9j\u00e0 atteint <strong>pr\u00e8s de 10\u2009%<\/strong> du premier objectif de <strong>200\u2009000\u00a0\u20ac<\/strong>\u2009\u00bb, ont indiqu\u00e9 les services de la <a href=\"https:\/\/www.fondation-patrimoine.org\/les-projets\/opera-de-toulon\/102223\" target=\"_blank\" rel=\"noopener\"><strong>Fondation du Patrimoine<\/strong><\/a>, qui a attribu\u00e9 une <strong>dotation de 150\u2009000\u00a0\u20ac<\/strong> pour restaurer le plafond.<\/p>\n<p class=\" wall-content\">La <a href=\"https:\/\/metropoletpm.fr\/actualites\/restaurer-lopera-de-toulon-la-campagne-de-mecenat-se-poursuit\" target=\"_blank\" rel=\"noopener\"><strong>campagne de m\u00e9c\u00e9nat<\/strong><\/a> a \u00e9t\u00e9 lanc\u00e9e <strong>en juin\u00a02025<\/strong>, et \u00ab\u2009l\u2019objectif fix\u00e9 est d\u2019atteindre <strong>3\u00a0millions d\u2019euros<\/strong> suppl\u00e9mentaires\u2009\u00bb, selon la <strong>m\u00e9tropole<\/strong> Toulon Provence M\u00e9diterran\u00e9e.<\/p>\n<p class=\" wall-content\">Selon les derni\u00e8res informations communiqu\u00e9es par la <strong>mairie de Toulon<\/strong>, l\u2019op\u00e9ra devrait rouvrir ses portes au public <strong>en septembre\u00a02028<\/strong>.<\/p>\n<p>    <a href=\"https:\/\/www.facebook.com\/plugins\/post.php?href=https%3A%2F%2Fwww.facebook.com%2Fvilledetoulon%2Fposts%2Fpfbid032hL1WSPiemR3ZEmn9znpsm1B3iHkeexNe85GwtV8uaKP1u3UbnCws3UU6RUQv3Q9l&amp;show_text=true&amp;width=350\" title=\"Ouvrie le lien\" target=\"_blank\" rel=\"noopener\">Cliquez ici pour visualiser le contenu<\/a><\/p>\n<p>Pour faire un don, rendez-vous sur le site de la <a href=\"https:\/\/www.fondation-patrimoine.org\/les-projets\/opera-de-toulon\/102223\/faire-un-don\" target=\"_blank\" rel=\"noopener\">Fondation du Patrimoine<\/a>.<\/p>\n<p class=\" wall-content\">Personnalisez votre actualit\u00e9 en ajoutant vos villes et m\u00e9dias en favori avec <a href=\"https:\/\/moncompte.actu.fr\" title=\"D\u00e9couvez Mon Actu\" rel=\"nofollow noopener\" data-trk=\"{&quot;cta&quot;:{&quot;action&quot;:&quot;https:\\\/\\\/moncompte.actu.fr&quot;,&quot;category&quot;:&quot;mon compte&quot;,&quot;from&quot;:&quot;article footer&quot;,&quot;name&quot;:&quot;Mon actu&quot;,&quot;type&quot;:&quot;cta&quot;}}\" target=\"_blank\">Mon Actu<\/a>.<\/p>\n","protected":false},"excerpt":{"rendered":"Par Laetitia Soula Publi\u00e9 le 8 janv. 2026 \u00e0 11h55 La Fondation du Patrimoine affiche le chiffre de&hellip;\n","protected":false},"author":2,"featured_media":649389,"comment_status":"","ping_status":"","sticky":false,"template":"","format":"standard","meta":{"footnotes":""},"categories":[9619],"tags":[1111,11,1777,674,53847,1011,27,12,7165,882,25,104,3400,2310],"class_list":{"0":"post-649388","1":"post","2":"type-post","3":"status-publish","4":"format-standard","5":"has-post-thumbnail","7":"category-toulon","8":"tag-actu","9":"tag-actualites","10":"tag-eu","11":"tag-europe","12":"tag-fondation-du-patrimoine","13":"tag-fr","14":"tag-france","15":"tag-news","16":"tag-opera","17":"tag-provence-alpes-cote-dazur","18":"tag-republique-francaise","19":"tag-societe","20":"tag-solidarite","21":"tag-toulon"},"share_on_mastodon":{"url":"https:\/\/pubeurope.com\/@fr\/115859576885753081","error":""},"_links":{"self":[{"href":"https:\/\/www.europesays.com\/fr\/wp-json\/wp\/v2\/posts\/649388","targetHints":{"allow":["GET"]}}],"collection":[{"href":"https:\/\/www.europesays.com\/fr\/wp-json\/wp\/v2\/posts"}],"about":[{"href":"https:\/\/www.europesays.com\/fr\/wp-json\/wp\/v2\/types\/post"}],"author":[{"embeddable":true,"href":"https:\/\/www.europesays.com\/fr\/wp-json\/wp\/v2\/users\/2"}],"replies":[{"embeddable":true,"href":"https:\/\/www.europesays.com\/fr\/wp-json\/wp\/v2\/comments?post=649388"}],"version-history":[{"count":0,"href":"https:\/\/www.europesays.com\/fr\/wp-json\/wp\/v2\/posts\/649388\/revisions"}],"wp:featuredmedia":[{"embeddable":true,"href":"https:\/\/www.europesays.com\/fr\/wp-json\/wp\/v2\/media\/649389"}],"wp:attachment":[{"href":"https:\/\/www.europesays.com\/fr\/wp-json\/wp\/v2\/media?parent=649388"}],"wp:term":[{"taxonomy":"category","embeddable":true,"href":"https:\/\/www.europesays.com\/fr\/wp-json\/wp\/v2\/categories?post=649388"},{"taxonomy":"post_tag","embeddable":true,"href":"https:\/\/www.europesays.com\/fr\/wp-json\/wp\/v2\/tags?post=649388"}],"curies":[{"name":"wp","href":"https:\/\/api.w.org\/{rel}","templated":true}]}}