{"id":649390,"date":"2026-01-08T12:53:15","date_gmt":"2026-01-08T12:53:15","guid":{"rendered":"https:\/\/www.europesays.com\/fr\/649390\/"},"modified":"2026-01-08T12:53:15","modified_gmt":"2026-01-08T12:53:15","slug":"toulon-va-verrouiller-son-jeune-deuxieme-ligne-corentin-mezou","status":"publish","type":"post","link":"https:\/\/www.europesays.com\/fr\/649390\/","title":{"rendered":"Toulon va verrouiller son jeune deuxi\u00e8me ligne Corentin M\u00e9zou"},"content":{"rendered":"<p data-start=\"366\" data-end=\"688\">Le march\u00e9 des deuxi\u00e8me lignes continue de bouger et, cette fois, c\u2019est Toulon qui se retrouve au centre des mouvements.<\/p>\n<p data-start=\"366\" data-end=\"688\">Arriv\u00e9 sur la Rade en 2018, Brian Alainu\u2019uese (31 ans, 9 s\u00e9lections) ne portera plus le maillot rouge et noir la saison prochaine. Le club varois n\u2019a pas souhait\u00e9 prolonger le contrat du colosse samoan.<\/p>\n<p data-start=\"690\" data-end=\"955\">Longtemps suivi par Lyon, Alainu\u2019uese a finalement tranch\u00e9 : <strong data-start=\"751\" data-end=\"808\">le joueur s\u2019est engag\u00e9 pour deux saisons avec Bayonne<\/strong>, qui pr\u00e9pare un v\u00e9ritable lifting \u00e0 ce poste en vue de l\u2019exercice 2026-27. Une strat\u00e9gie claire pour l\u2019Aviron, d\u00e9cid\u00e9ment tr\u00e8s actif en coulisses.<\/p>\n<p data-start=\"957\" data-end=\"1385\">\u00c0 Toulon, l\u2019heure est davantage \u00e0 la jeunesse.<\/p>\n<p data-start=\"957\" data-end=\"1385\">Selon les informations de <a href=\"https:\/\/www.rugbyrama.fr\/2026\/01\/08\/exclu-midol-transferts-thomas-adelaide-a-la-rochelle-joel-kpoku-vers-sale-ca-bouge-sur-le-marche-des-deuxieme-ligne-13150105.php\" target=\"_blank\" rel=\"noopener\">Midi Olympique<\/a>, le club Varois ne va pas forc\u00e9ment recruter \u00e0 ce poste-l\u00e0.<\/p>\n<p data-start=\"957\" data-end=\"1385\">Et pour cause, les dirigeants du RCT entendent s\u2019appuyer sur l\u2019un des plus gros espoirs fran\u00e7ais du poste, <strong data-start=\"1079\" data-end=\"1106\">Corentin M\u00e9zou (20 ans)<\/strong>.<\/p>\n<p data-start=\"957\" data-end=\"1385\">En fin de contrat au mois de juin, le deuxi\u00e8me ligne est <strong data-start=\"1165\" data-end=\"1228\">tout proche de prolonger pour trois saisons suppl\u00e9mentaires<\/strong>.<\/p>\n<p data-start=\"957\" data-end=\"1385\">Une mani\u00e8re pour le RCT d\u2019ouvrir un nouveau cycle en cage avec un joueur consid\u00e9r\u00e9 comme l\u2019un des profils tricolores les plus prometteurs de sa g\u00e9n\u00e9ration.<\/p>\n","protected":false},"excerpt":{"rendered":"Le march\u00e9 des deuxi\u00e8me lignes continue de bouger et, cette fois, c\u2019est Toulon qui se retrouve au centre&hellip;\n","protected":false},"author":2,"featured_media":649391,"comment_status":"","ping_status":"","sticky":false,"template":"","format":"standard","meta":{"footnotes":""},"categories":[9619],"tags":[1111,11,1777,674,1011,27,12,882,25,2310],"class_list":{"0":"post-649390","1":"post","2":"type-post","3":"status-publish","4":"format-standard","5":"has-post-thumbnail","7":"category-toulon","8":"tag-actu","9":"tag-actualites","10":"tag-eu","11":"tag-europe","12":"tag-fr","13":"tag-france","14":"tag-news","15":"tag-provence-alpes-cote-dazur","16":"tag-republique-francaise","17":"tag-toulon"},"share_on_mastodon":{"url":"https:\/\/pubeurope.com\/@fr\/115859580862453602","error":""},"_links":{"self":[{"href":"https:\/\/www.europesays.com\/fr\/wp-json\/wp\/v2\/posts\/649390","targetHints":{"allow":["GET"]}}],"collection":[{"href":"https:\/\/www.europesays.com\/fr\/wp-json\/wp\/v2\/posts"}],"about":[{"href":"https:\/\/www.europesays.com\/fr\/wp-json\/wp\/v2\/types\/post"}],"author":[{"embeddable":true,"href":"https:\/\/www.europesays.com\/fr\/wp-json\/wp\/v2\/users\/2"}],"replies":[{"embeddable":true,"href":"https:\/\/www.europesays.com\/fr\/wp-json\/wp\/v2\/comments?post=649390"}],"version-history":[{"count":0,"href":"https:\/\/www.europesays.com\/fr\/wp-json\/wp\/v2\/posts\/649390\/revisions"}],"wp:featuredmedia":[{"embeddable":true,"href":"https:\/\/www.europesays.com\/fr\/wp-json\/wp\/v2\/media\/649391"}],"wp:attachment":[{"href":"https:\/\/www.europesays.com\/fr\/wp-json\/wp\/v2\/media?parent=649390"}],"wp:term":[{"taxonomy":"category","embeddable":true,"href":"https:\/\/www.europesays.com\/fr\/wp-json\/wp\/v2\/categories?post=649390"},{"taxonomy":"post_tag","embeddable":true,"href":"https:\/\/www.europesays.com\/fr\/wp-json\/wp\/v2\/tags?post=649390"}],"curies":[{"name":"wp","href":"https:\/\/api.w.org\/{rel}","templated":true}]}}