{"id":649394,"date":"2026-01-08T12:55:11","date_gmt":"2026-01-08T12:55:11","guid":{"rendered":"https:\/\/www.europesays.com\/fr\/649394\/"},"modified":"2026-01-08T12:55:11","modified_gmt":"2026-01-08T12:55:11","slug":"transavia-lance-une-ligne-directe-montpellier-malaga","status":"publish","type":"post","link":"https:\/\/www.europesays.com\/fr\/649394\/","title":{"rendered":"Transavia lance une ligne directe Montpellier-Malaga\u00a0"},"content":{"rendered":"<p data-path-to-node=\"3\">Bonne nouvelle pour les voyageurs h\u00e9raultais ! D\u00e8s l\u2019\u00e9t\u00e9 2026, la Costa del Sol n\u2019aura jamais \u00e9t\u00e9 aussi proche. La compagnie <b data-path-to-node=\"3\" data-index-in-node=\"125\">Transavia France<\/b> (filiale low-cost du groupe Air France-KLM) vient d\u2019annoncer l\u2019ouverture d\u2019une ligne in\u00e9dite reliant l\u2019a\u00e9roport de <b data-path-to-node=\"3\" data-index-in-node=\"257\">Montpellier-M\u00e9diterran\u00e9e<\/b> \u00e0 <b data-path-to-node=\"3\" data-index-in-node=\"284\">Malaga<\/b>, en Espagne.<\/p>\n<p>Le soleil espagnol \u00e0 prix mini<\/p>\n<p data-path-to-node=\"5\">Fini les escales interminables \u00e0 Madrid ou Barcelone. Cette nouvelle liaison directe permet de rejoindre les plages andalouses en un temps record et \u00e0 un tarif tr\u00e8s attractif. Les billets sont propos\u00e9s <b data-path-to-node=\"5\" data-index-in-node=\"202\">\u00e0 partir de 43\u20ac l\u2019aller simple<\/b>, faisant de cette destination l\u2019une des options les plus abordables pour s\u2019\u00e9vader l\u2019\u00e9t\u00e9 prochain.<\/p>\n<p>D\u00e9tails du vol :<\/p>\n<ul data-path-to-node=\"7\">\n<li>\n<p data-path-to-node=\"7,0,0\"><b data-path-to-node=\"7,0,0\" data-index-in-node=\"0\">Fr\u00e9quence :<\/b> 1 vol par semaine, chaque <b data-path-to-node=\"7,0,0\" data-index-in-node=\"40\">dimanche<\/b><\/p>\n<\/li>\n<li>\n<p data-path-to-node=\"7,1,0\"><b data-path-to-node=\"7,1,0\" data-index-in-node=\"0\">Lancement :<\/b> Le vol inaugural aura lieu le <b data-path-to-node=\"7,1,0\" data-index-in-node=\"42\">19 juillet 2026<\/b><\/p>\n<\/li>\n<li>\n<p data-path-to-node=\"7,2,0\"><b data-path-to-node=\"7,2,0\" data-index-in-node=\"0\">Tarif :<\/b> \u00c0 partir de <b data-path-to-node=\"7,2,0\" data-index-in-node=\"20\">43\u20ac<\/b> (aller simple)<\/p>\n<\/li>\n<\/ul>\n<p>Pourquoi choisir Malaga ?<\/p>\n<p data-path-to-node=\"9\">Malaga est bien plus qu\u2019une simple porte d\u2019entr\u00e9e vers les stations baln\u00e9aires de la Costa del Sol. C\u2019est une ville dynamique, riche d\u2019un patrimoine historique exceptionnel (l\u2019Alcazaba, le th\u00e9\u00e2tre romain) et berceau de Picasso. C\u2019est aussi le point de d\u00e9part id\u00e9al pour explorer l\u2019Andalousie :<\/p>\n<ol start=\"1\" data-path-to-node=\"10\">\n<li>\n<p data-path-to-node=\"10,0,0\"><b data-path-to-node=\"10,0,0\" data-index-in-node=\"0\">S\u00e9ville, Grenade et Cordoue<\/b> sont accessibles en quelques heures.<\/p>\n<\/li>\n<li>\n<p data-path-to-node=\"10,1,0\">Les c\u00e9l\u00e8bres villages blancs (Pueblos Blancos) offrent des paysages de carte postale.<\/p>\n<\/li>\n<li>\n<p data-path-to-node=\"10,2,0\">La gastronomie locale (tapas, poissons grill\u00e9s sur la plage) ravira les gourmands.<\/p>\n<\/li>\n<\/ol>\n<blockquote data-path-to-node=\"11\">\n<p data-path-to-node=\"11,0\"><b data-path-to-node=\"11,0\" data-index-in-node=\"0\">L\u2019avis de la r\u00e9daction :<\/b> Le cr\u00e9neau du dimanche est id\u00e9al pour les s\u00e9jours d\u2019une ou deux semaines. Attention toutefois, avec une seule rotation hebdomadaire, les places \u00e0 43\u20ac risquent de s\u2019envoler tr\u00e8s rapidement !<\/p>\n<\/blockquote>\n","protected":false},"excerpt":{"rendered":"Bonne nouvelle pour les voyageurs h\u00e9raultais ! D\u00e8s l\u2019\u00e9t\u00e9 2026, la Costa del Sol n\u2019aura jamais \u00e9t\u00e9 aussi&hellip;\n","protected":false},"author":2,"featured_media":649395,"comment_status":"","ping_status":"","sticky":false,"template":"","format":"standard","meta":{"footnotes":""},"categories":[9599],"tags":[1111,11,1777,674,1011,27,2208,12,2680,25],"class_list":{"0":"post-649394","1":"post","2":"type-post","3":"status-publish","4":"format-standard","5":"has-post-thumbnail","7":"category-montpellier","8":"tag-actu","9":"tag-actualites","10":"tag-eu","11":"tag-europe","12":"tag-fr","13":"tag-france","14":"tag-montpellier","15":"tag-news","16":"tag-occitanie","17":"tag-republique-francaise"},"share_on_mastodon":{"url":"https:\/\/pubeurope.com\/@fr\/115859588572135052","error":""},"_links":{"self":[{"href":"https:\/\/www.europesays.com\/fr\/wp-json\/wp\/v2\/posts\/649394","targetHints":{"allow":["GET"]}}],"collection":[{"href":"https:\/\/www.europesays.com\/fr\/wp-json\/wp\/v2\/posts"}],"about":[{"href":"https:\/\/www.europesays.com\/fr\/wp-json\/wp\/v2\/types\/post"}],"author":[{"embeddable":true,"href":"https:\/\/www.europesays.com\/fr\/wp-json\/wp\/v2\/users\/2"}],"replies":[{"embeddable":true,"href":"https:\/\/www.europesays.com\/fr\/wp-json\/wp\/v2\/comments?post=649394"}],"version-history":[{"count":0,"href":"https:\/\/www.europesays.com\/fr\/wp-json\/wp\/v2\/posts\/649394\/revisions"}],"wp:featuredmedia":[{"embeddable":true,"href":"https:\/\/www.europesays.com\/fr\/wp-json\/wp\/v2\/media\/649395"}],"wp:attachment":[{"href":"https:\/\/www.europesays.com\/fr\/wp-json\/wp\/v2\/media?parent=649394"}],"wp:term":[{"taxonomy":"category","embeddable":true,"href":"https:\/\/www.europesays.com\/fr\/wp-json\/wp\/v2\/categories?post=649394"},{"taxonomy":"post_tag","embeddable":true,"href":"https:\/\/www.europesays.com\/fr\/wp-json\/wp\/v2\/tags?post=649394"}],"curies":[{"name":"wp","href":"https:\/\/api.w.org\/{rel}","templated":true}]}}