{"id":649396,"date":"2026-01-08T12:57:10","date_gmt":"2026-01-08T12:57:10","guid":{"rendered":"https:\/\/www.europesays.com\/fr\/649396\/"},"modified":"2026-01-08T12:57:10","modified_gmt":"2026-01-08T12:57:10","slug":"la-mutation-doffice-dun-gendarme-de-rouen-a-argentan-suspendue-un-des-articles-les-plus-lus","status":"publish","type":"post","link":"https:\/\/www.europesays.com\/fr\/649396\/","title":{"rendered":"La \u00ab mutation d\u2019office \u00bb d\u2019un gendarme de Rouen \u00e0 Argentan suspendue, un des articles les plus lus"},"content":{"rendered":"<p>                    Par<br \/>\n        <strong><br \/>\n            <a href=\"https:\/\/actu.fr\/auteur\/journaliste-journaldelorne\" title=\"Consulter tous les articles de R\u00e9daction JO\" target=\"_blank\" rel=\"noopener\">R\u00e9daction JO<\/a><br \/>\n                    <\/strong><\/p>\n<p>        Publi\u00e9 le<\/p>\n<p>            8 janv. 2026 \u00e0 12h29        <\/p>\n<p>Avec le passage \u00e0 2026, <a href=\"https:\/\/actu.fr\/le-journal-de-l-orne\/\" target=\"_blank\" rel=\"noopener\">Le Journal de l\u2019Orne<\/a>\u00a0revient sur\u00a0ses <b>articles\u00a0les plus lus en 2025<\/b>. Le sixi\u00e8me est paru\u00a0<b>22\u00a0janvier<\/b>. Le juge des r\u00e9f\u00e9r\u00e9s du tribunal administratif de Caen (<b>Calvados<\/b>) a donn\u00e9 raison \u00e0 un ancien\u00a0<b>gendarme<\/b>\u00a0du <b>Groupe d\u2019appui et de renseignements<\/b>\u00a0de la <a href=\"https:\/\/actu.fr\/normandie\/saint-aubin-les-elbeuf_76561\/plus-de-cents-tonnes-de-tabac-et-de-produits-de-contrefacon-saisis-par-les-gendarmes-de-rouen_56608152.html\" target=\"_blank\" rel=\"noopener\">Section de recherches<\/a><b> <\/b>de\u00a0Rouen (<b>Seine-Maritime<\/b>) en suspendant sa mutation forc\u00e9e \u00e0 la\u00a0<b>Brigade de recherches<\/b>\u00a0d\u2019Argentan (<b>Orne<\/b>).<\/p>\n<p>La mutation \u00e0 Argentan revenait \u00e0 un \u00ab\u2009d\u00e9classement professionnel\u2009\u00bb<\/p>\n<p class=\" wall-content\">Cet\u00a0<b>adjudant-chef<\/b>, qui avait \u00e9t\u00e9 affect\u00e9 en\u00a0<b>avril\u00a02014<\/b> \u00e0 la Section d\u2019appui judiciaire de Rouen, avait en effet fait l\u2019objet d\u2019une \u00ab\u2009mutation d\u2019office dans l\u2019int\u00e9r\u00eat du service\u2009\u00bb cinq mois apr\u00e8s.<\/p>\n<p class=\" wall-content\">Apr\u00e8s avoir saisi la commission de recours des militaires le\u00a0<b>31\u00a0octobre 2024<\/b>, il s\u2019\u00e9tait tourn\u00e9 le\u00a0<b>19\u00a0novembre 2024<\/b>\u00a0vers la justice administrative.<\/p>\n<p class=\" wall-content\">Cette\u00a0<b>mutation \u00e0 Argentan revenait en effet \u00e0 un \u00ab\u2009d\u00e9classement professionnel\u2009\u00bb<\/b>, de son point de vue, et lui faisait perdre sa \u00ab\u2009prime de haute technicit\u00e9\u2009\u00bb.<\/p>\n<p class=\" wall-content\">Article complet \u00e0 retrouver ici\u2009: <a href=\"https:\/\/actu.fr\/normandie\/argentan_61006\/la-mutation-doffice-dun-gendarme-de-rouen-a-la-brigade-de-recherches-dargentan-suspendue-par-la-justice_62151711.html\" target=\"_blank\" rel=\"noopener\">La \u00ab\u2009mutation d\u2019office\u2009\u00bb d\u2019un gendarme de Rouen \u00e0 la brigade de recherches d\u2019Argentan suspendue par la justice<\/a><\/p>\n<p class=\" wall-content\">Personnalisez votre actualit\u00e9 en ajoutant vos villes et m\u00e9dias en favori avec <a href=\"https:\/\/moncompte.actu.fr\" title=\"D\u00e9couvez Mon Actu\" rel=\"nofollow noopener\" data-trk=\"{&quot;cta&quot;:{&quot;action&quot;:&quot;https:\\\/\\\/moncompte.actu.fr&quot;,&quot;category&quot;:&quot;mon compte&quot;,&quot;from&quot;:&quot;article footer&quot;,&quot;name&quot;:&quot;Mon actu&quot;,&quot;type&quot;:&quot;cta&quot;}}\" target=\"_blank\">Mon Actu<\/a>.<\/p>\n","protected":false},"excerpt":{"rendered":"Par R\u00e9daction JO Publi\u00e9 le 8 janv. 2026 \u00e0 12h29 Avec le passage \u00e0 2026, Le Journal de&hellip;\n","protected":false},"author":2,"featured_media":649397,"comment_status":"","ping_status":"","sticky":false,"template":"","format":"standard","meta":{"footnotes":""},"categories":[9587],"tags":[1111,11,1777,674,118,1011,27,3381,303,12,5161,25,9590],"class_list":{"0":"post-649396","1":"post","2":"type-post","3":"status-publish","4":"format-standard","5":"has-post-thumbnail","7":"category-rouen","8":"tag-actu","9":"tag-actualites","10":"tag-eu","11":"tag-europe","12":"tag-faits-divers","13":"tag-fr","14":"tag-france","15":"tag-gendarmerie","16":"tag-justice","17":"tag-news","18":"tag-normandie","19":"tag-republique-francaise","20":"tag-rouen"},"share_on_mastodon":{"url":"https:\/\/pubeurope.com\/@fr\/115859596637455837","error":""},"_links":{"self":[{"href":"https:\/\/www.europesays.com\/fr\/wp-json\/wp\/v2\/posts\/649396","targetHints":{"allow":["GET"]}}],"collection":[{"href":"https:\/\/www.europesays.com\/fr\/wp-json\/wp\/v2\/posts"}],"about":[{"href":"https:\/\/www.europesays.com\/fr\/wp-json\/wp\/v2\/types\/post"}],"author":[{"embeddable":true,"href":"https:\/\/www.europesays.com\/fr\/wp-json\/wp\/v2\/users\/2"}],"replies":[{"embeddable":true,"href":"https:\/\/www.europesays.com\/fr\/wp-json\/wp\/v2\/comments?post=649396"}],"version-history":[{"count":0,"href":"https:\/\/www.europesays.com\/fr\/wp-json\/wp\/v2\/posts\/649396\/revisions"}],"wp:featuredmedia":[{"embeddable":true,"href":"https:\/\/www.europesays.com\/fr\/wp-json\/wp\/v2\/media\/649397"}],"wp:attachment":[{"href":"https:\/\/www.europesays.com\/fr\/wp-json\/wp\/v2\/media?parent=649396"}],"wp:term":[{"taxonomy":"category","embeddable":true,"href":"https:\/\/www.europesays.com\/fr\/wp-json\/wp\/v2\/categories?post=649396"},{"taxonomy":"post_tag","embeddable":true,"href":"https:\/\/www.europesays.com\/fr\/wp-json\/wp\/v2\/tags?post=649396"}],"curies":[{"name":"wp","href":"https:\/\/api.w.org\/{rel}","templated":true}]}}