{"id":649398,"date":"2026-01-08T12:58:11","date_gmt":"2026-01-08T12:58:11","guid":{"rendered":"https:\/\/www.europesays.com\/fr\/649398\/"},"modified":"2026-01-08T12:58:11","modified_gmt":"2026-01-08T12:58:11","slug":"le-maire-de-sassenage-michel-vendra-candidat-a-sa-reelection","status":"publish","type":"post","link":"https:\/\/www.europesays.com\/fr\/649398\/","title":{"rendered":"Le maire de Sassenage Michel Vendra candidat \u00e0 sa r\u00e9\u00e9lection"},"content":{"rendered":"<p>L\u2019annonce est d\u00e9sor\u00admais offi\u00adcielle\u00a0: Michel Vendra, maire sor\u00adtant de Sassenage, est can\u00addi\u00addat \u00e0 sa propre suc\u00adces\u00adsion lors des \u00e9lec\u00adtions muni\u00adci\u00adpales de mars 2026, en tant que t\u00eate de la liste <a href=\"https:\/\/www.facebook.com\/sassenageacoeur?locale=fr_FR\" target=\"_blank\" rel=\"noopener\">Sassenage \u00e0 c\u0153ur<\/a>.<\/p>\n<p>L\u2019\u00e9lu l\u2019a fait savoir le mardi 6 jan\u00advier au soir, au sein du local de sa com\u00admune Les Locavores, en pr\u00e9\u00adsence de sym\u00adpa\u00adthi\u00adsants et membres de la majo\u00adrit\u00e9 muni\u00adci\u00adpale, ainsi que du maire du Fontanil-Cornillon St\u00e9phane Dupont-Ferrier et de Christian Coign\u00e9, ancien maire Les R\u00e9publicains de Sassenage \u00e0 qui il doit son\u00a0poste.<\/p>\n<p><a href=\"https:\/\/www.europesays.com\/fr\/wp-content\/uploads\/2026\/01\/michel-vendra-candidature-sassenage-c-sassenage-a-coeur-1.jpeg\" target=\"_blank\" rel=\"noopener\"><img fetchpriority=\"high\" decoding=\"async\" aria-describedby=\"caption-attachment-668588\" class=\"wp-image-668588 size-full\" src=\"data:image\/svg+xml,%3Csvg%20xmlns=\" http:=\"\" alt=\"Michel Vendra entour\u00e9 de ses soutiens lors de l'annonce de sa candidature aux \u00e9lections municipales de Sassenage le mardi 6 janvier 2026. \u00a9 Sassenage \u00e0 coeur\" width=\"1600\" height=\"900\" data-lazy- data-lazy- data-lazy-src=\"https:\/\/www.europesays.com\/fr\/wp-content\/uploads\/2026\/01\/michel-vendra-candidature-sassenage-c-sassenage-a-coeur-1.jpeg\"\/><\/a><\/p>\n<p id=\"caption-attachment-668588\" class=\"wp-caption-text\">Michel Vendra entour\u00e9 de ses sou\u00adtiens lors de l\u2019an\u00adnonce de sa can\u00addi\u00adda\u00adture aux \u00e9lec\u00adtions muni\u00adci\u00adpales de Sassenage le mardi 6 jan\u00advier 2026. \u00a9 Sassenage \u00e0\u00a0coeur<\/p>\n<p>Michel Vendra fait en effet par\u00adtie de ces (rares) maires \u00e0 ne pas avoir \u00e9t\u00e9 \u00e9lus lors des pr\u00e9\u00adc\u00e9\u00addentes \u00e9lec\u00adtions muni\u00adci\u00adpales, mais en cours de man\u00addat. Apr\u00e8s vingt-deux ans \u00e0 la t\u00eate de la Ville de Sassenage et une r\u00e9\u00e9lec\u00adtion d\u2019une courte t\u00eate en 2020, Christian Coign\u00e9 avait pro\u00adfit\u00e9 de ses v\u0153ux en jan\u00advier 2023 pour <a href=\"https:\/\/www.placegrenet.fr\/2023\/01\/16\/le-maire-de-sassenage-christian-coigne-va-quitter-ses-fonctions-avant-lete-2023\/589828\" target=\"_blank\" rel=\"noopener\">annon\u00adcer son retrait<\/a> et le d\u00e9si\u00adgner comme son successeur.<\/p>\n<p>Il avait jus\u00adti\u00adfi\u00e9 sa d\u00e9mis\u00adsion en d\u00e9cri\u00advant une t\u00e2che \u00ab\u00a0de plus en plus ingrate\u00a0\u00bb, ainsi que \u00ab\u00a0l\u2019impression d\u2019\u00eatre arriv\u00e9 au bout\u00a0\u00bb. Des rai\u00adsons aux\u00adquelles s\u2019ajoutaient sans doute ses d\u00e9boires judi\u00adciaires. En novembre 2022, Christian Coign\u00e9 avait en effet \u00e9t\u00e9 <a href=\"https:\/\/www.placegrenet.fr\/2022\/11\/10\/sassenage-la-condamnation-du-maire-christian-coigne-a-deux-\" target=\"_blank\" rel=\"noopener\">condamn\u00e9 en appel \u00e0 2 000\u00a0euros d\u2019amende et deux ans d\u2019in\u00e9ligibilit\u00e9<\/a> pour prise ill\u00e9\u00adgale d\u2019int\u00e9r\u00eat, apr\u00e8s <a href=\"https:\/\/www.placegrenet.fr\/2021\/03\/24\/logement-durgence-sassenage-deux-ans-dineligibilite-requis-christian-coigne\/534376\" target=\"_blank\" rel=\"noopener\">l\u2019octroi d\u2019un loge\u00adment d\u2019urgence \u00e0 sa fille<\/a>. Un pour\u00advoi en cas\u00adsa\u00adtion aurait, depuis, \u00e9t\u00e9 d\u00e9pos\u00e9.<\/p>\n","protected":false},"excerpt":{"rendered":"L\u2019annonce est d\u00e9sor\u00admais offi\u00adcielle\u00a0: Michel Vendra, maire sor\u00adtant de Sassenage, est can\u00addi\u00addat \u00e0 sa propre suc\u00adces\u00adsion lors des&hellip;\n","protected":false},"author":2,"featured_media":649399,"comment_status":"","ping_status":"","sticky":false,"template":"","format":"standard","meta":{"footnotes":""},"categories":[9566],"tags":[1111,11,2430,1777,674,1011,27,2731,12,25],"class_list":{"0":"post-649398","1":"post","2":"type-post","3":"status-publish","4":"format-standard","5":"has-post-thumbnail","7":"category-grenoble","8":"tag-actu","9":"tag-actualites","10":"tag-auvergne-rhone-alpes","11":"tag-eu","12":"tag-europe","13":"tag-fr","14":"tag-france","15":"tag-grenoble","16":"tag-news","17":"tag-republique-francaise"},"share_on_mastodon":{"url":"https:\/\/pubeurope.com\/@fr\/115859600772088480","error":""},"_links":{"self":[{"href":"https:\/\/www.europesays.com\/fr\/wp-json\/wp\/v2\/posts\/649398","targetHints":{"allow":["GET"]}}],"collection":[{"href":"https:\/\/www.europesays.com\/fr\/wp-json\/wp\/v2\/posts"}],"about":[{"href":"https:\/\/www.europesays.com\/fr\/wp-json\/wp\/v2\/types\/post"}],"author":[{"embeddable":true,"href":"https:\/\/www.europesays.com\/fr\/wp-json\/wp\/v2\/users\/2"}],"replies":[{"embeddable":true,"href":"https:\/\/www.europesays.com\/fr\/wp-json\/wp\/v2\/comments?post=649398"}],"version-history":[{"count":0,"href":"https:\/\/www.europesays.com\/fr\/wp-json\/wp\/v2\/posts\/649398\/revisions"}],"wp:featuredmedia":[{"embeddable":true,"href":"https:\/\/www.europesays.com\/fr\/wp-json\/wp\/v2\/media\/649399"}],"wp:attachment":[{"href":"https:\/\/www.europesays.com\/fr\/wp-json\/wp\/v2\/media?parent=649398"}],"wp:term":[{"taxonomy":"category","embeddable":true,"href":"https:\/\/www.europesays.com\/fr\/wp-json\/wp\/v2\/categories?post=649398"},{"taxonomy":"post_tag","embeddable":true,"href":"https:\/\/www.europesays.com\/fr\/wp-json\/wp\/v2\/tags?post=649398"}],"curies":[{"name":"wp","href":"https:\/\/api.w.org\/{rel}","templated":true}]}}