{"id":649400,"date":"2026-01-08T12:59:21","date_gmt":"2026-01-08T12:59:21","guid":{"rendered":"https:\/\/www.europesays.com\/fr\/649400\/"},"modified":"2026-01-08T12:59:21","modified_gmt":"2026-01-08T12:59:21","slug":"rugby-pro-d2-un-fcg-revanchard-un-nouveau-coach-dans-le-staff-ce-quil-faut-savoir-avant-provence","status":"publish","type":"post","link":"https:\/\/www.europesays.com\/fr\/649400\/","title":{"rendered":"Rugby &#8211; Pro D2. Un FCG revanchard, un nouveau coach dans le staff\u2026 ce qu\u2019il faut savoir avant Provence"},"content":{"rendered":"<p>  Les enjeux du match\u00a0: gagner \u00e0 l\u2019ext\u00e9rieur et lancer une dynamique<\/p>\n<p>Et si les vacances ont r\u00e9ussi \u00e0 laver les t\u00eates et relancer les Grenoblois\u00a0? Le FCG, qui est parti en vacances sur une victoire \u00e9triqu\u00e9e contre Dax (24-20) au bout du suspense, est revenu avec deux nouveaux entra\u00eeneurs sur le banc, avec les arriv\u00e9es de J\u00e9r\u00f4me Villegas, en charge de la conqu\u00eate et de Pierre Caillet, en charge des avants, mais qui ne sera pas op\u00e9rationnel tout de suite. <a href=\"https:\/\/www.ledauphine.com\/sport\/2025\/12\/31\/c-est-termine-pour-pezery-au-fcg-le-nouveau-staff-arrive\" target=\"_blank\" rel=\"noopener\">Exit donc Patrick P\u00e9zery,<\/a> qui sera rest\u00e9 deux ans et demi avec Grenoble et dont la qualit\u00e9 du travail effectu\u00e9 est reconnue. Si l\u2019activit\u00e9 a \u00e9t\u00e9 assez intense en interne, le groupe grenoblois a voulu se concentrer sur ce qu\u2019il ma\u00eetrise\u00a0: le terrain. Antonin Berruyer, le capitaine de l\u2019\u00e9quipe, \u00e9tait satisfait de la semaine de travail r\u00e9alis\u00e9e, malgr\u00e9 les conditions polaires sur l\u2019agglom\u00e9ration grenobloise. En d\u00e9placement \u00e0 Aix-en-Provence, ce premier d\u00e9placement sera tout sauf paisible pour les Is\u00e9rois, \u00e0 la recherche d\u2019une nouvelle victoire \u00e0 l\u2019ext\u00e9rieur depuis la 1re \u00a0journ\u00e9e \u00e0 Oyonnax. Les Grenoblois, 10e\u00a0 au classement, ont cruellement besoin de points pour remonter dans la hi\u00e9rarchie de la Pro D2. <a href=\"https:\/\/www.ledauphine.com\/sport\/2026\/01\/05\/pro-d2-sur-quelle-chaine-tele-regarder-provence-rugby-fcg\" target=\"_blank\" rel=\"noopener\">Et si l\u2019exploit<\/a> \u00e9tait en marche\u00a0?<\/p>\n<p><strong><a href=\"https:\/\/www.ledauphine.com\/sport\/calendrier-resultats\/rugby\/national-pro-d2-saison-reguliere\" target=\"_blank\" rel=\"noopener\">&gt;&gt; Retrouvez le calendrier, le classement et les r\u00e9sultats de la Pro D2<\/a><\/strong><\/p>\n<p>  L\u2019adversaire\u00a0: Provence est en forme<\/p>\n<p>Avec seulement deux d\u00e9faites lors des sept derni\u00e8res rencontres de Pro D2, les joueurs de <a href=\"https:\/\/www.ledauphine.com\/p\/philippe-saint-andre\" target=\"_blank\" rel=\"noopener\">Philippe Saint-Andr\u00e9<\/a> ont pris une nouvelle tournure cette saison. Les Proven\u00e7aux d\u00e9livrent des matchs solides et avancent sereinement au classement. Malgr\u00e9 leurs r\u00e9sultats, <a href=\"https:\/\/www.ledauphine.com\/sport\/2026\/01\/07\/grenoble-va-essayer-de-nous-rendre-la-monnaie-de-la-piece-arthur-coville-et-provence-sur-leurs-gardes-avant-de-recevoir-le-fcg\" target=\"_blank\" rel=\"noopener\">les co\u00e9quipiers d\u2019Arthur Coville<\/a> sont positionn\u00e9s \u00e0 la 4e\u00a0 place du classement, \u00e0 seulement 1 point de la deuxi\u00e8me place, d\u00e9tenue par Colomiers, qui a le m\u00eame nombre de points que Valence-Romans, troisi\u00e8me. Vannes, avec 54 unit\u00e9s au compteur, semble d\u00e9j\u00e0 se d\u00e9tacher dans la course aux phases finales. Pour Provence, cette rencontre face \u00e0 Grenoble a un double enjeu. Une victoire face aux Is\u00e9rois leur permettrait de prendre 18, voire 19 points d\u2019avance sur le FCG en cas de succ\u00e8s bonifi\u00e9 et de s\u2019installer pour de bon dans le haut du classement.<\/p>\n<p>  L\u2019homme \u00e0 suivre\u00a0: <a href=\"https:\/\/www.ledauphine.com\/p\/sam-davies\" target=\"_blank\" rel=\"noopener\">Sam Davies<\/a><\/p>\n<p>Il n\u2019a jou\u00e9 que 21 minutes lors de phase aller face \u00e0 Dax mais il est bel et bien de retour. Le FCG aligne ce jeudi son ouvreur Sam Davies comme titulaire pour affronter Provence dans son antre. \u00c0 Maurice-David, le Gallois a donn\u00e9 le tournis aux Proven\u00e7aux lors d\u2019une demi-finale <a href=\"https:\/\/www.ledauphine.com\/sport\/2024\/05\/30\/demi-finale-le-fcg-part-a-l-assaut-de-la-citadelle-de-provence\" target=\"_blank\" rel=\"noopener\">pleine de suspense et \u00e0 rebondissements (22-23), remport\u00e9e par les Grenoblois.<\/a> Avec Davies \u00e0 l\u2019ouverture, les Grenoblois peuvent compter sur un joueur cr\u00e9atif et qui a fait l\u2019unanimit\u00e9 depuis son arriv\u00e9e au club, lors de l\u2019\u00e9t\u00e9 de 2023. Bless\u00e9 \u00e0 l\u2019\u00e9paule en finale contre Montauban (19-24), le Gallois a d\u00fb se faire op\u00e9rer en septembre. Il retrouve pleinement ses capacit\u00e9s en 2026.<\/p>\n<p>  La d\u00e9claration<\/p>\n<p>\u00ab\u00a0Impatient\u00a0? Oui, c\u2019est clair. Je suis un comp\u00e9titeur. J\u2019ai h\u00e2te de jouer ce match \u00e0 Provence. Je sais que \u00e7a va \u00eatre stressant mais c\u2019est de l\u2019adr\u00e9naline, on fait \u00e7a pour \u00e7a. Je vais apprendre \u00e0 nouveau, j\u2019ai d\u00e9j\u00e0 visionn\u00e9 beaucoup de matchs, comment c\u2019\u00e9tait arbitr\u00e9, il y a pas mal de choses que je dois prendre en compte. J\u2019ai h\u00e2te de commencer.\u00a0\u00bb De J\u00e9r\u00f4me Villegas, nouvel entra\u00eeneur du FCG.<\/p>\n<p class=\"insetTitle\">Les confrontation directes : une rivalit\u00e9 naissante avec Provence<\/p>\n<p>Ces derni\u00e8res saisons, les rencontres entre le FCG et Provence rugby se sont souvent d\u00e9roul\u00e9es dans des conditions o\u00f9 l&rsquo;enjeu \u00e9tait important pour les deux clubs. La saison derni\u00e8re, les Grenoblois l&rsquo;avaient emport\u00e9 en demi-finale (38-17) au Stade des Alpes et les Is\u00e9rois s&rsquo;\u00e9taient aussi impos\u00e9s \u00e0 Provence d&rsquo;un point (22-23), en demi-finale de la saison 2023\/2024. Cette saison, les Proven\u00e7aux, entra\u00een\u00e9s par Philippe Saint-Andr\u00e9 sont venus s&rsquo;imposer d&rsquo;un point au Stade des Alpes (23-24) et ont jet\u00e9 un sacr\u00e9 pav\u00e9 dans la mare du FCG, qui n&rsquo;arrive pas \u00e0 se d\u00e9barasser de poids depuis le mois d&rsquo;octobre.\u00a0<\/p>\n<p>A Maurice-David, l&rsquo;avantage est tout de m\u00eame pour les Aixois, qui ont battu les Is\u00e9rois \u00e0 quatre reprises lors des six derni\u00e8res r\u00e9ceptions.\u00a0<\/p>\n","protected":false},"excerpt":{"rendered":"Les enjeux du match\u00a0: gagner \u00e0 l\u2019ext\u00e9rieur et lancer une dynamique Et si les vacances ont r\u00e9ussi \u00e0&hellip;\n","protected":false},"author":2,"featured_media":649401,"comment_status":"","ping_status":"","sticky":false,"template":"","format":"standard","meta":{"footnotes":""},"categories":[9566],"tags":[1111,11,2430,112,113,114,1777,674,2727,107,1701,1011,27,2731,2732,108,12,2308,25,479,517],"class_list":{"0":"post-649400","1":"post","2":"type-post","3":"status-publish","4":"format-standard","5":"has-post-thumbnail","7":"category-grenoble","8":"tag-actu","9":"tag-actualites","10":"tag-auvergne-rhone-alpes","11":"tag-edition-grenoble-agglomeration","12":"tag-edition-gresivaudan-oisans","13":"tag-edition-voiron-saint-marcellin","14":"tag-eu","15":"tag-europe","16":"tag-fcg-fc-grenoble-rugby","17":"tag-fil-info","18":"tag-fil-info-sport","19":"tag-fr","20":"tag-france","21":"tag-grenoble","22":"tag-grenoble-bassin","23":"tag-isere","24":"tag-news","25":"tag-pro-d2","26":"tag-republique-francaise","27":"tag-rugby","28":"tag-sport"},"share_on_mastodon":{"url":"https:\/\/pubeurope.com\/@fr\/115859604274878073","error":""},"_links":{"self":[{"href":"https:\/\/www.europesays.com\/fr\/wp-json\/wp\/v2\/posts\/649400","targetHints":{"allow":["GET"]}}],"collection":[{"href":"https:\/\/www.europesays.com\/fr\/wp-json\/wp\/v2\/posts"}],"about":[{"href":"https:\/\/www.europesays.com\/fr\/wp-json\/wp\/v2\/types\/post"}],"author":[{"embeddable":true,"href":"https:\/\/www.europesays.com\/fr\/wp-json\/wp\/v2\/users\/2"}],"replies":[{"embeddable":true,"href":"https:\/\/www.europesays.com\/fr\/wp-json\/wp\/v2\/comments?post=649400"}],"version-history":[{"count":0,"href":"https:\/\/www.europesays.com\/fr\/wp-json\/wp\/v2\/posts\/649400\/revisions"}],"wp:featuredmedia":[{"embeddable":true,"href":"https:\/\/www.europesays.com\/fr\/wp-json\/wp\/v2\/media\/649401"}],"wp:attachment":[{"href":"https:\/\/www.europesays.com\/fr\/wp-json\/wp\/v2\/media?parent=649400"}],"wp:term":[{"taxonomy":"category","embeddable":true,"href":"https:\/\/www.europesays.com\/fr\/wp-json\/wp\/v2\/categories?post=649400"},{"taxonomy":"post_tag","embeddable":true,"href":"https:\/\/www.europesays.com\/fr\/wp-json\/wp\/v2\/tags?post=649400"}],"curies":[{"name":"wp","href":"https:\/\/api.w.org\/{rel}","templated":true}]}}