{"id":649412,"date":"2026-01-08T13:06:09","date_gmt":"2026-01-08T13:06:09","guid":{"rendered":"https:\/\/www.europesays.com\/fr\/649412\/"},"modified":"2026-01-08T13:06:09","modified_gmt":"2026-01-08T13:06:09","slug":"le-pont-de-chevire-risque-de-fermer-a-la-circulation","status":"publish","type":"post","link":"https:\/\/www.europesays.com\/fr\/649412\/","title":{"rendered":"le pont de Chevir\u00e9 risque de fermer \u00e0 la circulation"},"content":{"rendered":"<p>                    Par<br \/>\n        <strong><br \/>\n            <a href=\"https:\/\/actu.fr\/auteur\/redaction-nantes\" title=\"Consulter tous les articles de R\u00e9daction Nantes\" target=\"_blank\" rel=\"noopener\">R\u00e9daction Nantes<\/a><br \/>\n                    <\/strong><\/p>\n<p>        Publi\u00e9 le<\/p>\n<p>            8 janv. 2026 \u00e0 12h20        <\/p>\n<p>M\u00e9t\u00e9o France a augment\u00e9, ce <b>jeudi 8 janvier 2026<\/b>, la vigilance en Loire-Atlantique en pr\u00e9vision du passage de la <a href=\"https:\/\/actu.fr\/tag\/tempete-goretti\" target=\"_blank\" rel=\"noopener\">temp\u00eate Goretti<\/a>. Les fortes rafales de vent, qui pourront atteindre <a href=\"https:\/\/actu.fr\/meteo\/tempete-goretti-vents-orages-vagues-la-loire-atlantique-en-vigilance-orange_63669057.html\" target=\"_blank\" rel=\"noopener\">les 105 km\/h<\/a> \u00e0 <b>Nantes<\/b>, m\u00e8nent \u00e0 des restrictions de circulation, notamment sur le pont de Chevir\u00e9. Ce dernier devrait fermer \u00e0 la circulation.\u00a0<\/p>\n<p>Quand va-t-il fermer ?<\/p>\n<p class=\" wall-content\">\u00ab\u00a0Sous r\u00e9serve de l\u2019\u00e9volution des pr\u00e9visions, les restrictions seront probablement mises en \u0153uvre dans les deux sens de circulation\u00a0\u00bb, indique Bison Fut\u00e9 dans un communiqu\u00e9. Ces restrictions seront graduelles <b>:<\/b><\/p>\n<ul class=\" wall-content\">\n<li><b>\u00e0 partir de 16 h<\/b>, interdiction de circulation <b>\u00e0 certaines cat\u00e9gories de v\u00e9hicules <\/b>(v\u00e9hicules de hauteur sup\u00e9rieure \u00e0 2 m\u00e8tres, v\u00e9hicules attel\u00e9s comme les caravanes et les v\u00e9hicules \u00e0 remorque, les deux-roues motoris\u00e9s et les v\u00e9hicules affect\u00e9s au transport de mati\u00e8res dangereuses ;<\/li>\n<li><b>\u00e0 partir de 19 h, fermeture du pont \u00e0 tous les v\u00e9hicules pour une dur\u00e9e \u00e0 d\u00e9terminer.<\/b><\/li>\n<\/ul>\n<p class=\" wall-content\">Bison Fut\u00e9 recommande aux usagers \u00ab\u00a0de faire preuve de prudence, en particulier sur les ouvrages les plus expos\u00e9s au vent, d\u2019adapter leur conduite aux conditions de circulation et de veiller aux consignes et indications donn\u00e9es par les gestionnaires routiers.\u00a0\u00bb<\/p>\n<p class=\" wall-content\">Personnalisez votre actualit\u00e9 en ajoutant vos villes et m\u00e9dias en favori avec <a href=\"https:\/\/moncompte.actu.fr\" title=\"D\u00e9couvez Mon Actu\" rel=\"nofollow noopener\" data-trk=\"{&quot;cta&quot;:{&quot;action&quot;:&quot;https:\\\/\\\/moncompte.actu.fr&quot;,&quot;category&quot;:&quot;mon compte&quot;,&quot;from&quot;:&quot;article footer&quot;,&quot;name&quot;:&quot;Mon actu&quot;,&quot;type&quot;:&quot;cta&quot;}}\" target=\"_blank\">Mon Actu<\/a>.<\/p>\n","protected":false},"excerpt":{"rendered":"Par R\u00e9daction Nantes Publi\u00e9 le 8 janv. 2026 \u00e0 12h20 M\u00e9t\u00e9o France a augment\u00e9, ce jeudi 8 janvier&hellip;\n","protected":false},"author":2,"featured_media":649413,"comment_status":"","ping_status":"","sticky":false,"template":"","format":"standard","meta":{"footnotes":""},"categories":[2818],"tags":[1111,11,3542,1777,674,1011,27,766,12,2636,4013,25,104,75296],"class_list":{"0":"post-649412","1":"post","2":"type-post","3":"status-publish","4":"format-standard","5":"has-post-thumbnail","7":"category-nantes","8":"tag-actu","9":"tag-actualites","10":"tag-circulation","11":"tag-eu","12":"tag-europe","13":"tag-fr","14":"tag-france","15":"tag-nantes","16":"tag-news","17":"tag-pays-de-la-loire","18":"tag-peripherique","19":"tag-republique-francaise","20":"tag-societe","21":"tag-tempete-goretti"},"share_on_mastodon":{"url":"https:\/\/pubeurope.com\/@fr\/115859631887784576","error":""},"_links":{"self":[{"href":"https:\/\/www.europesays.com\/fr\/wp-json\/wp\/v2\/posts\/649412","targetHints":{"allow":["GET"]}}],"collection":[{"href":"https:\/\/www.europesays.com\/fr\/wp-json\/wp\/v2\/posts"}],"about":[{"href":"https:\/\/www.europesays.com\/fr\/wp-json\/wp\/v2\/types\/post"}],"author":[{"embeddable":true,"href":"https:\/\/www.europesays.com\/fr\/wp-json\/wp\/v2\/users\/2"}],"replies":[{"embeddable":true,"href":"https:\/\/www.europesays.com\/fr\/wp-json\/wp\/v2\/comments?post=649412"}],"version-history":[{"count":0,"href":"https:\/\/www.europesays.com\/fr\/wp-json\/wp\/v2\/posts\/649412\/revisions"}],"wp:featuredmedia":[{"embeddable":true,"href":"https:\/\/www.europesays.com\/fr\/wp-json\/wp\/v2\/media\/649413"}],"wp:attachment":[{"href":"https:\/\/www.europesays.com\/fr\/wp-json\/wp\/v2\/media?parent=649412"}],"wp:term":[{"taxonomy":"category","embeddable":true,"href":"https:\/\/www.europesays.com\/fr\/wp-json\/wp\/v2\/categories?post=649412"},{"taxonomy":"post_tag","embeddable":true,"href":"https:\/\/www.europesays.com\/fr\/wp-json\/wp\/v2\/tags?post=649412"}],"curies":[{"name":"wp","href":"https:\/\/api.w.org\/{rel}","templated":true}]}}