{"id":649420,"date":"2026-01-08T13:10:09","date_gmt":"2026-01-08T13:10:09","guid":{"rendered":"https:\/\/www.europesays.com\/fr\/649420\/"},"modified":"2026-01-08T13:10:09","modified_gmt":"2026-01-08T13:10:09","slug":"frequentation-record-pour-lenvol-des-pionniers-en-2025","status":"publish","type":"post","link":"https:\/\/www.europesays.com\/fr\/649420\/","title":{"rendered":"Fr\u00e9quentation record pour L\u2019Envol des Pionniers en 2025"},"content":{"rendered":"<p>Situ\u00e9 dans le quartier de Montaudran, le mus\u00e9e toulousain, d\u00e9di\u00e9 aux d\u00e9buts de l\u2019aviation et \u00e0 l\u2019\u00e9pop\u00e9e des lignes Lat\u00e9co\u00e8re et A\u00e9ropostale,\u00a0a accueilli pr\u00e8s de 50 000 visiteurs l\u2019an dernier. Un chiffre en hausse de plus de 16\u00a0% par rapport \u00e0 2024 (+45\u00a0% par rapport \u00e0 2019). De fait, il\u00a0s\u2019agit de la plus forte fr\u00e9quentation depuis l\u2019ouverture de L\u2019Envol des Pionniers en 2018. Une performance que la Semeccel, soci\u00e9t\u00e9\u00a0d\u2019\u00e9conomie mixte en charge de l\u2019exploitation du site, explique par une remise \u00e0 plat des orientations strat\u00e9giques autour d\u2019un triptyque\u00a0:\u00a0ancrage territorial, identit\u00e9 toulousaine et exp\u00e9rience de visite.<\/p>\n<p>La structure a \u00e9galement men\u00e9 un travail de fond pour accro\u00eetre sa notori\u00e9t\u00e9 \u00e0\u00a0travers l\u2019organisation d\u2019\u00e9v\u00e9nements r\u00e9guliers dont de nombreux \u00e9v\u00e9nements gratuits. La fr\u00e9quentation a aussi \u00e9t\u00e9 port\u00e9e par le succ\u00e8s de\u00a0l\u2019exposition Air France, une histoire d\u2019\u00e9l\u00e9gance. Inaugur\u00e9e en f\u00e9vrier 2025, elle a d\u00e9j\u00e0 attir\u00e9 plus de 48 000 visiteurs. En 2026, L\u2019Envol des\u00a0Pionniers poursuivra sa dynamique de d\u00e9veloppement avec un projet d\u2019am\u00e9nagement de 300 m\u00b2 dans l\u2019aile Est, pr\u00e9vu pour l\u2019\u00e9t\u00e9. Ce nouvel\u00a0espace accueillera L\u2019 Escale des Pionniers, un lieu de restauration ouvert aux visiteurs et au grand public. Il sera \u00e9galement con\u00e7u pour\u00a0accueillir des \u00e9v\u00e9nements BtoB. Un investissement de 1,3 M\u20ac.<\/p>\n","protected":false},"excerpt":{"rendered":"Situ\u00e9 dans le quartier de Montaudran, le mus\u00e9e toulousain, d\u00e9di\u00e9 aux d\u00e9buts de l\u2019aviation et \u00e0 l\u2019\u00e9pop\u00e9e des&hellip;\n","protected":false},"author":2,"featured_media":649421,"comment_status":"","ping_status":"","sticky":false,"template":"","format":"standard","meta":{"footnotes":""},"categories":[2816],"tags":[1111,11,1777,674,1011,27,12,2680,25,2312],"class_list":{"0":"post-649420","1":"post","2":"type-post","3":"status-publish","4":"format-standard","5":"has-post-thumbnail","7":"category-toulouse","8":"tag-actu","9":"tag-actualites","10":"tag-eu","11":"tag-europe","12":"tag-fr","13":"tag-france","14":"tag-news","15":"tag-occitanie","16":"tag-republique-francaise","17":"tag-toulouse"},"share_on_mastodon":{"url":"https:\/\/pubeurope.com\/@fr\/115859647714424283","error":""},"_links":{"self":[{"href":"https:\/\/www.europesays.com\/fr\/wp-json\/wp\/v2\/posts\/649420","targetHints":{"allow":["GET"]}}],"collection":[{"href":"https:\/\/www.europesays.com\/fr\/wp-json\/wp\/v2\/posts"}],"about":[{"href":"https:\/\/www.europesays.com\/fr\/wp-json\/wp\/v2\/types\/post"}],"author":[{"embeddable":true,"href":"https:\/\/www.europesays.com\/fr\/wp-json\/wp\/v2\/users\/2"}],"replies":[{"embeddable":true,"href":"https:\/\/www.europesays.com\/fr\/wp-json\/wp\/v2\/comments?post=649420"}],"version-history":[{"count":0,"href":"https:\/\/www.europesays.com\/fr\/wp-json\/wp\/v2\/posts\/649420\/revisions"}],"wp:featuredmedia":[{"embeddable":true,"href":"https:\/\/www.europesays.com\/fr\/wp-json\/wp\/v2\/media\/649421"}],"wp:attachment":[{"href":"https:\/\/www.europesays.com\/fr\/wp-json\/wp\/v2\/media?parent=649420"}],"wp:term":[{"taxonomy":"category","embeddable":true,"href":"https:\/\/www.europesays.com\/fr\/wp-json\/wp\/v2\/categories?post=649420"},{"taxonomy":"post_tag","embeddable":true,"href":"https:\/\/www.europesays.com\/fr\/wp-json\/wp\/v2\/tags?post=649420"}],"curies":[{"name":"wp","href":"https:\/\/api.w.org\/{rel}","templated":true}]}}