{"id":649422,"date":"2026-01-08T13:11:11","date_gmt":"2026-01-08T13:11:11","guid":{"rendered":"https:\/\/www.europesays.com\/fr\/649422\/"},"modified":"2026-01-08T13:11:11","modified_gmt":"2026-01-08T13:11:11","slug":"le-chu-de-toulouse-declenche-son-plan-blanc","status":"publish","type":"post","link":"https:\/\/www.europesays.com\/fr\/649422\/","title":{"rendered":"le CHU de Toulouse d\u00e9clenche son plan blanc"},"content":{"rendered":"<p class=\"article__intro\">\u00c0 la suite de la gr\u00e8ve tr\u00e8s suivie des m\u00e9decins lib\u00e9raux et des \u00e9tablissements de sant\u00e9 priv\u00e9s, le CHU de Toulouse se pr\u00e9pare \u00e0 un important report d&rsquo;activit\u00e9. Il d\u00e9clenche son plan blanc de niveau 1 pour g\u00e9rer un nouvel afflux de patients.<\/p>\n<p>\n      La Quotidienne Soci\u00e9t\u00e9\n    <\/p>\n<p>\n      De la vie quotidienne aux grands enjeux, recevez tous les jours les sujets qui font la soci\u00e9t\u00e9 locale, comme la justice, l\u2019\u00e9ducation, la sant\u00e9 et la famille.\n    <\/p>\n<p>    France T\u00e9l\u00e9visions utilise votre adresse e-mail afin de vous envoyer la newsletter \u00ab\u00a0La Quotidienne Soci\u00e9t\u00e9\u00a0\u00bb. Vous pouvez vous d\u00e9sinscrire \u00e0 tout moment via le lien en bas de cette newsletter. <a target=\"_blank\" href=\"https:\/\/www.francetelevisions.fr\/groupe\/confidentialite\/politique-de-confidentialite\/politique-de-confidentialite-de-france-televisions-6503\" rel=\"noopener\">Notre politique de confidentialit\u00e9<\/a><\/p>\n<p>\u00c0 situation exceptionnelle, mesure exceptionnelle. Alors que la gr\u00e8ve des m\u00e9decins lib\u00e9raux, y compris dans les \u00e9tablissements de sant\u00e9 priv\u00e9s, se poursuit, le CHU de Toulouse s&rsquo;attend \u00e0 un important report d&rsquo;activit\u00e9 entre le 10 et le 14 janvier. L&rsquo;h\u00f4pital vient d&rsquo;activer, ce jeudi 8 janvier, son plan blanc de niveau 1.<\/p>\n<\/p>\n<p>Concr\u00e8tement, en cette p\u00e9riode hivernale, alors que le pic \u00e9pid\u00e9mique hivernal est l\u00e0 (grippe, bronchiolite et Covid) et avec la gr\u00e8ve des lib\u00e9raux, les h\u00f4pitaux toulousains vont devoir faire face \u00e0 un afflux de patients, difficile \u00e0 \u00e9valuer.<\/p>\n<p>Pour pouvoir garantir la continuit\u00e9, la qualit\u00e9 et la s\u00e9curit\u00e9 des soins, surtout dans les situations d&rsquo;urgence et pour les patients les plus fragiles, le CHU se r\u00e9organise pour quelques jours. Le temps de g\u00e9rer cette situation exceptionnelle.<\/p>\n<\/p>\n<p>Concr\u00e8tement, ce plan blanc permet une adaptation rapide et \u00e9volutive des organisations internes et des services, la d\u00e9programmation possible d&rsquo;interventions et de soins non urgents et le rappel ou le red\u00e9ploiement de professionnels de sant\u00e9.<\/p>\n<p>D&rsquo;autres mesures viennent renforcer ce dispositif et sont d\u00e9j\u00e0 mises en \u0153uvre. Les services les plus expos\u00e9s \u00e0 cette arriv\u00e9e de patients, comme les urgences ou le SAMU\u00a031, l&rsquo;imagerie, la traumatologie, la maternit\u00e9, les urgences gyn\u00e9cologiques ou encore les sp\u00e9cialit\u00e9s digestives et urologiques, vont b\u00e9n\u00e9ficier d&rsquo;un renforcement des effectifs m\u00e9dicaux.<\/p>\n<p>Des interventions ou des examens non urgents pourront \u00eatre d\u00e9programm\u00e9s. Les services pourront aussi \u00e9tendre les plages horaires des blocs op\u00e9ratoires, en fonction de leurs besoins, obtenir une pr\u00e9sence renforc\u00e9e de m\u00e9decins sp\u00e9cialistes, surtout au sein des urgences, et augmenter leur nombre de lits dans les secteurs concern\u00e9s.<\/p>\n<p>Les patients d\u00e9programm\u00e9s seront inform\u00e9s par les \u00e9quipes m\u00e9dicales du CHU de Toulouse. Class\u00e9 meilleur h\u00f4pital de France, selon un palmar\u00e8s du magazine Le Point, le CHU compte ajuster son dispositif au jour le jour en fonction de l&rsquo;\u00e9volution de la situation et avec les acteurs du territoire, comme l&rsquo;Agence r\u00e9gionale de sant\u00e9.<\/p>\n<p>Le CHU de Toulouse appelle aussi \u00ab\u00a0chacun \u00e0 un usage responsable et adapt\u00e9 \u00e0 des services d&rsquo;urgence\u00a0\u00bb. En clair les patients qui ne sont pas dans une situation d&rsquo;urgence seront accueillis par une infirmi\u00e8re pour \u00eatre \u00e9valu\u00e9s et r\u00e9orient\u00e9s vers des m\u00e9decins de ville disponibles.<\/p>\n<p>En cas d&rsquo;urgence vitale, ou de doute s\u00e9rieux, il est imp\u00e9ratif de composer le 15 avant tout d\u00e9placement. Le CHU de Toulouse demande aux usagers de la compr\u00e9hension et de la coop\u00e9ration dans ce contexte qui s&rsquo;annonce tendu et tr\u00e8s contraint.<\/p>\n","protected":false},"excerpt":{"rendered":"\u00c0 la suite de la gr\u00e8ve tr\u00e8s suivie des m\u00e9decins lib\u00e9raux et des \u00e9tablissements de sant\u00e9 priv\u00e9s, le&hellip;\n","protected":false},"author":2,"featured_media":649423,"comment_status":"","ping_status":"","sticky":false,"template":"","format":"standard","meta":{"footnotes":""},"categories":[2816],"tags":[1111,11,1777,674,1011,27,12,2680,25,2312],"class_list":{"0":"post-649422","1":"post","2":"type-post","3":"status-publish","4":"format-standard","5":"has-post-thumbnail","7":"category-toulouse","8":"tag-actu","9":"tag-actualites","10":"tag-eu","11":"tag-europe","12":"tag-fr","13":"tag-france","14":"tag-news","15":"tag-occitanie","16":"tag-republique-francaise","17":"tag-toulouse"},"share_on_mastodon":{"url":"https:\/\/pubeurope.com\/@fr\/115859651746982264","error":""},"_links":{"self":[{"href":"https:\/\/www.europesays.com\/fr\/wp-json\/wp\/v2\/posts\/649422","targetHints":{"allow":["GET"]}}],"collection":[{"href":"https:\/\/www.europesays.com\/fr\/wp-json\/wp\/v2\/posts"}],"about":[{"href":"https:\/\/www.europesays.com\/fr\/wp-json\/wp\/v2\/types\/post"}],"author":[{"embeddable":true,"href":"https:\/\/www.europesays.com\/fr\/wp-json\/wp\/v2\/users\/2"}],"replies":[{"embeddable":true,"href":"https:\/\/www.europesays.com\/fr\/wp-json\/wp\/v2\/comments?post=649422"}],"version-history":[{"count":0,"href":"https:\/\/www.europesays.com\/fr\/wp-json\/wp\/v2\/posts\/649422\/revisions"}],"wp:featuredmedia":[{"embeddable":true,"href":"https:\/\/www.europesays.com\/fr\/wp-json\/wp\/v2\/media\/649423"}],"wp:attachment":[{"href":"https:\/\/www.europesays.com\/fr\/wp-json\/wp\/v2\/media?parent=649422"}],"wp:term":[{"taxonomy":"category","embeddable":true,"href":"https:\/\/www.europesays.com\/fr\/wp-json\/wp\/v2\/categories?post=649422"},{"taxonomy":"post_tag","embeddable":true,"href":"https:\/\/www.europesays.com\/fr\/wp-json\/wp\/v2\/tags?post=649422"}],"curies":[{"name":"wp","href":"https:\/\/api.w.org\/{rel}","templated":true}]}}