{"id":649429,"date":"2026-01-08T13:15:14","date_gmt":"2026-01-08T13:15:14","guid":{"rendered":"https:\/\/www.europesays.com\/fr\/649429\/"},"modified":"2026-01-08T13:15:14","modified_gmt":"2026-01-08T13:15:14","slug":"marseille-previsions-meteo-du-jeudi-08-janvier-2026","status":"publish","type":"post","link":"https:\/\/www.europesays.com\/fr\/649429\/","title":{"rendered":"Marseille : pr\u00e9visions m\u00e9t\u00e9o du jeudi 08 janvier 2026"},"content":{"rendered":"<p>\u00c0 Marseille, la journ\u00e9e du jeudi 08 janvier 2026 sera marqu\u00e9e par un ciel tr\u00e8s nuageux avec quelques bruines l\u00e9g\u00e8res le matin. Les temp\u00e9ratures resteront fra\u00eeches, autour de 6 \u00e0 11 \u00b0C, sous un vent mod\u00e9r\u00e9 de nord-ouest.<\/p>\n<p>    Alerte en cours<\/p>\n<p>\nLe d\u00e9partement des Bouches-du-Rh\u00f4ne est plac\u00e9 aujourd\u2019hui en vigilance <b>Jaune Neige\/Verglas<\/b> depuis 00 h. Des ph\u00e9nom\u00e8nes localement dangereux, tels qu\u2019un verglas temporaire sur les routes expos\u00e9es, restent possibles malgr\u00e9 l\u2019absence de pr\u00e9cipitations significatives.\n<\/p>\n<p>\nLa prudence demeure de mise lors des d\u00e9placements matinaux : distances de freinage allong\u00e9es et chauss\u00e9es parfois glissantes, notamment aux abords de l\u2019\u00c9toile ou du Garlaban. Retrouvez tous les d\u00e9tails et consignes officielles sur notre <a href=\"https:\/\/www.meteocity.com\/france\/alertes\" target=\"_blank\" rel=\"noopener\">page d\u00e9di\u00e9e aux alertes m\u00e9t\u00e9orologiques<\/a>.\n<\/p>\n<p>Matin : lever de soleil \u00e0 08 h 10<\/p>\n<p>\nAu r\u00e9veil, Marseille s\u2019\u00e9veille sous une bruine l\u00e9g\u00e8re et un ciel uniform\u00e9ment gris. Le thermom\u00e8tre indique <b>6 \u00b0C<\/b>, mais le ressenti descend \u00e0 <b>3 \u00b0C<\/b> en raison de l\u2019humidit\u00e9 (65 %) et d\u2019une brise d\u2019est soufflant \u00e0 13 km\/h.\n<\/p>\n<p>\nLa bruine reste discr\u00e8te, laissant \u00e0 peine des traces inf\u00e9rieures \u00e0 1 mm : quantit\u00e9 insuffisante pour recharger les sols, mais suffisante pour humidifier les pare-brise. La pression se maintient autour de 1 019 hPa, signe d\u2019une atmosph\u00e8re stable malgr\u00e9 la couverture nuageuse.\n<\/p>\n<ul>\n<li>Visibilit\u00e9 globalement correcte, hormis quelques micro-brouillards c\u00f4tiers.<\/li>\n<li>Risque de chauss\u00e9es glissantes sur les trottoirs ombrag\u00e9s, en lien avec l\u2019alerte verglas.<\/li>\n<li>Sensibilit\u00e9 accrue au froid humide pour les personnes vuln\u00e9rables.<\/li>\n<\/ul>\n<p>Apr\u00e8s-midi<\/p>\n<p>\nAux alentours de 15 h, les nuages persistent : le ciel demeure tr\u00e8s nuageux, sans pluie attendue. La temp\u00e9rature atteint son maximum journalier, <b>11 \u00b0C<\/b>, pour un ressenti de <b>9 \u00b0C<\/b>. L\u2019hygrom\u00e9trie grimpe \u00e0 70 %, rendant l\u2019air l\u00e9g\u00e8rement lourd malgr\u00e9 l\u2019absence de pr\u00e9cipitations.\n<\/p>\n<p>\nLe vent s\u2019oriente au nord-ouest et se renforce doucement, affichant 19 km\/h en moyenne. Les rafales, mesur\u00e9es \u00e0 39 km\/h, restent mod\u00e9r\u00e9es et en de\u00e7\u00e0 du seuil d\u2019alerte, mais suffisent \u00e0 rafra\u00eechir l\u2019ambiance sur le Vieux-Port.\n<\/p>\n<p>\nAvec une probabilit\u00e9 de pluie inf\u00e9rieure \u00e0 10 %, il est possible d\u2019organiser sorties ou travaux ext\u00e9rieurs sans grand risque, en pr\u00e9voyant toutefois un v\u00eatement coupe-vent pour le ressenti plus frais que la temp\u00e9rature affich\u00e9e sous abri.\n<\/p>\n<p>Soir : coucher de soleil \u00e0 17 h 19<\/p>\n<p>\nD\u00e8s 18 h, la luminosit\u00e9 d\u00e9cline sous un rideau nuageux compact. \u00c0 21 h, on rel\u00e8ve <b>10 \u00b0C<\/b> (ressenti 9 \u00b0C) dans une atmosph\u00e8re toujours tr\u00e8s nuageuse. L\u2019humidit\u00e9 bondit \u00e0 83 %, accentuant la sensation de fra\u00eecheur.\n<\/p>\n<p>\nLe vent faiblit sous les 10 km\/h, tandis que les rafales diminuent nettement. Aucune pluie n\u2019est pr\u00e9vue ; les promenades sur la Corniche s\u2019annoncent donc s\u00e8ches, mais une \u00e9charpe reste recommand\u00e9e pour limiter la sensation de froid humide.\n<\/p>\n<p>Tendance g\u00e9n\u00e9rale pour le lendemain<\/p>\n<p>\nLa nuit prochaine, un flux d\u2019ouest-nord-ouest s\u2019installe, soufflant \u00e0 <b>30 km\/h<\/b> en moyenne et jusqu\u2019\u00e0 <b>50 km\/h<\/b> en rafales, sous un ciel d\u00e9gag\u00e9. La temp\u00e9rature descend \u00e0 <b>7 \u00b0C<\/b> avec un ressenti nettement plus piquant de <b>1 \u00b0C<\/b>.\n<\/p>\n<p>\nPour vendredi 9 janvier, la journ\u00e9e conservera un risque d\u2019averse faible (8 %), mais des rafales pourront approcher les <b>64 km\/h<\/b>. Les maximales devraient gagner un degr\u00e9, pour atteindre environ <b>12 \u00b0C<\/b>. Le vent restera donc le principal param\u00e8tre \u00e0 surveiller.\n<\/p>\n<p>\n\u00c0 moyen terme, l\u2019air froid d\u2019origine atlantique continue de dominer. Les mod\u00e8les pr\u00e9voient une persistance de la grisaille, de l\u00e9g\u00e8res bourrasques et un mercure proche des normales de janvier. Les r\u00e9percussions sur la circulation maritime devraient rester limit\u00e9es.\n<\/p>\n<p>\nPour planifier vos activit\u00e9s dans la cit\u00e9 phoc\u00e9enne tout au long du mois, consultez aussi <a href=\"https:\/\/www.meteocity.com\/france\/marseille-v2995469\" target=\"_blank\" rel=\"noopener\">nos pr\u00e9visions d\u00e9taill\u00e9es<\/a>.\n<\/p>\n<p>Bilan chiffr\u00e9 de la journ\u00e9e<\/p>\n<tr>Param\u00e8treValeur minimaleValeur maximale<\/tr>\n<tr>\n<td>Temp\u00e9rature<\/td>\n<td><b>3 \u00b0C<\/b><\/td>\n<td><b>11 \u00b0C<\/b><\/td>\n<\/tr>\n<tr>\n<td>Ressenti<\/td>\n<td><b>-2 \u00b0C<\/b><\/td>\n<td><b>9 \u00b0C<\/b><\/td>\n<\/tr>\n<tr>\n<td>Vent moyen<\/td>\n<td>7 km\/h<\/td>\n<td>21 km\/h<\/td>\n<\/tr>\n<tr>\n<td>Rafale la plus forte<\/td>\n<td colspan=\"2\"><b>42 km\/h<\/b> de secteur nord-ouest<\/td>\n<\/tr>\n<tr>\n<td>Humidit\u00e9 moyenne<\/td>\n<td colspan=\"2\">71 %<\/td>\n<\/tr>\n<tr>\n<td>Pression moyenne<\/td>\n<td colspan=\"2\">1 012 hPa<\/td>\n<\/tr>\n<p>\nM\u00eame sans pr\u00e9cipitations marquantes, l\u2019humidit\u00e9 \u00e9lev\u00e9e et les temp\u00e9ratures faiblement positives invitent \u00e0 rester attentifs aux ph\u00e9nom\u00e8nes glissants. On anticipe d\u2019ailleurs des \u00e9pisodes similaires dans les prochains jours, l\u2019air polaire restant bien install\u00e9 sur l\u2019Europe du Sud-Est.<\/p>\n","protected":false},"excerpt":{"rendered":"\u00c0 Marseille, la journ\u00e9e du jeudi 08 janvier 2026 sera marqu\u00e9e par un ciel tr\u00e8s nuageux avec quelques&hellip;\n","protected":false},"author":2,"featured_media":649430,"comment_status":"","ping_status":"","sticky":false,"template":"","format":"standard","meta":{"footnotes":""},"categories":[2814],"tags":[1111,11,1777,674,1011,27,884,12,882,25],"class_list":{"0":"post-649429","1":"post","2":"type-post","3":"status-publish","4":"format-standard","5":"has-post-thumbnail","7":"category-marseille","8":"tag-actu","9":"tag-actualites","10":"tag-eu","11":"tag-europe","12":"tag-fr","13":"tag-france","14":"tag-marseille","15":"tag-news","16":"tag-provence-alpes-cote-dazur","17":"tag-republique-francaise"},"share_on_mastodon":{"url":"https:\/\/pubeurope.com\/@fr\/115859667366476506","error":""},"_links":{"self":[{"href":"https:\/\/www.europesays.com\/fr\/wp-json\/wp\/v2\/posts\/649429","targetHints":{"allow":["GET"]}}],"collection":[{"href":"https:\/\/www.europesays.com\/fr\/wp-json\/wp\/v2\/posts"}],"about":[{"href":"https:\/\/www.europesays.com\/fr\/wp-json\/wp\/v2\/types\/post"}],"author":[{"embeddable":true,"href":"https:\/\/www.europesays.com\/fr\/wp-json\/wp\/v2\/users\/2"}],"replies":[{"embeddable":true,"href":"https:\/\/www.europesays.com\/fr\/wp-json\/wp\/v2\/comments?post=649429"}],"version-history":[{"count":0,"href":"https:\/\/www.europesays.com\/fr\/wp-json\/wp\/v2\/posts\/649429\/revisions"}],"wp:featuredmedia":[{"embeddable":true,"href":"https:\/\/www.europesays.com\/fr\/wp-json\/wp\/v2\/media\/649430"}],"wp:attachment":[{"href":"https:\/\/www.europesays.com\/fr\/wp-json\/wp\/v2\/media?parent=649429"}],"wp:term":[{"taxonomy":"category","embeddable":true,"href":"https:\/\/www.europesays.com\/fr\/wp-json\/wp\/v2\/categories?post=649429"},{"taxonomy":"post_tag","embeddable":true,"href":"https:\/\/www.europesays.com\/fr\/wp-json\/wp\/v2\/tags?post=649429"}],"curies":[{"name":"wp","href":"https:\/\/api.w.org\/{rel}","templated":true}]}}