{"id":649431,"date":"2026-01-08T13:16:11","date_gmt":"2026-01-08T13:16:11","guid":{"rendered":"https:\/\/www.europesays.com\/fr\/649431\/"},"modified":"2026-01-08T13:16:11","modified_gmt":"2026-01-08T13:16:11","slug":"voici-a-quoi-sattendre-a-lyon-et-dans-le-rhone-2","status":"publish","type":"post","link":"https:\/\/www.europesays.com\/fr\/649431\/","title":{"rendered":"voici \u00e0 quoi s&rsquo;attendre \u00e0 Lyon et dans le Rh\u00f4ne"},"content":{"rendered":"<p>                    Par<br \/>\n        <strong><br \/>\n            <a href=\"https:\/\/actu.fr\/auteur\/nicolas-zaugra\" title=\"Consulter tous les articles de Nicolas Zaugra\" target=\"_blank\" rel=\"noopener\">Nicolas Zaugra<\/a><br \/>\n                    <\/strong><\/p>\n<p>        Publi\u00e9 le<\/p>\n<p>            8 janv. 2026 \u00e0 12h26        <\/p>\n<p>Une v\u00e9ritable <b>\u00ab\u00a0bombe m\u00e9t\u00e9o\u00a0\u00bb<\/b>\u00a0arrive sur la France. La <a href=\"https:\/\/actu.fr\/meteo\/tempete-goretti-et-neige-jeudi-en-france-vigilance-rouge-degats-circulation-suivez-notre-direct_63667087.html\" target=\"_blank\" rel=\"noopener\">temp\u00eate Goretti<\/a> s\u2019appr\u00eate \u00e0 frapper une partie du pays d\u00e8s ce jeudi 8 janvier pr\u00e9vient M\u00e9t\u00e9o-France apr\u00e8s des <a href=\"https:\/\/actu.fr\/auvergne-rhone-alpes\/lyon_69123\/direct-jusqu-a-5-cm-de-neige-a-lyon-et-dans-le-rhone-pas-de-bus-tcl-circulation-difficile_63667650.html\" target=\"_blank\" rel=\"noopener\">chutes de neige<\/a> et le grand froid. Le service m\u00e9t\u00e9o a plac\u00e9 plusieurs d\u00e9partements en vigilance orange et la <a href=\"https:\/\/actu.fr\/meteo\/tempete-goretti-suivez-levolution-de-la-situation-en-temps-reel-dans-la-manche_63669037.html\" target=\"_blank\" rel=\"noopener\">Manche en rouge<\/a>.\u00a0<\/p>\n<p class=\" wall-content\">Celui du <strong>Rh\u00f4ne sera en vigilance jeune vents<\/strong> vendredi 9 janvier en raison de fortes rafales de vent annonc\u00e9es. On fait le point sur ce qui nous attend dans le Rh\u00f4ne et \u00e0 Lyon ces prochaines heures.<\/p>\n<p>Des rafales de vent allant jusqu\u2019\u00e0 80 km\/h<\/p>\n<p class=\" wall-content\">Pour l\u2019instant, la vigilance jaune dans le Rh\u00f4ne commence cette nuit et est en vigueur jusqu\u2019\u00e0 9h ce vendredi matin.<\/p>\n<p class=\" wall-content\">M\u00e9t\u00e9o-France pr\u00e9voit des rafales allant <strong>jusqu\u2019\u00e0 80 km\/h et localement pouvant aller jusqu\u2019\u00e0 110 km\/h<\/strong> sur les reliefs dans le Rh\u00f4ne et sur la r\u00e9gion Auvergne-Rh\u00f4ne-Alpes. Dans la <a href=\"https:\/\/actu.fr\/auvergne-rhone-alpes\/saint-etienne_42218\/apres-la-neige-la-tempete-goretti-arrive-voici-ou-ca-va-souffler-fort-dans-la-loire_63666536.html\" target=\"_blank\" rel=\"noopener\">Loire<\/a>, le ph\u00e9nom\u00e8ne devrait \u00eatre plus dangereux avec des pointes allant de 100 \u00e0 110 km\/h sur les Monts du Forez et cr\u00eates de Pilat.<\/p>\n<p>Encore du vent vendredi et samedi<\/p>\n<p class=\" wall-content\">Localement, dans l\u2019ouest du Rh\u00f4ne, du vent jusqu\u2019\u00e0 70 km\/h est possible dans les Monts du Lyonnais. Sur Lyon et sa m\u00e9tropole, le vent devrait \u00eatre de l\u2019ordre de 45 km\/h dans la nuit, selon M\u00e9t\u00e9o-France avec une situation plus mod\u00e9r\u00e9e.\u00a0<\/p>\n<p class=\" wall-content\">Vendredi matin, le vent devrait \u00eatre localement compris entre 40 et 60 km\/h sur le Rh\u00f4ne.\u00a0<\/p>\n<p class=\" wall-content\">\n<p class=\" wall-content\">\n<p class=\" wall-content\">Samedi apr\u00e8s-midi, de nouvelles rafales sont annonc\u00e9es dans l\u2019ouest du Rh\u00f4ne pouvant aller jusqu\u2019\u00e0 60 km\/h.\u00a0<\/p>\n<p>Votre r\u00e9gion, votre actu !<\/p>\n<p>Recevez chaque jour les infos qui comptent pour vous.<\/p>\n<p>\t<a href=\"https:\/\/actu.fr\/newsletter\" class=\"ac-btn ac-btn--corner ac-btn--medium ac-btn--blue800\" target=\"_blank\" rel=\"noopener\">S&rsquo;incrire<\/a><br \/>\nRetour de la neige ce dimanche soir<\/p>\n<p class=\" wall-content\">M\u00e9t\u00e9o-France pr\u00e9voit en tout cas de nouvelles chutes de neige sur le Rh\u00f4ne dimanche soir. Dans la nuit de dimanche \u00e0 lundi, de nouvelles chutes de neige sont annonc\u00e9es partout \u00e0 l\u2019exception de Lyon et de l\u2019extr\u00eame nord du Rh\u00f4ne.<\/p>\n<p>    <img   decoding=\"async\" loading=\"lazy\" src=\"https:\/\/www.europesays.com\/fr\/wp-content\/uploads\/2026\/01\/capture-decran-2026-01-08-a-122352-960x640.png\" alt=\"De la neige est de nouveau annonc\u00e9e dans la nuit de dimanche sur le Rh\u00f4ne.\" width=\"960\" height=\"640\"\/><br \/>\n    De la neige est de nouveau annonc\u00e9e dans la nuit de dimanche sur le Rh\u00f4ne. (\u00a9M\u00e9t\u00e9o-France)<\/p>\n<p class=\" wall-content\">Personnalisez votre actualit\u00e9 en ajoutant vos villes et m\u00e9dias en favori avec <a href=\"https:\/\/moncompte.actu.fr\" title=\"D\u00e9couvez Mon Actu\" rel=\"nofollow noopener\" data-trk=\"{&quot;cta&quot;:{&quot;action&quot;:&quot;https:\\\/\\\/moncompte.actu.fr&quot;,&quot;category&quot;:&quot;mon compte&quot;,&quot;from&quot;:&quot;article footer&quot;,&quot;name&quot;:&quot;Mon actu&quot;,&quot;type&quot;:&quot;cta&quot;}}\" target=\"_blank\">Mon Actu<\/a>.<\/p>\n","protected":false},"excerpt":{"rendered":"Par Nicolas Zaugra Publi\u00e9 le 8 janv. 2026 \u00e0 12h26 Une v\u00e9ritable \u00ab\u00a0bombe m\u00e9t\u00e9o\u00a0\u00bb\u00a0arrive sur la France. La&hellip;\n","protected":false},"author":2,"featured_media":649432,"comment_status":"","ping_status":"","sticky":false,"template":"","format":"standard","meta":{"footnotes":""},"categories":[1889],"tags":[1111,11,2430,1777,674,1011,27,2428,2487,2357,12,25,75296],"class_list":{"0":"post-649431","1":"post","2":"type-post","3":"status-publish","4":"format-standard","5":"has-post-thumbnail","7":"category-lyon","8":"tag-actu","9":"tag-actualites","10":"tag-auvergne-rhone-alpes","11":"tag-eu","12":"tag-europe","13":"tag-fr","14":"tag-france","15":"tag-lyon","16":"tag-meteo","17":"tag-meteo-france","18":"tag-news","19":"tag-republique-francaise","20":"tag-tempete-goretti"},"share_on_mastodon":{"url":"https:\/\/pubeurope.com\/@fr\/115859671319536828","error":""},"_links":{"self":[{"href":"https:\/\/www.europesays.com\/fr\/wp-json\/wp\/v2\/posts\/649431","targetHints":{"allow":["GET"]}}],"collection":[{"href":"https:\/\/www.europesays.com\/fr\/wp-json\/wp\/v2\/posts"}],"about":[{"href":"https:\/\/www.europesays.com\/fr\/wp-json\/wp\/v2\/types\/post"}],"author":[{"embeddable":true,"href":"https:\/\/www.europesays.com\/fr\/wp-json\/wp\/v2\/users\/2"}],"replies":[{"embeddable":true,"href":"https:\/\/www.europesays.com\/fr\/wp-json\/wp\/v2\/comments?post=649431"}],"version-history":[{"count":0,"href":"https:\/\/www.europesays.com\/fr\/wp-json\/wp\/v2\/posts\/649431\/revisions"}],"wp:featuredmedia":[{"embeddable":true,"href":"https:\/\/www.europesays.com\/fr\/wp-json\/wp\/v2\/media\/649432"}],"wp:attachment":[{"href":"https:\/\/www.europesays.com\/fr\/wp-json\/wp\/v2\/media?parent=649431"}],"wp:term":[{"taxonomy":"category","embeddable":true,"href":"https:\/\/www.europesays.com\/fr\/wp-json\/wp\/v2\/categories?post=649431"},{"taxonomy":"post_tag","embeddable":true,"href":"https:\/\/www.europesays.com\/fr\/wp-json\/wp\/v2\/tags?post=649431"}],"curies":[{"name":"wp","href":"https:\/\/api.w.org\/{rel}","templated":true}]}}