{"id":649433,"date":"2026-01-08T13:17:12","date_gmt":"2026-01-08T13:17:12","guid":{"rendered":"https:\/\/www.europesays.com\/fr\/649433\/"},"modified":"2026-01-08T13:17:12","modified_gmt":"2026-01-08T13:17:12","slug":"cinema-projection-a-lyon-5e-arrondissement-2","status":"publish","type":"post","link":"https:\/\/www.europesays.com\/fr\/649433\/","title":{"rendered":"Cinema Projection a Lyon 5e Arrondissement"},"content":{"rendered":"<p>\t\t\t\t\t\t\t\t\t<a href=\"https:\/\/www.leprogres.fr\/pour-sortir\/loisirs\/Cinema\/Projections\/Rhone-alpes\/Rhone\/Lyon-5e-arrondissement\/2026\/01\/24\/javascript:history.back();\" rel=\"nofollow noopener\" class=\"backToSearch\" target=\"_blank\">Retour \u00e0 la recherche<\/a><\/p>\n<p class=\"media-desc\" itemprop=\"description\">&#13;<br \/>\n\t\t\t\t\tNuit du cin\u00e9ma militant : projection de cinq films en pr\u00e9sence des r\u00e9alisateurs (\u00ab\u00a0Karateka\u00a0\u00bb, \u00ab\u00a0G\u00e9n\u00e9alogie de la violence\u00a0\u00bb, \u00ab\u00a0Tero Loko, cultiver l&rsquo;accueil\u00a0\u00bb, \u00ab\u00a0Le grand calao\u00a0\u00bb et \u00ab\u00a0Jusqu&rsquo;en haut avec lui)&#8230;&#13;<br \/>\n\t\t\t\t\t\t\t\t\t\t\t&#13;<br \/>\n\t\t\t\t\t\t\t\t\t\tAu programme :<br \/>\n&#8211; \u00e0 16h45, \u00ab\u00a0Karateka\u00a0\u00bb de Florence Fauquet (dur\u00e9e : 17 minutes &#8211; th\u00e8mes abord\u00e9s : karat\u00e9, sororit\u00e9, sport)<br \/>\n&#8211; \u00e0 17h20, \u00ab\u00a0G\u00e9n\u00e9alogie de la violence\u00a0\u00bb de Mohamed Bourouissa (dur\u00e9e  : 16 minutes)<br \/>\n&#8211; \u00e0 18h, \u00ab\u00a0Tero Loko, cultiver l&rsquo;accueil\u00a0\u00bb d&rsquo;Isalia Petmezakis (dur\u00e9e : 1h20)<br \/>\n&#8211; \u00e0 20h45, \u00ab\u00a0Le grand calao\u00a0\u00bb de Zo\u00e9 Cauwet (dur\u00e9e : 27 minutes)<br \/>\n&#8211; 21h30, \u00ab\u00a0Jusqu&rsquo;en haut avec lui\u00a0\u00bb de Ruben Mariage (dur\u00e9e : 52 minutes)&#13;\n\t\t\t\t  <\/p>\n","protected":false},"excerpt":{"rendered":"Retour \u00e0 la recherche &#13; Nuit du cin\u00e9ma militant : projection de cinq films en pr\u00e9sence des r\u00e9alisateurs&hellip;\n","protected":false},"author":2,"featured_media":649434,"comment_status":"","ping_status":"","sticky":false,"template":"","format":"standard","meta":{"footnotes":""},"categories":[1889],"tags":[1111,11,2430,1777,674,1011,27,2428,12,25],"class_list":{"0":"post-649433","1":"post","2":"type-post","3":"status-publish","4":"format-standard","5":"has-post-thumbnail","7":"category-lyon","8":"tag-actu","9":"tag-actualites","10":"tag-auvergne-rhone-alpes","11":"tag-eu","12":"tag-europe","13":"tag-fr","14":"tag-france","15":"tag-lyon","16":"tag-news","17":"tag-republique-francaise"},"share_on_mastodon":{"url":"https:\/\/pubeurope.com\/@fr\/115859675077994598","error":""},"_links":{"self":[{"href":"https:\/\/www.europesays.com\/fr\/wp-json\/wp\/v2\/posts\/649433","targetHints":{"allow":["GET"]}}],"collection":[{"href":"https:\/\/www.europesays.com\/fr\/wp-json\/wp\/v2\/posts"}],"about":[{"href":"https:\/\/www.europesays.com\/fr\/wp-json\/wp\/v2\/types\/post"}],"author":[{"embeddable":true,"href":"https:\/\/www.europesays.com\/fr\/wp-json\/wp\/v2\/users\/2"}],"replies":[{"embeddable":true,"href":"https:\/\/www.europesays.com\/fr\/wp-json\/wp\/v2\/comments?post=649433"}],"version-history":[{"count":0,"href":"https:\/\/www.europesays.com\/fr\/wp-json\/wp\/v2\/posts\/649433\/revisions"}],"wp:featuredmedia":[{"embeddable":true,"href":"https:\/\/www.europesays.com\/fr\/wp-json\/wp\/v2\/media\/649434"}],"wp:attachment":[{"href":"https:\/\/www.europesays.com\/fr\/wp-json\/wp\/v2\/media?parent=649433"}],"wp:term":[{"taxonomy":"category","embeddable":true,"href":"https:\/\/www.europesays.com\/fr\/wp-json\/wp\/v2\/categories?post=649433"},{"taxonomy":"post_tag","embeddable":true,"href":"https:\/\/www.europesays.com\/fr\/wp-json\/wp\/v2\/tags?post=649433"}],"curies":[{"name":"wp","href":"https:\/\/api.w.org\/{rel}","templated":true}]}}