{"id":649437,"date":"2026-01-08T13:20:17","date_gmt":"2026-01-08T13:20:17","guid":{"rendered":"https:\/\/www.europesays.com\/fr\/649437\/"},"modified":"2026-01-08T13:20:17","modified_gmt":"2026-01-08T13:20:17","slug":"lun-des-meilleurs-restaurants-coreens-du-monde-se-trouve-a-paris","status":"publish","type":"post","link":"https:\/\/www.europesays.com\/fr\/649437\/","title":{"rendered":"L\u2019un des meilleurs restaurants cor\u00e9ens du monde se trouve \u00e0 Paris\u00a0!"},"content":{"rendered":"<p>Chaque ann\u00e9e, le <strong>minist\u00e8re cor\u00e9en de l\u2019Agriculture, de l\u2019Alimentation et des Affaires rurales<\/strong>, en partenariat avec <strong>l&rsquo;Institut de promotion de la nourriture cor\u00e9enne<\/strong>, \u00e9tudie les <strong>\u00e9tablissements cor\u00e9ens de la plan\u00e8te<\/strong>, afin d\u2019\u00e9tablir lesquels sont dignes ou non de recevoir le label sacr\u00e9 de <a href=\"https:\/\/www.lebonbon.fr\/paris\/cuisine-du-monde\/restaurant-coreen-paris\/\" target=\"_blank\" rel=\"noopener\"><strong>restaurant cor\u00e9en d\u2019excellence \u00e0 l\u2019\u00e9tranger<\/strong><\/a>. Comme le nom l\u2019indique, le titre r\u00e9compense les adresses qui <strong>incarnent l\u2019excellence de la cuisine cor\u00e9enne \u00e0 l\u2019international<\/strong>. Une adresse parisienne s\u2019est distingu\u00e9e <strong>par sa qualit\u00e9 et son savoir-faire<\/strong>. Pour la d\u00e9couvrir, direction<strong> le 8e <\/strong>!<\/p>\n<p>Des crit\u00e8res \u00e0 la pelle<\/p>\n<p>Voil\u00e0 un petit moment maintenant que <strong>Soon Grill<\/strong> nous fait fr\u00e9tiller les papilles gr\u00e2ce \u00e0 <strong>des <a href=\"https:\/\/www.lebonbon.fr\/paris\/les-tops-food-et-drink\/restaurant-barbecue-coreen-paris\/\" target=\"_blank\" rel=\"noopener\">barbecues cor\u00e9ens<\/a> \u00e0 tomber.<\/strong> Et on est ravis de savoir que notre avis est valid\u00e9 par <strong>les plus hautes instances de la cuisine cor\u00e9enne<\/strong>. Pour d\u00e9crocher cette r\u00e9compense plus qu\u2019honorifique, le restaurant a d\u00fb r\u00e9pondre \u00e0 un certain nombre de crit\u00e8res, comme<strong> la qualit\u00e9 des plats, du service, des ingr\u00e9dients ainsi que des ustensiles<\/strong> utilis\u00e9s.<\/p>\n<blockquote class=\"instagram-media\" data-instgrm-permalink=\"https:\/\/www.instagram.com\/p\/DFfTrr0IdlF\/?utm_source=ig_embed&amp;utm_campaign=loading\" data-instgrm-version=\"14\" style=\"background: #FFF; border: 0; border-radius: 3px; box-shadow: 0 0 1px 0 rgba(0,0,0,0.5),0 1px 10px 0 rgba(0,0,0,0.15); margin: 1px; max-width: 540px; min-width: 326px; padding: 0; width: calc(100% - 2px);\">\n<\/blockquote>\n<p>Dans une <strong>ambiance chaleureuse et tamis\u00e9e,<\/strong> au c\u0153ur de son adresse des <strong><a href=\"https:\/\/www.lebonbon.fr\/paris\/news\/champs-elysees-transformes-jardin-extraordinaire\/\" target=\"_blank\" rel=\"noopener\">Champs-\u00c9lys\u00e9es<\/a>,<\/strong> Soon Grill fait <strong>dialoguer tradition et modernit\u00e9<\/strong>, en jonglant avec les <strong>viandes d\u2019exception<\/strong>, les <strong>assaisonnements<\/strong> et les <strong>accompagnements<\/strong> toujours impeccablement construits par le chef <strong>Sunghak Han<\/strong>. Une cuisine <strong>authentique et cr\u00e9ative<\/strong>, \u00e0 retrouver \u00e9galement dans<strong> leur restaurant du Marais<\/strong>, lui aussi r\u00e9compens\u00e9.<\/p>\n<p>La Cor\u00e9e force dans la capitale<\/p>\n<p>Et si vous n\u2019en avez <strong>jamais assez de kimchi<\/strong>, on a une excellente nouvelle pour vous, <strong>Soon Grill<\/strong> n\u2019est pas la seule adresse de Paris \u00e0 s&rsquo;\u00eatre vu d\u00e9cerner le<strong> label de restaurant cor\u00e9en d\u2019excellence<\/strong>. En effet,<strong> 6 autres spots<\/strong> sont \u00e9galement tenants du titre, et autant vous dire que \u00e7a vous laisse de quoi explorer les<a href=\"https:\/\/www.lebonbon.fr\/paris\/les-tops-food-et-drink\/restos-ouverts-aout-paris-2025\/\" target=\"_blank\" rel=\"noopener\"> meilleures adresses<\/a> cor\u00e9ennes de la capitale pendant un certain temps. Alors si vous voulez profiter d\u2019un repas dans les r\u00e8gles de l\u2019art, direction <strong>SAM CHIC<\/strong> (2e), <strong>Sambuja<\/strong> (9e), <strong>Jongno Samgyetang<\/strong> (13e), <strong>Ma-shi-ta<\/strong> (14e), <strong>Yido<\/strong> (15e) ou <strong>JIUM<\/strong> (15e).<\/p>\n<blockquote class=\"instagram-media\" data-instgrm-permalink=\"https:\/\/www.instagram.com\/p\/DG5UFWxI90E\/?utm_source=ig_embed&amp;utm_campaign=loading\" data-instgrm-version=\"14\" style=\"background: #FFF; border: 0; border-radius: 3px; box-shadow: 0 0 1px 0 rgba(0,0,0,0.5),0 1px 10px 0 rgba(0,0,0,0.15); margin: 1px; max-width: 540px; min-width: 326px; padding: 0; width: calc(100% - 2px);\">\n<\/blockquote>\n<p>Soon<\/p>\n<li class=\"address info\">20, rue Jean Mermoz  \u2013 8e<\/li>\n<li class=\"opening-hours\">Lundi &#8211; dimanche : 12:00 &#8211; 14:30, 19:00 &#8211; 22:30<\/li>\n<p><script async src=\"\/\/www.instagram.com\/embed.js\"><\/script><\/p>\n","protected":false},"excerpt":{"rendered":"Chaque ann\u00e9e, le minist\u00e8re cor\u00e9en de l\u2019Agriculture, de l\u2019Alimentation et des Affaires rurales, en partenariat avec l&rsquo;Institut de&hellip;\n","protected":false},"author":2,"featured_media":649438,"comment_status":"","ping_status":"","sticky":false,"template":"","format":"standard","meta":{"footnotes":""},"categories":[1888],"tags":[1111,1928,11,1927,1777,674,1011,27,12,1926,626,1925,25],"class_list":{"0":"post-649437","1":"post","2":"type-post","3":"status-publish","4":"format-standard","5":"has-post-thumbnail","7":"category-paris","8":"tag-actu","9":"tag-actu-paris","10":"tag-actualites","11":"tag-actualites-paris","12":"tag-eu","13":"tag-europe","14":"tag-fr","15":"tag-france","16":"tag-news","17":"tag-news-paris","18":"tag-paris","19":"tag-paris-news","20":"tag-republique-francaise"},"share_on_mastodon":{"url":"https:\/\/pubeurope.com\/@fr\/115859687475196328","error":""},"_links":{"self":[{"href":"https:\/\/www.europesays.com\/fr\/wp-json\/wp\/v2\/posts\/649437","targetHints":{"allow":["GET"]}}],"collection":[{"href":"https:\/\/www.europesays.com\/fr\/wp-json\/wp\/v2\/posts"}],"about":[{"href":"https:\/\/www.europesays.com\/fr\/wp-json\/wp\/v2\/types\/post"}],"author":[{"embeddable":true,"href":"https:\/\/www.europesays.com\/fr\/wp-json\/wp\/v2\/users\/2"}],"replies":[{"embeddable":true,"href":"https:\/\/www.europesays.com\/fr\/wp-json\/wp\/v2\/comments?post=649437"}],"version-history":[{"count":0,"href":"https:\/\/www.europesays.com\/fr\/wp-json\/wp\/v2\/posts\/649437\/revisions"}],"wp:featuredmedia":[{"embeddable":true,"href":"https:\/\/www.europesays.com\/fr\/wp-json\/wp\/v2\/media\/649438"}],"wp:attachment":[{"href":"https:\/\/www.europesays.com\/fr\/wp-json\/wp\/v2\/media?parent=649437"}],"wp:term":[{"taxonomy":"category","embeddable":true,"href":"https:\/\/www.europesays.com\/fr\/wp-json\/wp\/v2\/categories?post=649437"},{"taxonomy":"post_tag","embeddable":true,"href":"https:\/\/www.europesays.com\/fr\/wp-json\/wp\/v2\/tags?post=649437"}],"curies":[{"name":"wp","href":"https:\/\/api.w.org\/{rel}","templated":true}]}}